{"id":99635,"date":"2020-09-22T09:54:46","date_gmt":"2020-09-22T13:54:46","guid":{"rendered":"https:\/\/linitiative.ca\/International\/la-cnss-tient-son-ca-mercredi-30-septembre\/"},"modified":"2020-09-22T09:54:46","modified_gmt":"2020-09-22T13:54:46","slug":"la-cnss-tient-son-ca-mercredi-30-septembre","status":"publish","type":"post","link":"https:\/\/linitiative.ca\/International\/la-cnss-tient-son-ca-mercredi-30-septembre\/","title":{"rendered":"La CNSS tient son CA mercredi 30 septembre"},"content":{"rendered":"<div class=\"body\">\n<div class=\"field field-name-body field-type-text-with-summary field-label-hidden\">\n<div class=\"field-items\" readability=\"7.5\">\n<div class=\"field-item even\" property=\"content:encoded\" readability=\"10\">\n<p class=\"rtejustify\">C\u2019est en mode distanciel que la CNSS compte r\u00e9unir son conseil d\u2019administration pr\u00e9vu mercredi\u00a0 30 septembre. Quatorze points sont inscrits \u00e0 l\u2019ordre du jour de cette r\u00e9union. C\u2019est le cas des sc\u00e9narios de r\u00e9forme de la retraite et de la proposition d\u2019amendement de l\u2019article 28 de la loi sur la s\u00e9curit\u00e9 sociale.<br \/><em>\u00a0K.M. <\/em><\/p>\n<\/div>\n<\/div>\n<\/div>\n<\/div>\n<div class=\"eco-conseil\">\n<div class=\"view view-eco-conseil-16 view-id-eco_conseil_16 view-display-id-cookies view-dom-id-15869188eb8d634f510576b310598601\">\n<div class=\"view-content\">\n<div id=\"views-bootstrap-grid-1\" class=\"views-bootstrap-grid-plugin-style\">\n<div class=\"row\">\n<div class=\" col-xs-12 col-lg-4\">\n<div class=\"row\">\n<div class=\"col col-xs-12 col-lg-12\">\n<div class=\"field-content\"><a href=\"\/article\/1067499-le-commerce-en-reseau-cree-sa-federation\"><img loading=\"lazy\" decoding=\"async\" class=\"img-responsive\" typeof=\"foaf:Image\" src=\"https:\/\/www.leconomiste.com\/sites\/default\/files\/eco7\/public\/styles\/800x400\/public\/default_images\/default_une.jpg?itok=4jZlgnIZ\" width=\"660\" height=\"330\" alt=\"\"\/><\/a><\/div>\n<\/div>\n<div class=\" title_suite_2 col col-xs-12 col-lg-12\"> <a href=\"\/article\/1067499-le-commerce-en-reseau-cree-sa-federation\"\/><span class=\"field-content\">Le commerce en r\u00e9seau cr\u00e9e sa f\u00e9d\u00e9ration<\/span><\/div>\n<\/div>\n<\/div>\n<div class=\" col-xs-12 col-lg-4\">\n<div class=\"row\">\n<div class=\"col col-xs-12 col-lg-12\">\n<div class=\"field-content\"><a href=\"\/article\/1067498-abderrahim-dbich-nomme-president-du-fgac\"><img loading=\"lazy\" decoding=\"async\" class=\"img-responsive\" typeof=\"foaf:Image\" src=\"https:\/\/www.leconomiste.com\/sites\/default\/files\/eco7\/public\/styles\/800x400\/public\/default_images\/default_une.jpg?itok=4jZlgnIZ\" width=\"660\" height=\"330\" alt=\"\"\/><\/a><\/div>\n<\/div>\n<div class=\" title_suite_2 col col-xs-12 col-lg-12\"> <a href=\"\/article\/1067498-abderrahim-dbich-nomme-president-du-fgac\"\/><span class=\"field-content\">Abderrahim Dbich nomm\u00e9 pr\u00e9sident du FGAC<\/span><\/div>\n<\/div>\n<\/div>\n<div class=\" col-xs-12 col-lg-4\">\n<div class=\"row\">\n<div class=\"col col-xs-12 col-lg-12\">\n<div class=\"field-content\"><a href=\"\/article\/1067497-concentration-economique-les-enseignements-du-cas-cooper-pharma\"><img loading=\"lazy\" decoding=\"async\" class=\"img-responsive\" typeof=\"foaf:Image\" src=\"https:\/\/www.leconomiste.com\/sites\/default\/files\/eco7\/public\/styles\/800x400\/public\/default_images\/default_une.jpg?itok=4jZlgnIZ\" width=\"660\" height=\"330\" alt=\"\"\/><\/a><\/div>\n<\/div>\n<div class=\" title_suite_2 col col-xs-12 col-lg-12\"> <a href=\"\/article\/1067497-concentration-economique-les-enseignements-du-cas-cooper-pharma\"\/><span class=\"field-content\">Concentration \u00e9conomique: Les enseignements du cas Cooper Pharma<\/span><\/div>\n<\/div>\n<\/div>\n<\/div>\n<\/div>\n<\/div>\n<\/div>\n<\/div>\n<p>Auteur: hlafriqi<br \/>\n<a href=\"https:\/\/www.leconomiste.com\/article\/1067495-la-cnss-tient-son-ca-mercredi-30-septembre\">Cliquez ici pour lire l&rsquo;article depuis sa source.<\/a><\/p>\n","protected":false},"excerpt":{"rendered":"<p>C\u2019est en mode distanciel que la CNSS compte r\u00e9unir son conseil d\u2019administration pr\u00e9vu mercredi\u00a0 30 septembre. Quatorze points sont inscrits \u00e0 l\u2019ordre du jour de cette r\u00e9union. C\u2019est le cas des sc\u00e9narios de r\u00e9forme de la retraite et de la proposition d\u2019amendement de l\u2019article 28 de la loi sur la s\u00e9curit\u00e9 sociale.\u00a0K.M. Le commerce en [&hellip;]<\/p>\n","protected":false},"author":1763,"featured_media":0,"comment_status":"closed","ping_status":"closed","sticky":false,"template":"","format":"standard","meta":{"fifu_image_url":"","fifu_image_alt":"","footnotes":""},"categories":[78,54],"tags":[],"class_list":["post-99635","post","type-post","status-publish","format-standard","hentry","category-economie","category-maroc"],"_links":{"self":[{"href":"https:\/\/linitiative.ca\/International\/wp-json\/wp\/v2\/posts\/99635","targetHints":{"allow":["GET"]}}],"collection":[{"href":"https:\/\/linitiative.ca\/International\/wp-json\/wp\/v2\/posts"}],"about":[{"href":"https:\/\/linitiative.ca\/International\/wp-json\/wp\/v2\/types\/post"}],"author":[{"embeddable":true,"href":"https:\/\/linitiative.ca\/International\/wp-json\/wp\/v2\/users\/1763"}],"replies":[{"embeddable":true,"href":"https:\/\/linitiative.ca\/International\/wp-json\/wp\/v2\/comments?post=99635"}],"version-history":[{"count":0,"href":"https:\/\/linitiative.ca\/International\/wp-json\/wp\/v2\/posts\/99635\/revisions"}],"wp:attachment":[{"href":"https:\/\/linitiative.ca\/International\/wp-json\/wp\/v2\/media?parent=99635"}],"wp:term":[{"taxonomy":"category","embeddable":true,"href":"https:\/\/linitiative.ca\/International\/wp-json\/wp\/v2\/categories?post=99635"},{"taxonomy":"post_tag","embeddable":true,"href":"https:\/\/linitiative.ca\/International\/wp-json\/wp\/v2\/tags?post=99635"}],"curies":[{"name":"wp","href":"https:\/\/api.w.org\/{rel}","templated":true}]}}