{"id":99636,"date":"2020-09-22T09:56:01","date_gmt":"2020-09-22T13:56:01","guid":{"rendered":"https:\/\/linitiative.ca\/International\/marches-publics-le-conseil-de-la-concurrence-nest-pas-competent\/"},"modified":"2020-09-22T09:56:01","modified_gmt":"2020-09-22T13:56:01","slug":"marches-publics-le-conseil-de-la-concurrence-nest-pas-competent","status":"publish","type":"post","link":"https:\/\/linitiative.ca\/International\/marches-publics-le-conseil-de-la-concurrence-nest-pas-competent\/","title":{"rendered":"March\u00e9s publics: Le Conseil de la concurrence n\u2019est pas comp\u00e9tent"},"content":{"rendered":"<div class=\"body\">\n<div class=\"field field-name-body field-type-text-with-summary field-label-hidden\">\n<div class=\"field-items\" readability=\"7.5601374570447\">\n<div class=\"field-item even\" property=\"content:encoded\" readability=\"10.395189003436\">\n<p class=\"rtejustify\">Le Conseil de la Concurrence a rejet\u00e9 deux saisines a priori pour incomp\u00e9tence. La premi\u00e8re \u00e9mane de 8 cabinets d\u2019\u00e9tudes topographiques qui contestent deux appels d\u2019offres de l\u2019Agence pour la promotion et le d\u00e9veloppement des provinces du nord et autre de la 1er Chambre du parlement. La seconde saisine jug\u00e9e irrecevable est celle de Khamlich Moujahid Entrepreneur de travaux divers. La soci\u00e9t\u00e9 a contest\u00e9 un appel d\u2019offres\u00a0 de l\u2019Ecole nationale des arts et m\u00e9tiers de Mekn\u00e8s. Le r\u00e9gulateur est souvent saisi pour des march\u00e9s publics (conditions d\u2019acc\u00e8s, passation&#8230;): 24 dossiers irrecevables en 2019. C\u2019est la Commission nationale de la commande publique qui est plut\u00f4t comp\u00e9tente: 260 saisines en 2018-2019<a href=\"https:\/\/leconomiste.com\/archive\/edition\/5703\" target=\"_blank\" rel=\"noopener noreferrer\"><span><strong><em> (Cf. L\u2019Economiste n\u00b05703 du 21 f\u00e9vrier 2020)<\/em><\/strong><\/span><\/a>.\u00a0 A moins qu\u2019il y ait notamment collusion entre entreprises candidates.<br \/><em>\u00a0F.F.<\/em><\/p>\n<\/div>\n<\/div>\n<\/div>\n<\/div>\n<div class=\"eco-conseil\">\n<div class=\"view view-eco-conseil-16 view-id-eco_conseil_16 view-display-id-cookies view-dom-id-d42ffe679a312e8e0d86b74e44974f14\">\n<div class=\"view-content\">\n<div id=\"views-bootstrap-grid-1\" class=\"views-bootstrap-grid-plugin-style\">\n<div class=\"row\">\n<div class=\" col-xs-12 col-lg-4\">\n<div class=\"row\">\n<div class=\"col col-xs-12 col-lg-12\">\n<div class=\"field-content\"><a href=\"\/article\/1067499-le-commerce-en-reseau-cree-sa-federation\"><img loading=\"lazy\" decoding=\"async\" class=\"img-responsive\" typeof=\"foaf:Image\" src=\"https:\/\/www.leconomiste.com\/sites\/default\/files\/eco7\/public\/styles\/800x400\/public\/default_images\/default_une.jpg?itok=4jZlgnIZ\" width=\"660\" height=\"330\" alt=\"\"\/><\/a><\/div>\n<\/div>\n<div class=\" title_suite_2 col col-xs-12 col-lg-12\"> <a href=\"\/article\/1067499-le-commerce-en-reseau-cree-sa-federation\"\/><span class=\"field-content\">Le commerce en r\u00e9seau cr\u00e9e sa f\u00e9d\u00e9ration<\/span><\/div>\n<\/div>\n<\/div>\n<div class=\" col-xs-12 col-lg-4\">\n<div class=\"row\">\n<div class=\"col col-xs-12 col-lg-12\">\n<div class=\"field-content\"><a href=\"\/article\/1067498-abderrahim-dbich-nomme-president-du-fgac\"><img loading=\"lazy\" decoding=\"async\" class=\"img-responsive\" typeof=\"foaf:Image\" src=\"https:\/\/www.leconomiste.com\/sites\/default\/files\/eco7\/public\/styles\/800x400\/public\/default_images\/default_une.jpg?itok=4jZlgnIZ\" width=\"660\" height=\"330\" alt=\"\"\/><\/a><\/div>\n<\/div>\n<div class=\" title_suite_2 col col-xs-12 col-lg-12\"> <a href=\"\/article\/1067498-abderrahim-dbich-nomme-president-du-fgac\"\/><span class=\"field-content\">Abderrahim Dbich nomm\u00e9 pr\u00e9sident du FGAC<\/span><\/div>\n<\/div>\n<\/div>\n<div class=\" col-xs-12 col-lg-4\">\n<div class=\"row\">\n<div class=\"col col-xs-12 col-lg-12\">\n<div class=\"field-content\"><a href=\"\/article\/1067497-concentration-economique-les-enseignements-du-cas-cooper-pharma\"><img loading=\"lazy\" decoding=\"async\" class=\"img-responsive\" typeof=\"foaf:Image\" src=\"https:\/\/www.leconomiste.com\/sites\/default\/files\/eco7\/public\/styles\/800x400\/public\/default_images\/default_une.jpg?itok=4jZlgnIZ\" width=\"660\" height=\"330\" alt=\"\"\/><\/a><\/div>\n<\/div>\n<div class=\" title_suite_2 col col-xs-12 col-lg-12\"> <a href=\"\/article\/1067497-concentration-economique-les-enseignements-du-cas-cooper-pharma\"\/><span class=\"field-content\">Concentration \u00e9conomique: Les enseignements du cas Cooper Pharma<\/span><\/div>\n<\/div>\n<\/div>\n<\/div>\n<\/div>\n<\/div>\n<\/div>\n<\/div>\n<p>Auteur: hlafriqi<br \/>\n<a href=\"https:\/\/www.leconomiste.com\/article\/1067496-marches-publics-le-conseil-de-la-concurrence-n-est-pas-competent\">Cliquez ici pour lire l&rsquo;article depuis sa source.<\/a><\/p>\n","protected":false},"excerpt":{"rendered":"<p>Le Conseil de la Concurrence a rejet\u00e9 deux saisines a priori pour incomp\u00e9tence. La premi\u00e8re \u00e9mane de 8 cabinets d\u2019\u00e9tudes topographiques qui contestent deux appels d\u2019offres de l\u2019Agence pour la promotion et le d\u00e9veloppement des provinces du nord et autre de la 1er Chambre du parlement. La seconde saisine jug\u00e9e irrecevable est celle de Khamlich [&hellip;]<\/p>\n","protected":false},"author":1763,"featured_media":0,"comment_status":"closed","ping_status":"closed","sticky":false,"template":"","format":"standard","meta":{"fifu_image_url":"","fifu_image_alt":"","footnotes":""},"categories":[78,54],"tags":[],"class_list":["post-99636","post","type-post","status-publish","format-standard","hentry","category-economie","category-maroc"],"_links":{"self":[{"href":"https:\/\/linitiative.ca\/International\/wp-json\/wp\/v2\/posts\/99636","targetHints":{"allow":["GET"]}}],"collection":[{"href":"https:\/\/linitiative.ca\/International\/wp-json\/wp\/v2\/posts"}],"about":[{"href":"https:\/\/linitiative.ca\/International\/wp-json\/wp\/v2\/types\/post"}],"author":[{"embeddable":true,"href":"https:\/\/linitiative.ca\/International\/wp-json\/wp\/v2\/users\/1763"}],"replies":[{"embeddable":true,"href":"https:\/\/linitiative.ca\/International\/wp-json\/wp\/v2\/comments?post=99636"}],"version-history":[{"count":0,"href":"https:\/\/linitiative.ca\/International\/wp-json\/wp\/v2\/posts\/99636\/revisions"}],"wp:attachment":[{"href":"https:\/\/linitiative.ca\/International\/wp-json\/wp\/v2\/media?parent=99636"}],"wp:term":[{"taxonomy":"category","embeddable":true,"href":"https:\/\/linitiative.ca\/International\/wp-json\/wp\/v2\/categories?post=99636"},{"taxonomy":"post_tag","embeddable":true,"href":"https:\/\/linitiative.ca\/International\/wp-json\/wp\/v2\/tags?post=99636"}],"curies":[{"name":"wp","href":"https:\/\/api.w.org\/{rel}","templated":true}]}}