{"id":99637,"date":"2020-09-22T09:57:35","date_gmt":"2020-09-22T13:57:35","guid":{"rendered":"https:\/\/linitiative.ca\/International\/concentration-economique-les-enseignements-du-cas-cooper-pharma\/"},"modified":"2020-09-22T09:57:35","modified_gmt":"2020-09-22T13:57:35","slug":"concentration-economique-les-enseignements-du-cas-cooper-pharma","status":"publish","type":"post","link":"https:\/\/linitiative.ca\/International\/concentration-economique-les-enseignements-du-cas-cooper-pharma\/","title":{"rendered":"Concentration \u00e9conomique: Les enseignements du cas Cooper Pharma"},"content":{"rendered":"<div class=\"body\">\n<div class=\"field field-name-body field-type-text-with-summary field-label-hidden\">\n<div class=\"field-items\" readability=\"8\">\n<div class=\"field-item even\" property=\"content:encoded\" readability=\"11\">\n<p class=\"rtejustify\">Cooper Pharma R\u00e9partition S.A n\u2019est pas tenue de notifier une op\u00e9ration de concentration \u00e9conomique. Telle est la d\u00e9cision rendue fin ao\u00fbt 2020 par le Conseil de la concurrence. L\u2019op\u00e9ration porte sur le contr\u00f4le exclusif de 8\u00a0 filiales de la compagnie pharmaceutique. Le r\u00e9gulateur a estim\u00e9 qu\u2019elle n\u2019est pas une concentration \u00e9conomique au sens de l\u2019article 11 de la loi sur la libert\u00e9 des prix et de la concurrence.\u00a0 Ainsi, 9 op\u00e9rations de ce genre ont \u00e9t\u00e9 d\u00e9clar\u00e9es \u00abnon-notifiables\u00bb en 2019. Les op\u00e9rateurs concern\u00e9s n\u2019\u00e9taient pas oblig\u00e9s de saisir l\u2019autorit\u00e9 de la concurrence et de payer ainsi des frais de prestation. D\u2019o\u00f9 l\u2019int\u00e9r\u00eat d\u2019\u00eatre conseill\u00e9 par des sp\u00e9cialistes pour \u00e9viter les d\u00e9marches inutiles et gagner du temps.<br \/><em>F.F.\u00a0 <\/em><\/p>\n<\/div>\n<\/div>\n<\/div>\n<\/div>\n<div class=\"eco-conseil\">\n<div class=\"view view-eco-conseil-16 view-id-eco_conseil_16 view-display-id-cookies view-dom-id-adb649979670f99c61bb0c603a7fe8d4\">\n<div class=\"view-content\">\n<div id=\"views-bootstrap-grid-1\" class=\"views-bootstrap-grid-plugin-style\">\n<div class=\"row\">\n<div class=\" col-xs-12 col-lg-4\">\n<div class=\"row\">\n<div class=\"col col-xs-12 col-lg-12\">\n<div class=\"field-content\"><a href=\"\/article\/1067499-le-commerce-en-reseau-cree-sa-federation\"><img loading=\"lazy\" decoding=\"async\" class=\"img-responsive\" typeof=\"foaf:Image\" src=\"https:\/\/www.leconomiste.com\/sites\/default\/files\/eco7\/public\/styles\/800x400\/public\/default_images\/default_une.jpg?itok=4jZlgnIZ\" width=\"660\" height=\"330\" alt=\"\"\/><\/a><\/div>\n<\/div>\n<div class=\" title_suite_2 col col-xs-12 col-lg-12\"> <a href=\"\/article\/1067499-le-commerce-en-reseau-cree-sa-federation\"\/><span class=\"field-content\">Le commerce en r\u00e9seau cr\u00e9e sa f\u00e9d\u00e9ration<\/span><\/div>\n<\/div>\n<\/div>\n<div class=\" col-xs-12 col-lg-4\">\n<div class=\"row\">\n<div class=\"col col-xs-12 col-lg-12\">\n<div class=\"field-content\"><a href=\"\/article\/1067498-abderrahim-dbich-nomme-president-du-fgac\"><img loading=\"lazy\" decoding=\"async\" class=\"img-responsive\" typeof=\"foaf:Image\" src=\"https:\/\/www.leconomiste.com\/sites\/default\/files\/eco7\/public\/styles\/800x400\/public\/default_images\/default_une.jpg?itok=4jZlgnIZ\" width=\"660\" height=\"330\" alt=\"\"\/><\/a><\/div>\n<\/div>\n<div class=\" title_suite_2 col col-xs-12 col-lg-12\"> <a href=\"\/article\/1067498-abderrahim-dbich-nomme-president-du-fgac\"\/><span class=\"field-content\">Abderrahim Dbich nomm\u00e9 pr\u00e9sident du FGAC<\/span><\/div>\n<\/div>\n<\/div>\n<div class=\" col-xs-12 col-lg-4\">\n<div class=\"row\">\n<div class=\"col col-xs-12 col-lg-12\">\n<div class=\"field-content\"><a href=\"\/article\/1067496-marches-publics-le-conseil-de-la-concurrence-n-est-pas-competent\"><img loading=\"lazy\" decoding=\"async\" class=\"img-responsive\" typeof=\"foaf:Image\" src=\"https:\/\/www.leconomiste.com\/sites\/default\/files\/eco7\/public\/styles\/800x400\/public\/default_images\/default_une.jpg?itok=4jZlgnIZ\" width=\"660\" height=\"330\" alt=\"\"\/><\/a><\/div>\n<\/div>\n<div class=\" title_suite_2 col col-xs-12 col-lg-12\"> <a href=\"\/article\/1067496-marches-publics-le-conseil-de-la-concurrence-n-est-pas-competent\"\/><span class=\"field-content\">March\u00e9s publics: Le Conseil de la concurrence n\u2019est pas comp\u00e9tent<\/span><\/div>\n<\/div>\n<\/div>\n<\/div>\n<\/div>\n<\/div>\n<\/div>\n<\/div>\n<p>Auteur: hlafriqi<br \/>\n<a href=\"https:\/\/www.leconomiste.com\/article\/1067497-concentration-economique-les-enseignements-du-cas-cooper-pharma\">Cliquez ici pour lire l&rsquo;article depuis sa source.<\/a><\/p>\n","protected":false},"excerpt":{"rendered":"<p>Cooper Pharma R\u00e9partition S.A n\u2019est pas tenue de notifier une op\u00e9ration de concentration \u00e9conomique. Telle est la d\u00e9cision rendue fin ao\u00fbt 2020 par le Conseil de la concurrence. L\u2019op\u00e9ration porte sur le contr\u00f4le exclusif de 8\u00a0 filiales de la compagnie pharmaceutique. Le r\u00e9gulateur a estim\u00e9 qu\u2019elle n\u2019est pas une concentration \u00e9conomique au sens de l\u2019article [&hellip;]<\/p>\n","protected":false},"author":1763,"featured_media":0,"comment_status":"closed","ping_status":"closed","sticky":false,"template":"","format":"standard","meta":{"fifu_image_url":"","fifu_image_alt":"","footnotes":""},"categories":[78,54],"tags":[],"class_list":["post-99637","post","type-post","status-publish","format-standard","hentry","category-economie","category-maroc"],"_links":{"self":[{"href":"https:\/\/linitiative.ca\/International\/wp-json\/wp\/v2\/posts\/99637","targetHints":{"allow":["GET"]}}],"collection":[{"href":"https:\/\/linitiative.ca\/International\/wp-json\/wp\/v2\/posts"}],"about":[{"href":"https:\/\/linitiative.ca\/International\/wp-json\/wp\/v2\/types\/post"}],"author":[{"embeddable":true,"href":"https:\/\/linitiative.ca\/International\/wp-json\/wp\/v2\/users\/1763"}],"replies":[{"embeddable":true,"href":"https:\/\/linitiative.ca\/International\/wp-json\/wp\/v2\/comments?post=99637"}],"version-history":[{"count":0,"href":"https:\/\/linitiative.ca\/International\/wp-json\/wp\/v2\/posts\/99637\/revisions"}],"wp:attachment":[{"href":"https:\/\/linitiative.ca\/International\/wp-json\/wp\/v2\/media?parent=99637"}],"wp:term":[{"taxonomy":"category","embeddable":true,"href":"https:\/\/linitiative.ca\/International\/wp-json\/wp\/v2\/categories?post=99637"},{"taxonomy":"post_tag","embeddable":true,"href":"https:\/\/linitiative.ca\/International\/wp-json\/wp\/v2\/tags?post=99637"}],"curies":[{"name":"wp","href":"https:\/\/api.w.org\/{rel}","templated":true}]}}