{"id":99638,"date":"2020-09-22T09:58:24","date_gmt":"2020-09-22T13:58:24","guid":{"rendered":"https:\/\/linitiative.ca\/International\/abderrahim-dbich-nomme-president-du-fgac\/"},"modified":"2020-09-22T09:58:24","modified_gmt":"2020-09-22T13:58:24","slug":"abderrahim-dbich-nomme-president-du-fgac","status":"publish","type":"post","link":"https:\/\/linitiative.ca\/International\/abderrahim-dbich-nomme-president-du-fgac\/","title":{"rendered":"Abderrahim Dbich nomm\u00e9 pr\u00e9sident du FGAC"},"content":{"rendered":"<div class=\"body\">\n<div class=\"field field-name-body field-type-text-with-summary field-label-hidden\">\n<div class=\"field-items\" readability=\"9\">\n<div class=\"field-item even\" property=\"content:encoded\" readability=\"13\">\n<p class=\"rtejustify\">Nouveau pr\u00e9sident du Fonds de Garantie des Accidents de la Circulation. Il s\u2019agit de Abderrahim Dbich, l\u2019actuel directeur g\u00e9n\u00e9ral d\u00e9l\u00e9gu\u00e9 d\u2019Axa Assurance Maroc qui a \u00e9t\u00e9 nomm\u00e9 pour un mandat de 3 ans. Il succ\u00e8de \u00e0 Abdelillah Laamarti. Achraf Fattouhi, DG adjoint d\u2019Atlanta, sera son vice-pr\u00e9sident.<br \/><em>M.A.B.<\/em><\/p>\n<\/div>\n<\/div>\n<\/div>\n<\/div>\n<div class=\"eco-conseil\">\n<div class=\"view view-eco-conseil-16 view-id-eco_conseil_16 view-display-id-cookies view-dom-id-b2b03f0f4c9ea7fd51077491373fdd99\">\n<div class=\"view-content\">\n<div id=\"views-bootstrap-grid-1\" class=\"views-bootstrap-grid-plugin-style\">\n<div class=\"row\">\n<div class=\" col-xs-12 col-lg-4\">\n<div class=\"row\">\n<div class=\"col col-xs-12 col-lg-12\">\n<div class=\"field-content\"><a href=\"\/article\/1067499-le-commerce-en-reseau-cree-sa-federation\"><img loading=\"lazy\" decoding=\"async\" class=\"img-responsive\" typeof=\"foaf:Image\" src=\"https:\/\/www.leconomiste.com\/sites\/default\/files\/eco7\/public\/styles\/800x400\/public\/default_images\/default_une.jpg?itok=4jZlgnIZ\" width=\"660\" height=\"330\" alt=\"\"\/><\/a><\/div>\n<\/div>\n<div class=\" title_suite_2 col col-xs-12 col-lg-12\"> <a href=\"\/article\/1067499-le-commerce-en-reseau-cree-sa-federation\"\/><span class=\"field-content\">Le commerce en r\u00e9seau cr\u00e9e sa f\u00e9d\u00e9ration<\/span><\/div>\n<\/div>\n<\/div>\n<div class=\" col-xs-12 col-lg-4\">\n<div class=\"row\">\n<div class=\"col col-xs-12 col-lg-12\">\n<div class=\"field-content\"><a href=\"\/article\/1067497-concentration-economique-les-enseignements-du-cas-cooper-pharma\"><img loading=\"lazy\" decoding=\"async\" class=\"img-responsive\" typeof=\"foaf:Image\" src=\"https:\/\/www.leconomiste.com\/sites\/default\/files\/eco7\/public\/styles\/800x400\/public\/default_images\/default_une.jpg?itok=4jZlgnIZ\" width=\"660\" height=\"330\" alt=\"\"\/><\/a><\/div>\n<\/div>\n<div class=\" title_suite_2 col col-xs-12 col-lg-12\"> <a href=\"\/article\/1067497-concentration-economique-les-enseignements-du-cas-cooper-pharma\"\/><span class=\"field-content\">Concentration \u00e9conomique: Les enseignements du cas Cooper Pharma<\/span><\/div>\n<\/div>\n<\/div>\n<div class=\" col-xs-12 col-lg-4\">\n<div class=\"row\">\n<div class=\"col col-xs-12 col-lg-12\">\n<div class=\"field-content\"><a href=\"\/article\/1067496-marches-publics-le-conseil-de-la-concurrence-n-est-pas-competent\"><img loading=\"lazy\" decoding=\"async\" class=\"img-responsive\" typeof=\"foaf:Image\" src=\"https:\/\/www.leconomiste.com\/sites\/default\/files\/eco7\/public\/styles\/800x400\/public\/default_images\/default_une.jpg?itok=4jZlgnIZ\" width=\"660\" height=\"330\" alt=\"\"\/><\/a><\/div>\n<\/div>\n<div class=\" title_suite_2 col col-xs-12 col-lg-12\"> <a href=\"\/article\/1067496-marches-publics-le-conseil-de-la-concurrence-n-est-pas-competent\"\/><span class=\"field-content\">March\u00e9s publics: Le Conseil de la concurrence n\u2019est pas comp\u00e9tent<\/span><\/div>\n<\/div>\n<\/div>\n<\/div>\n<\/div>\n<\/div>\n<\/div>\n<\/div>\n<p>Auteur: hlafriqi<br \/>\n<a href=\"https:\/\/www.leconomiste.com\/article\/1067498-abderrahim-dbich-nomme-president-du-fgac\">Cliquez ici pour lire l&rsquo;article depuis sa source.<\/a><\/p>\n","protected":false},"excerpt":{"rendered":"<p>Nouveau pr\u00e9sident du Fonds de Garantie des Accidents de la Circulation. Il s\u2019agit de Abderrahim Dbich, l\u2019actuel directeur g\u00e9n\u00e9ral d\u00e9l\u00e9gu\u00e9 d\u2019Axa Assurance Maroc qui a \u00e9t\u00e9 nomm\u00e9 pour un mandat de 3 ans. Il succ\u00e8de \u00e0 Abdelillah Laamarti. Achraf Fattouhi, DG adjoint d\u2019Atlanta, sera son vice-pr\u00e9sident.M.A.B. Le commerce en r\u00e9seau cr\u00e9e sa f\u00e9d\u00e9ration Concentration \u00e9conomique: [&hellip;]<\/p>\n","protected":false},"author":1763,"featured_media":0,"comment_status":"closed","ping_status":"closed","sticky":false,"template":"","format":"standard","meta":{"fifu_image_url":"","fifu_image_alt":"","footnotes":""},"categories":[78,54],"tags":[],"class_list":["post-99638","post","type-post","status-publish","format-standard","hentry","category-economie","category-maroc"],"_links":{"self":[{"href":"https:\/\/linitiative.ca\/International\/wp-json\/wp\/v2\/posts\/99638","targetHints":{"allow":["GET"]}}],"collection":[{"href":"https:\/\/linitiative.ca\/International\/wp-json\/wp\/v2\/posts"}],"about":[{"href":"https:\/\/linitiative.ca\/International\/wp-json\/wp\/v2\/types\/post"}],"author":[{"embeddable":true,"href":"https:\/\/linitiative.ca\/International\/wp-json\/wp\/v2\/users\/1763"}],"replies":[{"embeddable":true,"href":"https:\/\/linitiative.ca\/International\/wp-json\/wp\/v2\/comments?post=99638"}],"version-history":[{"count":0,"href":"https:\/\/linitiative.ca\/International\/wp-json\/wp\/v2\/posts\/99638\/revisions"}],"wp:attachment":[{"href":"https:\/\/linitiative.ca\/International\/wp-json\/wp\/v2\/media?parent=99638"}],"wp:term":[{"taxonomy":"category","embeddable":true,"href":"https:\/\/linitiative.ca\/International\/wp-json\/wp\/v2\/categories?post=99638"},{"taxonomy":"post_tag","embeddable":true,"href":"https:\/\/linitiative.ca\/International\/wp-json\/wp\/v2\/tags?post=99638"}],"curies":[{"name":"wp","href":"https:\/\/api.w.org\/{rel}","templated":true}]}}