{"id":99639,"date":"2020-09-22T09:59:51","date_gmt":"2020-09-22T13:59:51","guid":{"rendered":"https:\/\/linitiative.ca\/International\/le-commerce-en-reseau-cree-sa-federation\/"},"modified":"2020-09-22T09:59:51","modified_gmt":"2020-09-22T13:59:51","slug":"le-commerce-en-reseau-cree-sa-federation","status":"publish","type":"post","link":"https:\/\/linitiative.ca\/International\/le-commerce-en-reseau-cree-sa-federation\/","title":{"rendered":"Le commerce en r\u00e9seau cr\u00e9e sa f\u00e9d\u00e9ration"},"content":{"rendered":"<div class=\"body\">\n<div class=\"field field-name-body field-type-text-with-summary field-label-hidden\">\n<div class=\"field-items\" readability=\"9.5\">\n<div class=\"field-item even\" property=\"content:encoded\" readability=\"14\">\n<p class=\"rtejustify\">Une nouvelle f\u00e9d\u00e9ration voit le jour et adh\u00e8re \u00e0 la CGEM. Elle regroupe un grand nombre d\u2019enseignes. D\u00e9nomm\u00e9e F\u00e9d\u00e9ration Marocaine du Commerce en R\u00e9seau (FMCR), cette organisation entend f\u00e9d\u00e9rer le secteur et contribuer \u00e0 sa restructuration.<br \/>\u00a0\u00abNotre secteur compte pr\u00e8s de 500 enseignes structur\u00e9es \u00e0 travers 2000 points de vente g\u00e9n\u00e9rant plus de 60 milliards de DH de chiffre d\u2019affaires par an\u00bb, a indiqu\u00e9 le pr\u00e9sident de la FMCR, Hicham Laraqui Housseini. Parmi les objectifs de la FMCR: r\u00e9unir l\u2019\u00e9cosyst\u00e8me des commerces en r\u00e9seaux et \u00eatre un interlocuteur cr\u00e9dible aupr\u00e8s des partenaires institutionnels, financiers&#8230;<br \/><em>E.M.G. <\/em><\/p>\n<\/div>\n<\/div>\n<\/div>\n<\/div>\n<div class=\"eco-conseil\">\n<div class=\"view view-eco-conseil-16 view-id-eco_conseil_16 view-display-id-cookies view-dom-id-0ae7a9a938080073c4284e402a704190\">\n<div class=\"view-content\">\n<div id=\"views-bootstrap-grid-1\" class=\"views-bootstrap-grid-plugin-style\">\n<div class=\"row\">\n<div class=\" col-xs-12 col-lg-4\">\n<div class=\"row\">\n<div class=\"col col-xs-12 col-lg-12\">\n<div class=\"field-content\"><a href=\"\/article\/1067498-abderrahim-dbich-nomme-president-du-fgac\"><img loading=\"lazy\" decoding=\"async\" class=\"img-responsive\" typeof=\"foaf:Image\" src=\"https:\/\/www.leconomiste.com\/sites\/default\/files\/eco7\/public\/styles\/800x400\/public\/default_images\/default_une.jpg?itok=4jZlgnIZ\" width=\"660\" height=\"330\" alt=\"\"\/><\/a><\/div>\n<\/div>\n<div class=\" title_suite_2 col col-xs-12 col-lg-12\"> <a href=\"\/article\/1067498-abderrahim-dbich-nomme-president-du-fgac\"\/><span class=\"field-content\">Abderrahim Dbich nomm\u00e9 pr\u00e9sident du FGAC<\/span><\/div>\n<\/div>\n<\/div>\n<div class=\" col-xs-12 col-lg-4\">\n<div class=\"row\">\n<div class=\"col col-xs-12 col-lg-12\">\n<div class=\"field-content\"><a href=\"\/article\/1067497-concentration-economique-les-enseignements-du-cas-cooper-pharma\"><img loading=\"lazy\" decoding=\"async\" class=\"img-responsive\" typeof=\"foaf:Image\" src=\"https:\/\/www.leconomiste.com\/sites\/default\/files\/eco7\/public\/styles\/800x400\/public\/default_images\/default_une.jpg?itok=4jZlgnIZ\" width=\"660\" height=\"330\" alt=\"\"\/><\/a><\/div>\n<\/div>\n<div class=\" title_suite_2 col col-xs-12 col-lg-12\"> <a href=\"\/article\/1067497-concentration-economique-les-enseignements-du-cas-cooper-pharma\"\/><span class=\"field-content\">Concentration \u00e9conomique: Les enseignements du cas Cooper Pharma<\/span><\/div>\n<\/div>\n<\/div>\n<div class=\" col-xs-12 col-lg-4\">\n<div class=\"row\">\n<div class=\"col col-xs-12 col-lg-12\">\n<div class=\"field-content\"><a href=\"\/article\/1067496-marches-publics-le-conseil-de-la-concurrence-n-est-pas-competent\"><img loading=\"lazy\" decoding=\"async\" class=\"img-responsive\" typeof=\"foaf:Image\" src=\"https:\/\/www.leconomiste.com\/sites\/default\/files\/eco7\/public\/styles\/800x400\/public\/default_images\/default_une.jpg?itok=4jZlgnIZ\" width=\"660\" height=\"330\" alt=\"\"\/><\/a><\/div>\n<\/div>\n<div class=\" title_suite_2 col col-xs-12 col-lg-12\"> <a href=\"\/article\/1067496-marches-publics-le-conseil-de-la-concurrence-n-est-pas-competent\"\/><span class=\"field-content\">March\u00e9s publics: Le Conseil de la concurrence n\u2019est pas comp\u00e9tent<\/span><\/div>\n<\/div>\n<\/div>\n<\/div>\n<\/div>\n<\/div>\n<\/div>\n<\/div>\n<p>Auteur: hlafriqi<br \/>\n<a href=\"https:\/\/www.leconomiste.com\/article\/1067499-le-commerce-en-reseau-cree-sa-federation\">Cliquez ici pour lire l&rsquo;article depuis sa source.<\/a><\/p>\n","protected":false},"excerpt":{"rendered":"<p>Une nouvelle f\u00e9d\u00e9ration voit le jour et adh\u00e8re \u00e0 la CGEM. Elle regroupe un grand nombre d\u2019enseignes. D\u00e9nomm\u00e9e F\u00e9d\u00e9ration Marocaine du Commerce en R\u00e9seau (FMCR), cette organisation entend f\u00e9d\u00e9rer le secteur et contribuer \u00e0 sa restructuration.\u00a0\u00abNotre secteur compte pr\u00e8s de 500 enseignes structur\u00e9es \u00e0 travers 2000 points de vente g\u00e9n\u00e9rant plus de 60 milliards de [&hellip;]<\/p>\n","protected":false},"author":1763,"featured_media":0,"comment_status":"closed","ping_status":"closed","sticky":false,"template":"","format":"standard","meta":{"fifu_image_url":"","fifu_image_alt":"","footnotes":""},"categories":[78,54],"tags":[],"class_list":["post-99639","post","type-post","status-publish","format-standard","hentry","category-economie","category-maroc"],"_links":{"self":[{"href":"https:\/\/linitiative.ca\/International\/wp-json\/wp\/v2\/posts\/99639","targetHints":{"allow":["GET"]}}],"collection":[{"href":"https:\/\/linitiative.ca\/International\/wp-json\/wp\/v2\/posts"}],"about":[{"href":"https:\/\/linitiative.ca\/International\/wp-json\/wp\/v2\/types\/post"}],"author":[{"embeddable":true,"href":"https:\/\/linitiative.ca\/International\/wp-json\/wp\/v2\/users\/1763"}],"replies":[{"embeddable":true,"href":"https:\/\/linitiative.ca\/International\/wp-json\/wp\/v2\/comments?post=99639"}],"version-history":[{"count":0,"href":"https:\/\/linitiative.ca\/International\/wp-json\/wp\/v2\/posts\/99639\/revisions"}],"wp:attachment":[{"href":"https:\/\/linitiative.ca\/International\/wp-json\/wp\/v2\/media?parent=99639"}],"wp:term":[{"taxonomy":"category","embeddable":true,"href":"https:\/\/linitiative.ca\/International\/wp-json\/wp\/v2\/categories?post=99639"},{"taxonomy":"post_tag","embeddable":true,"href":"https:\/\/linitiative.ca\/International\/wp-json\/wp\/v2\/tags?post=99639"}],"curies":[{"name":"wp","href":"https:\/\/api.w.org\/{rel}","templated":true}]}}