{"id":99641,"date":"2020-09-22T11:30:00","date_gmt":"2020-09-22T15:30:00","guid":{"rendered":"https:\/\/linitiative.ca\/International\/departs-a-la-pelle-et-flou-inquietant\/"},"modified":"2020-09-22T11:30:00","modified_gmt":"2020-09-22T15:30:00","slug":"departs-a-la-pelle-et-flou-inquietant","status":"publish","type":"post","link":"https:\/\/linitiative.ca\/International\/departs-a-la-pelle-et-flou-inquietant\/","title":{"rendered":"D\u00e9parts \u00e0 la pelle et flou inqui\u00e9tant\u00a0!"},"content":{"rendered":"<p class=\"p1 c3\"><span class=\"c2\">A peine le rideau tomb\u00e9 sur la saison et le maintien en Ligue 1 assur\u00e9, que les joueurs du CAB commencent \u00e0 plier bagages. Pas moins de 5 \u00e0 6 joueurs sont sur le d\u00e9part apr\u00e8s ceux de Chamseddine Samti et Helmi Darragi depuis d\u00e9j\u00e0 quelques semaines.<span class=\"Apple-converted-space\">\u00a0<\/span><\/span><\/p>\n<p class=\"p1 c3\"><span class=\"c2\">Ainsi, la semaine \u00e9coul\u00e9e a enregistr\u00e9 le d\u00e9part de<span class=\"Apple-converted-space\">\u00a0<\/span> Zied Ounelli vers l\u2019\u00e9quipe saoudienne de Kabkeb. Il a \u00e9t\u00e9 rejoint de tr\u00e8s pr\u00e8s par le s\u00e9n\u00e9galais Youssoufo<span class=\"Apple-converted-space\">\u00a0<\/span> Mb\u00e9gu\u00e9 parti lui aussi en Arabie Saoudite o\u00f9 il vient de signer un contrat avec la m\u00eame \u00e9quipe entra\u00een\u00e9e par Kamel Zaiem, son contrat ayant pris fin le 30 juin prochain.<\/span><\/p>\n<p class=\"p1 c3\"><span class=\"c2\">Wissem Bousnina en fin de contrat a lui aussi claqu\u00e9, lui aussi , la porte tout comme l\u2019Ag\u00e9rien Jamel Chattel, alors que Habib Yaken s\u2019appr\u00eate \u00e0 s\u2019engager au le CSS. D\u2019autres joueurs sont \u00e9galement sur le d\u00e9part tel que le gardien Ali Ayari, le d\u00e9fenseur Chiheb Ben Frej, l\u2019attaquant Othman Sa\u00efdi qui a rat\u00e9 compl\u00e9tement son passage au CAB et Marouene Sahraoui annonc\u00e9 au CA.<\/span><\/p>\n<p class=\"p2 c4\"><span class=\"c2\"><strong>Difficult\u00e9s financi\u00e8res<\/strong><\/span><\/p>\n<p class=\"p1 c3\"><span class=\"c2\">Si la situation sportive du CAB n\u2019est pas au mieux, la situation financi\u00e8re est catastrophique. Des dettes de partout, des litiges aupr\u00e8s de la FIFA, une interdiction de recrutements jusqu\u2019au payement d\u2019un montant de pr\u00e8s de 750 mille dinars au profit du joueur irakien Messaoud Anzi, venu \u00e0 Bizerte sans avoir disput\u00e9 la moindre minute sous les couleurs du club. Les joueurs quant \u00e0 eux sont impay\u00e9s depuis pr\u00e8s de 9 mois et certains attendent le payement de leurs primes des deux derni\u00e8res saisons.<\/span><\/p>\n<p class=\"p2 c4\"><span class=\"c2\"><strong>Quelles perspectives?<\/strong><\/span><\/p>\n<p class=\"p1 c3\"><span class=\"c2\">Une fois le maintien assur\u00e9, les supporters cabistes se demandent quel sera l\u2019avenir de leur club. Pour le moment, c\u2019est le flou total en l\u2019absence du pr\u00e9sident du club Abdesselam Sa\u00efdani en fuite en France pour une histoire de ch\u00e8ques sans provision et qui vient d\u2019annoncer son retrait d\u00e9finitivement de la pr\u00e9sidence du club et d\u2019un comit\u00e9 rejet\u00e9 par toute la famille sportive bizertine. Ainsi, c\u2019est pratiquement le vide total pour le moment et \u00e0 quelques semaines de l\u2019ouverture de la nouvelle saison, Ka\u00efs Yacoubi n\u2019est pas certain de poursuivre sa mission avec un effectif tr\u00e8s r\u00e9duit qui ne r\u00e9pond pas aux besoins de l\u2019\u00e9quipe pour d\u00e9fendre ses chances parmi l\u2019\u00e9lite.<\/span><\/p>\n<p class=\"p3 c5\">\u00a0<\/p>\n<p class=\"p4 c6\"><span class=\"c2\"><strong>Hichem<\/strong><\/span><\/p>\n<p>Auteur: letemps1<br \/>\n<a href=\"http:\/\/www.letemps.com.tn\/article\/117187\/d%C3%A9parts-%C3%A0-la-pelle-et-flou-inqui%C3%A9tant%C2%A0\">Cliquez ici pour lire l&rsquo;article depuis sa source.<\/a><\/p>\n","protected":false},"excerpt":{"rendered":"<p>A peine le rideau tomb\u00e9 sur la saison et le maintien en Ligue 1 assur\u00e9, que les joueurs du CAB commencent \u00e0 plier bagages. Pas moins de 5 \u00e0 6 joueurs sont sur le d\u00e9part apr\u00e8s ceux de Chamseddine Samti et Helmi Darragi depuis d\u00e9j\u00e0 quelques semaines.\u00a0 Ainsi, la semaine \u00e9coul\u00e9e a enregistr\u00e9 le d\u00e9part [&hellip;]<\/p>\n","protected":false},"author":1773,"featured_media":0,"comment_status":"closed","ping_status":"closed","sticky":false,"template":"","format":"standard","meta":{"fifu_image_url":"","fifu_image_alt":"","footnotes":""},"categories":[73,55],"tags":[],"class_list":["post-99641","post","type-post","status-publish","format-standard","hentry","category-actualite","category-tunisie"],"_links":{"self":[{"href":"https:\/\/linitiative.ca\/International\/wp-json\/wp\/v2\/posts\/99641","targetHints":{"allow":["GET"]}}],"collection":[{"href":"https:\/\/linitiative.ca\/International\/wp-json\/wp\/v2\/posts"}],"about":[{"href":"https:\/\/linitiative.ca\/International\/wp-json\/wp\/v2\/types\/post"}],"author":[{"embeddable":true,"href":"https:\/\/linitiative.ca\/International\/wp-json\/wp\/v2\/users\/1773"}],"replies":[{"embeddable":true,"href":"https:\/\/linitiative.ca\/International\/wp-json\/wp\/v2\/comments?post=99641"}],"version-history":[{"count":0,"href":"https:\/\/linitiative.ca\/International\/wp-json\/wp\/v2\/posts\/99641\/revisions"}],"wp:attachment":[{"href":"https:\/\/linitiative.ca\/International\/wp-json\/wp\/v2\/media?parent=99641"}],"wp:term":[{"taxonomy":"category","embeddable":true,"href":"https:\/\/linitiative.ca\/International\/wp-json\/wp\/v2\/categories?post=99641"},{"taxonomy":"post_tag","embeddable":true,"href":"https:\/\/linitiative.ca\/International\/wp-json\/wp\/v2\/tags?post=99641"}],"curies":[{"name":"wp","href":"https:\/\/api.w.org\/{rel}","templated":true}]}}