{"id":99645,"date":"2020-09-22T15:13:26","date_gmt":"2020-09-22T19:13:26","guid":{"rendered":"https:\/\/linitiative.ca\/International\/international-tottenham-alli-serait-disponible-en-pret\/"},"modified":"2020-09-22T15:13:26","modified_gmt":"2020-09-22T19:13:26","slug":"international-tottenham-alli-serait-disponible-en-pret","status":"publish","type":"post","link":"https:\/\/linitiative.ca\/International\/international-tottenham-alli-serait-disponible-en-pret\/","title":{"rendered":"International : Tottenham : Alli serait disponible en pr\u00eat"},"content":{"rendered":"<div readability=\"32\">\n<p>Auteur : <span class=\"time\">mardi 22 septembre 2020 15:00<\/span><\/p>\n<\/div>\n<div id=\"post_core\" readability=\"46\">\n<p>Mais selon Topmercato, le pr\u00e9sident des Spurs, Daniel Levy, n&rsquo;a aucunement l&rsquo;intention de vendre Dele Alli, \u00e0 moins d&rsquo;une offre faramineuse. La seule option pour un d\u00e9part du milieu de 24 ans est sous la forme d&rsquo;un pr\u00eat sec d&rsquo;une seule saison, sans option d&rsquo;achat, pour que le joueur revienne chez les Spurs \u00e0 l&rsquo;\u00e9t\u00e9 2021. Le PSG et l&rsquo;Inter sont les deux clubs les plus int\u00e9ress\u00e9s par l&rsquo;opportunit\u00e9 Dele Alli, lequel est li\u00e9 aux Spurs jusqu&rsquo;en 2024. L&rsquo;Anglais a effectu\u00e9 une saison pleine l&rsquo;an pass\u00e9 (38 matchs toutes comp\u00e9titions confondues, 9 buts, 6 passes d\u00e9cisives).\u00a0<\/p>\n<p><strong>Publi\u00e9 dans :<\/strong> <span>Tottenham<\/span> <span>Alli<\/span><\/p>\n<\/div>\n<p>Auteur:<br \/>\n<a href=\"http:\/\/www.lebuteur.com\/article\/detail?titre=tottenham-alli-serait-disponible-en-pret&#038;id=97344&#038;utm_source=feedburner&#038;utm_medium=feed&#038;utm_campaign=Feed%3A+GalerieFArtciles+%28Les+derniers+articles++-+lebuteur.com%29\">Cliquez ici pour lire l&rsquo;article depuis sa source.<\/a><\/p>\n","protected":false},"excerpt":{"rendered":"<p>Auteur : mardi 22 septembre 2020 15:00 Mais selon Topmercato, le pr\u00e9sident des Spurs, Daniel Levy, n&rsquo;a aucunement l&rsquo;intention de vendre Dele Alli, \u00e0 moins d&rsquo;une offre faramineuse. La seule option pour un d\u00e9part du milieu de 24 ans est sous la forme d&rsquo;un pr\u00eat sec d&rsquo;une seule saison, sans option d&rsquo;achat, pour que le [&hellip;]<\/p>\n","protected":false},"author":1738,"featured_media":99646,"comment_status":"closed","ping_status":"closed","sticky":false,"template":"","format":"standard","meta":{"fifu_image_url":"","fifu_image_alt":"","footnotes":""},"categories":[53,75],"tags":[],"class_list":["post-99645","post","type-post","status-publish","format-standard","has-post-thumbnail","hentry","category-algerie","category-sport"],"_links":{"self":[{"href":"https:\/\/linitiative.ca\/International\/wp-json\/wp\/v2\/posts\/99645","targetHints":{"allow":["GET"]}}],"collection":[{"href":"https:\/\/linitiative.ca\/International\/wp-json\/wp\/v2\/posts"}],"about":[{"href":"https:\/\/linitiative.ca\/International\/wp-json\/wp\/v2\/types\/post"}],"author":[{"embeddable":true,"href":"https:\/\/linitiative.ca\/International\/wp-json\/wp\/v2\/users\/1738"}],"replies":[{"embeddable":true,"href":"https:\/\/linitiative.ca\/International\/wp-json\/wp\/v2\/comments?post=99645"}],"version-history":[{"count":0,"href":"https:\/\/linitiative.ca\/International\/wp-json\/wp\/v2\/posts\/99645\/revisions"}],"wp:featuredmedia":[{"embeddable":true,"href":"https:\/\/linitiative.ca\/International\/wp-json\/"}],"wp:attachment":[{"href":"https:\/\/linitiative.ca\/International\/wp-json\/wp\/v2\/media?parent=99645"}],"wp:term":[{"taxonomy":"category","embeddable":true,"href":"https:\/\/linitiative.ca\/International\/wp-json\/wp\/v2\/categories?post=99645"},{"taxonomy":"post_tag","embeddable":true,"href":"https:\/\/linitiative.ca\/International\/wp-json\/wp\/v2\/tags?post=99645"}],"curies":[{"name":"wp","href":"https:\/\/api.w.org\/{rel}","templated":true}]}}