{"id":99647,"date":"2020-09-22T15:13:29","date_gmt":"2020-09-22T19:13:29","guid":{"rendered":"https:\/\/linitiative.ca\/International\/equipe-dalgerie-asselah-et-benayada-retenus-aussi\/"},"modified":"2020-09-22T15:13:29","modified_gmt":"2020-09-22T19:13:29","slug":"equipe-dalgerie-asselah-et-benayada-retenus-aussi","status":"publish","type":"post","link":"https:\/\/linitiative.ca\/International\/equipe-dalgerie-asselah-et-benayada-retenus-aussi\/","title":{"rendered":"Equipe d&rsquo;Alg\u00e9rie : Asselah et Benayada retenus aussi"},"content":{"rendered":"<div readability=\"32\">\n<p>Auteur : <span>Moumen A.<\/span> <span class=\"time\">mardi 22 septembre 2020 17:43<\/span><\/p>\n<\/div>\n<div id=\"post_core\" readability=\"40\">\n<p>L\u2019ancien d\u00e9fenseur du CS Constantine Hocine Benayada qui vient de signer au Club Africain, ainsi que l\u2019actuel gardien de but d\u2019Al Hazm (Arabie Saoudite) sont aussi concern\u00e9s par ce stage des Verts, dans cette liste \u00e9largie \u00e9tablie par coach Djamel Belmadi bien entendu. C\u2019est ce que nous avons appris\u00a0 de sources\u00a0 sures. Pour rappel,\u00a0 Asselah\u00a0\u00a0 \u00e9tait d\u00e9j\u00e0 de retour dans la liste de Belmadi pour le stage du mois de mars annul\u00e9 en raison de la pand\u00e9mie du Corona virus<\/p>\n<p><strong>Moumen A.<\/strong><\/p>\n<p><strong>Publi\u00e9 dans :<\/strong> <span>asselah<\/span> <span>Benayada<\/span><\/p>\n<\/div>\n<p>Auteur:<br \/>\n<a href=\"http:\/\/www.lebuteur.com\/article\/detail?titre=asselah-et-benayada-retenus-aussi&#038;id=97347&#038;utm_source=feedburner&#038;utm_medium=feed&#038;utm_campaign=Feed%3A+GalerieFArtciles+%28Les+derniers+articles++-+lebuteur.com%29\">Cliquez ici pour lire l&rsquo;article depuis sa source.<\/a><\/p>\n","protected":false},"excerpt":{"rendered":"<p>Auteur : Moumen A. mardi 22 septembre 2020 17:43 L\u2019ancien d\u00e9fenseur du CS Constantine Hocine Benayada qui vient de signer au Club Africain, ainsi que l\u2019actuel gardien de but d\u2019Al Hazm (Arabie Saoudite) sont aussi concern\u00e9s par ce stage des Verts, dans cette liste \u00e9largie \u00e9tablie par coach Djamel Belmadi bien entendu. C\u2019est ce que [&hellip;]<\/p>\n","protected":false},"author":1738,"featured_media":99648,"comment_status":"closed","ping_status":"closed","sticky":false,"template":"","format":"standard","meta":{"fifu_image_url":"","fifu_image_alt":"","footnotes":""},"categories":[53,75],"tags":[],"class_list":["post-99647","post","type-post","status-publish","format-standard","has-post-thumbnail","hentry","category-algerie","category-sport"],"_links":{"self":[{"href":"https:\/\/linitiative.ca\/International\/wp-json\/wp\/v2\/posts\/99647","targetHints":{"allow":["GET"]}}],"collection":[{"href":"https:\/\/linitiative.ca\/International\/wp-json\/wp\/v2\/posts"}],"about":[{"href":"https:\/\/linitiative.ca\/International\/wp-json\/wp\/v2\/types\/post"}],"author":[{"embeddable":true,"href":"https:\/\/linitiative.ca\/International\/wp-json\/wp\/v2\/users\/1738"}],"replies":[{"embeddable":true,"href":"https:\/\/linitiative.ca\/International\/wp-json\/wp\/v2\/comments?post=99647"}],"version-history":[{"count":0,"href":"https:\/\/linitiative.ca\/International\/wp-json\/wp\/v2\/posts\/99647\/revisions"}],"wp:featuredmedia":[{"embeddable":true,"href":"https:\/\/linitiative.ca\/International\/wp-json\/"}],"wp:attachment":[{"href":"https:\/\/linitiative.ca\/International\/wp-json\/wp\/v2\/media?parent=99647"}],"wp:term":[{"taxonomy":"category","embeddable":true,"href":"https:\/\/linitiative.ca\/International\/wp-json\/wp\/v2\/categories?post=99647"},{"taxonomy":"post_tag","embeddable":true,"href":"https:\/\/linitiative.ca\/International\/wp-json\/wp\/v2\/tags?post=99647"}],"curies":[{"name":"wp","href":"https:\/\/api.w.org\/{rel}","templated":true}]}}