{"id":99649,"date":"2020-09-22T15:13:31","date_gmt":"2020-09-22T19:13:31","guid":{"rendered":"https:\/\/linitiative.ca\/International\/equipe-dalgerie-helaimia-recoit-aussi-sa-convocation\/"},"modified":"2020-09-22T15:13:31","modified_gmt":"2020-09-22T19:13:31","slug":"equipe-dalgerie-helaimia-recoit-aussi-sa-convocation","status":"publish","type":"post","link":"https:\/\/linitiative.ca\/International\/equipe-dalgerie-helaimia-recoit-aussi-sa-convocation\/","title":{"rendered":"Equipe d&rsquo;Alg\u00e9rie : Helaimia re\u00e7oit aussi sa convocation"},"content":{"rendered":"<div readability=\"32\">\n<p>Auteur : <span>Moumen A.<\/span> <span class=\"time\">mardi 22 septembre 2020 17:46<\/span><\/p>\n<\/div>\n<div id=\"post_core\" readability=\"38\">\n<p>Comme nous l\u2019avons annonc\u00e9 le joueur \u00a0de Beerschoot VA Mohamed Helaimia est bel et bien dans le groupe \u00e9largi du s\u00e9lectionneur national Djamel Belmadi. Une information confirm\u00e9e par nos soins. Pr\u00e9sent lors du dernier stage des Verts, Helaimia qui \u00e9volue comme lat\u00e9ral droit, sera une solution fiable pour remplacer Youcef Atal, donn\u00e9 pratiquement forfait en raison d\u2019une blessure.<\/p>\n<p><strong>Moumen A.<\/strong><\/p>\n<p><strong>Publi\u00e9 dans :<\/strong> <span>Hela\u00efmia<\/span><\/p>\n<\/div>\n<p>Auteur:<br \/>\n<a href=\"http:\/\/www.lebuteur.com\/article\/detail?titre=helaimia-recoit-aussi-sa-convocation&#038;id=97348&#038;utm_source=feedburner&#038;utm_medium=feed&#038;utm_campaign=Feed%3A+GalerieFArtciles+%28Les+derniers+articles++-+lebuteur.com%29\">Cliquez ici pour lire l&rsquo;article depuis sa source.<\/a><\/p>\n","protected":false},"excerpt":{"rendered":"<p>Auteur : Moumen A. mardi 22 septembre 2020 17:46 Comme nous l\u2019avons annonc\u00e9 le joueur \u00a0de Beerschoot VA Mohamed Helaimia est bel et bien dans le groupe \u00e9largi du s\u00e9lectionneur national Djamel Belmadi. Une information confirm\u00e9e par nos soins. Pr\u00e9sent lors du dernier stage des Verts, Helaimia qui \u00e9volue comme lat\u00e9ral droit, sera une solution [&hellip;]<\/p>\n","protected":false},"author":1738,"featured_media":99650,"comment_status":"closed","ping_status":"closed","sticky":false,"template":"","format":"standard","meta":{"fifu_image_url":"","fifu_image_alt":"","footnotes":""},"categories":[53,75],"tags":[],"class_list":["post-99649","post","type-post","status-publish","format-standard","has-post-thumbnail","hentry","category-algerie","category-sport"],"_links":{"self":[{"href":"https:\/\/linitiative.ca\/International\/wp-json\/wp\/v2\/posts\/99649","targetHints":{"allow":["GET"]}}],"collection":[{"href":"https:\/\/linitiative.ca\/International\/wp-json\/wp\/v2\/posts"}],"about":[{"href":"https:\/\/linitiative.ca\/International\/wp-json\/wp\/v2\/types\/post"}],"author":[{"embeddable":true,"href":"https:\/\/linitiative.ca\/International\/wp-json\/wp\/v2\/users\/1738"}],"replies":[{"embeddable":true,"href":"https:\/\/linitiative.ca\/International\/wp-json\/wp\/v2\/comments?post=99649"}],"version-history":[{"count":0,"href":"https:\/\/linitiative.ca\/International\/wp-json\/wp\/v2\/posts\/99649\/revisions"}],"wp:featuredmedia":[{"embeddable":true,"href":"https:\/\/linitiative.ca\/International\/wp-json\/"}],"wp:attachment":[{"href":"https:\/\/linitiative.ca\/International\/wp-json\/wp\/v2\/media?parent=99649"}],"wp:term":[{"taxonomy":"category","embeddable":true,"href":"https:\/\/linitiative.ca\/International\/wp-json\/wp\/v2\/categories?post=99649"},{"taxonomy":"post_tag","embeddable":true,"href":"https:\/\/linitiative.ca\/International\/wp-json\/wp\/v2\/tags?post=99649"}],"curies":[{"name":"wp","href":"https:\/\/api.w.org\/{rel}","templated":true}]}}