{"id":99653,"date":"2020-09-22T15:13:35","date_gmt":"2020-09-22T19:13:35","guid":{"rendered":"https:\/\/linitiative.ca\/International\/equipe-dalgerie-zorgane-et-lamara-dans-la-liste-elargie-de-belmadi\/"},"modified":"2020-09-22T15:13:35","modified_gmt":"2020-09-22T19:13:35","slug":"equipe-dalgerie-zorgane-et-lamara-dans-la-liste-elargie-de-belmadi","status":"publish","type":"post","link":"https:\/\/linitiative.ca\/International\/equipe-dalgerie-zorgane-et-lamara-dans-la-liste-elargie-de-belmadi\/","title":{"rendered":"Equipe d&rsquo;Alg\u00e9rie : Zorgane et Lamara dans la liste \u00e9largie de Belmadi"},"content":{"rendered":"<div readability=\"32\">\n<p>Auteur : <span>APS<\/span> <span class=\"time\">mardi 22 septembre 2020 17:50<\/span><\/p>\n<\/div>\n<div id=\"post_core\" readability=\"53\">\n<p>Le milieu offensif du Paradou AC Adam Zorgane et le d\u00e9fenseur du MC Alger Nabil Lamara figurent dans la liste \u00e9largie du s\u00e9lectionneur national, Djamel Belmadi, en vue des deux \u00e9ventuels matchs amicaux pr\u00e9vus en octobre en Europe, a appris l&rsquo;APS mardi aupr\u00e8s d&rsquo;une source autoris\u00e9e. Consid\u00e9r\u00e9s comme des cadors au sein de leurs clubs respectifs, Zorgane (20 ans) et Lamara (27 ans) ont accompli les formalit\u00e9s d&rsquo;obtention de visa d&rsquo;entr\u00e9e dans le territoire europ\u00e9en. La F\u00e9d\u00e9ration alg\u00e9rienne de football (FAF) a proc\u00e9d\u00e9 cette semaine \u00e0 l&rsquo;envoi des convocations aux joueurs retenus pour le prochain stage de la s\u00e9lection, co\u00efncidant avec la fen\u00eatre internationale s&rsquo;\u00e9talant du 5 au 13 octobre, comme le stipulent les r\u00e8glements en vigueur. Concernant les futurs sparring-partners des \u00ab\u00a0Verts\u00a0\u00bb, \u00ab\u00a0rien n&rsquo;a encore \u00e9t\u00e9 conclu\u00a0\u00bb, souligne la m\u00eame source, au moment o\u00f9 le secr\u00e9taire g\u00e9n\u00e9ral de la F\u00e9d\u00e9ration camerounaise de football (F\u00e9cafoot), Benjamin Didier Banlock, a annonc\u00e9 samedi la programmation d&rsquo;un match amical face \u00e0 l&rsquo;Alg\u00e9rie aux Pays-Bas. Seulement, les autorit\u00e9s n\u00e9erlandaises n&rsquo;ont pas donn\u00e9 leur feu vert pour le d\u00e9roulement de cette joute sur leur sol. Deux autres options se pr\u00e9sentent avec notamment la programmation de deux matchs tests dans deux pays diff\u00e9rents : en Turquie et au Portugal. La difficult\u00e9 li\u00e9e \u00e0 la programmation de ces deux rencontres est expliqu\u00e9e par les restrictions s\u00e9v\u00e8res adopt\u00e9es par certains pays europ\u00e9ens dans le cadre de la lutte contre la propagation du coronavirus (Covid-19). Le coach national Djamel Belmadi a affich\u00e9 son d\u00e9sir d&rsquo;affronter \u00ab\u00a0deux gros morceaux\u00a0\u00bb, afin\u00a0 de \u00ab\u00a0jauger la qualit\u00e9 de ses joueurs apr\u00e8s des mois d&rsquo;inactivit\u00e9 caus\u00e9s par la pand\u00e9mie\u00a0\u00bb. Inactive depuis novembre 2019 en raison du Covid-19, l&rsquo;\u00e9quipe nationale reprendra du service en novembre prochain avec au menu la double confrontation face au Zimbabwe, le 12 novembre \u00e0 domicile et le 17 en d\u00e9placement, comptant pour les 3e et 4e journ\u00e9es des qualifications de la CAN-2021, report\u00e9e \u00e0 2022. Dans sa qu\u00eate de d\u00e9fense du titre continental, l&rsquo;Alg\u00e9rie a bien entam\u00e9 la campagne qualificative de la CAN-2021 en alignant deux victoires de rang : \u00e0 Blida face \u00e0 la Zambie (5-0) et \u00e0 Gaborone devant le Botswana (1-0).<\/p>\n<p><strong>Publi\u00e9 dans :<\/strong> <span>Belmadi<\/span><\/p>\n<\/div>\n<p>Auteur:<br \/>\n<a href=\"http:\/\/www.lebuteur.com\/article\/detail?titre=zorgane-et-lamara-dans-la-liste-elargie-de-belmadi&#038;id=97346&#038;utm_source=feedburner&#038;utm_medium=feed&#038;utm_campaign=Feed%3A+GalerieFArtciles+%28Les+derniers+articles++-+lebuteur.com%29\">Cliquez ici pour lire l&rsquo;article depuis sa source.<\/a><\/p>\n","protected":false},"excerpt":{"rendered":"<p>Auteur : APS mardi 22 septembre 2020 17:50 Le milieu offensif du Paradou AC Adam Zorgane et le d\u00e9fenseur du MC Alger Nabil Lamara figurent dans la liste \u00e9largie du s\u00e9lectionneur national, Djamel Belmadi, en vue des deux \u00e9ventuels matchs amicaux pr\u00e9vus en octobre en Europe, a appris l&rsquo;APS mardi aupr\u00e8s d&rsquo;une source autoris\u00e9e. Consid\u00e9r\u00e9s [&hellip;]<\/p>\n","protected":false},"author":1738,"featured_media":99654,"comment_status":"closed","ping_status":"closed","sticky":false,"template":"","format":"standard","meta":{"fifu_image_url":"","fifu_image_alt":"","footnotes":""},"categories":[53,75],"tags":[],"class_list":["post-99653","post","type-post","status-publish","format-standard","has-post-thumbnail","hentry","category-algerie","category-sport"],"_links":{"self":[{"href":"https:\/\/linitiative.ca\/International\/wp-json\/wp\/v2\/posts\/99653","targetHints":{"allow":["GET"]}}],"collection":[{"href":"https:\/\/linitiative.ca\/International\/wp-json\/wp\/v2\/posts"}],"about":[{"href":"https:\/\/linitiative.ca\/International\/wp-json\/wp\/v2\/types\/post"}],"author":[{"embeddable":true,"href":"https:\/\/linitiative.ca\/International\/wp-json\/wp\/v2\/users\/1738"}],"replies":[{"embeddable":true,"href":"https:\/\/linitiative.ca\/International\/wp-json\/wp\/v2\/comments?post=99653"}],"version-history":[{"count":0,"href":"https:\/\/linitiative.ca\/International\/wp-json\/wp\/v2\/posts\/99653\/revisions"}],"wp:featuredmedia":[{"embeddable":true,"href":"https:\/\/linitiative.ca\/International\/wp-json\/"}],"wp:attachment":[{"href":"https:\/\/linitiative.ca\/International\/wp-json\/wp\/v2\/media?parent=99653"}],"wp:term":[{"taxonomy":"category","embeddable":true,"href":"https:\/\/linitiative.ca\/International\/wp-json\/wp\/v2\/categories?post=99653"},{"taxonomy":"post_tag","embeddable":true,"href":"https:\/\/linitiative.ca\/International\/wp-json\/wp\/v2\/tags?post=99653"}],"curies":[{"name":"wp","href":"https:\/\/api.w.org\/{rel}","templated":true}]}}