{"id":99657,"date":"2020-09-22T10:59:54","date_gmt":"2020-09-22T14:59:54","guid":{"rendered":"https:\/\/linitiative.ca\/International\/110009-basket-ball-la-selection-algerienne-reprend-du-service\/"},"modified":"2020-09-22T10:59:54","modified_gmt":"2020-09-22T14:59:54","slug":"110009-basket-ball-la-selection-algerienne-reprend-du-service","status":"publish","type":"post","link":"https:\/\/linitiative.ca\/International\/110009-basket-ball-la-selection-algerienne-reprend-du-service\/","title":{"rendered":"Basket-ball : la s\u00e9lection alg\u00e9rienne reprend du service"},"content":{"rendered":"<div readability=\"38\">\n<p><strong>ALGER &#8211; La s\u00e9lection alg\u00e9rienne de basket-ball (messieurs) a retrouv\u00e9 mardi les entra\u00eenements apr\u00e8s sept mois d&rsquo;arr\u00eat en raison de la pand\u00e9mie de coronavirus, \u00e0 l&rsquo;occasion d&rsquo;un stage de dix jours \u00e0 Alger, en pr\u00e9vision des prochaines \u00e9ch\u00e9ances, notamment les \u00e9liminatoires de l&rsquo;AfroBasket-2021.<\/strong><\/p>\n<\/div>\n<div readability=\"85.741869918699\">\n<p>Le staff technique national, conduit par le s\u00e9lectionneur Bilal Fa\u00efd, a convoqu\u00e9 15 joueurs, dont cinq du WO Boufarik et quatre du GS P\u00e9troliers, pour ce regroupement qui s&rsquo;\u00e9talera jusqu&rsquo;au 1er octobre prochain au complexe olympique Mohamed-Boudiaf.<\/p>\n<p>La pr\u00e9paration se d\u00e9roule selon le protocole sanitaire anti-Covid mis en place par le Centre national de m\u00e9decine du sport (CNMS).Le prochain stage des \u00ab\u00a0Verts\u00a0\u00bb aura lieu du 6 au 15 octobre \u00e0 Alger. Pour ces deux premiers regroupements, les joueurs \u00e9voluant \u00e0 l&rsquo;\u00e9tranger ne figurent pas dans la liste des s\u00e9lectionn\u00e9s.<\/p>\n<p>L&rsquo;entra\u00eeneur en chef de la s\u00e9lection alg\u00e9rienne, Bilal Fa\u00efd, avait tir\u00e9 la sonnette d&rsquo;alarme il y a une quinzaine de jours quant au retard accus\u00e9 par son \u00e9quipe dans la pr\u00e9paration aux\u00a0 \u00e9liminatoires de l\u2019AfroBasket-2021.<\/p>\n<blockquote readability=\"10\">\n<p><strong><em>\u00ab\u00a0Nous accusons un retard cons\u00e9quent dans la pr\u00e9paration pour le premier tournoi de qualification, dont la FIBA-Afrique a maintenu les dates du 27 au 29 novembre. Il est vraiment n\u00e9cessaire de regrouper les joueurs et d&rsquo;entamer la pr\u00e9paration dans les plus brefs d\u00e9lais pour esp\u00e9rer d\u00e9crocher une qualification \u00e0 la phase finale de l\u2019AfroBasket-2021\u00a0\u00bb, avait-il d\u00e9clar\u00e9 \u00e0 l&rsquo;APS.<\/em><\/strong><\/p>\n<\/blockquote>\n<hr\/>\n<h3>Lire aussi:\u00a0<a href=\"http:\/\/www.aps.dz\/sport\/109465-afrobasket-2021-algerie-le-selectionneur-national-tire-la-sonnette-d-alarme\">AfroBasket-2021: le s\u00e9lectionneur national tire la sonnette d&rsquo;alarme<\/a><\/h3>\n<hr\/>\n<p>Le Cinq alg\u00e9rien, dont la derni\u00e8re participation \u00e0 l&rsquo;AfroBasket remonte \u00e0 2015, s&rsquo;\u00e9tait qualifi\u00e9 aux \u00e9liminatoires du Championnat d&rsquo;Afrique 2021 en prenant le meilleur sur le Cap-Vert, lors du tournoi pr\u00e9liminaire disput\u00e9 en janvier \u00e0 Alger.\u00a0\u00a0\u00a0\u00a0\u00a0\u00a0\u00a0\u00a0\u00a0\u00a0\u00a0\u00a0\u00a0\u00a0\u00a0<\/p>\n<p>Vers\u00e9e dans le groupe D des \u00e9liminatoires de l&rsquo;AfroBasket-2021, l&rsquo;Alg\u00e9rie \u00e9voluera aux c\u00f4t\u00e9s du Nigeria, du Mali et du Rwanda. Le premier tournoi se d\u00e9roulera du 27 au 29 novembre \u00e0 Kigali (Rwanda), le deuxi\u00e8me du 14 au 17 f\u00e9vrier 2021 \u00e0 Bamako (Mali).<\/p>\n<p><strong>Liste des joueurs convoqu\u00e9s :<\/strong><\/p>\n<p>Tarek Hamdani, Ramzi Merahi, Lamouri Merahi, Ali Messad, Rabah Zitoun (WO Boufarik), Mohamed Seddik Touati, Merouane Bourkaib, Oussama Aggoune, Abdallah Hamdini (GS P\u00e9troliers), Hichem Dekaken, Abderaouf Benrighi (NB Staou\u00e9li), Omar Belliche (NA Husse\u00efn-Dey), Mohamed Aboudi (TRA Draria), Mehdi Beremila (CRB Dar El-Be\u00efda), Mohamed Harat.<\/p>\n<\/div>\n<p>Auteur:<br \/>\n<a href=\"http:\/\/www.aps.dz\/sport\/110009-basket-ball-la-selection-algerienne-reprend-du-service?utm_source=feedburner&#038;utm_medium=feed&#038;utm_campaign=Feed%3A+aps-sport+%28APS+-+SPORT%29\">Cliquez ici pour lire l&rsquo;article depuis sa source.<\/a><\/p>\n","protected":false},"excerpt":{"rendered":"<p>ALGER &#8211; La s\u00e9lection alg\u00e9rienne de basket-ball (messieurs) a retrouv\u00e9 mardi les entra\u00eenements apr\u00e8s sept mois d&rsquo;arr\u00eat en raison de la pand\u00e9mie de coronavirus, \u00e0 l&rsquo;occasion d&rsquo;un stage de dix jours \u00e0 Alger, en pr\u00e9vision des prochaines \u00e9ch\u00e9ances, notamment les \u00e9liminatoires de l&rsquo;AfroBasket-2021. Le staff technique national, conduit par le s\u00e9lectionneur Bilal Fa\u00efd, a convoqu\u00e9 [&hellip;]<\/p>\n","protected":false},"author":1790,"featured_media":0,"comment_status":"closed","ping_status":"closed","sticky":false,"template":"","format":"standard","meta":{"fifu_image_url":"","fifu_image_alt":"","footnotes":""},"categories":[53,75],"tags":[],"class_list":["post-99657","post","type-post","status-publish","format-standard","hentry","category-algerie","category-sport"],"_links":{"self":[{"href":"https:\/\/linitiative.ca\/International\/wp-json\/wp\/v2\/posts\/99657","targetHints":{"allow":["GET"]}}],"collection":[{"href":"https:\/\/linitiative.ca\/International\/wp-json\/wp\/v2\/posts"}],"about":[{"href":"https:\/\/linitiative.ca\/International\/wp-json\/wp\/v2\/types\/post"}],"author":[{"embeddable":true,"href":"https:\/\/linitiative.ca\/International\/wp-json\/wp\/v2\/users\/1790"}],"replies":[{"embeddable":true,"href":"https:\/\/linitiative.ca\/International\/wp-json\/wp\/v2\/comments?post=99657"}],"version-history":[{"count":0,"href":"https:\/\/linitiative.ca\/International\/wp-json\/wp\/v2\/posts\/99657\/revisions"}],"wp:attachment":[{"href":"https:\/\/linitiative.ca\/International\/wp-json\/wp\/v2\/media?parent=99657"}],"wp:term":[{"taxonomy":"category","embeddable":true,"href":"https:\/\/linitiative.ca\/International\/wp-json\/wp\/v2\/categories?post=99657"},{"taxonomy":"post_tag","embeddable":true,"href":"https:\/\/linitiative.ca\/International\/wp-json\/wp\/v2\/tags?post=99657"}],"curies":[{"name":"wp","href":"https:\/\/api.w.org\/{rel}","templated":true}]}}