{"id":99658,"date":"2020-09-22T11:42:00","date_gmt":"2020-09-22T15:42:00","guid":{"rendered":"https:\/\/linitiative.ca\/International\/mesures-de-reprise-des-cours-les-representants-des-etudiants-satisfaits\/"},"modified":"2020-09-22T11:42:00","modified_gmt":"2020-09-22T15:42:00","slug":"mesures-de-reprise-des-cours-les-representants-des-etudiants-satisfaits","status":"publish","type":"post","link":"https:\/\/linitiative.ca\/International\/mesures-de-reprise-des-cours-les-representants-des-etudiants-satisfaits\/","title":{"rendered":"MESURES DE REPRISE DES COURS : Les repr\u00e9sentants des \u00e9tudiants satisfaits"},"content":{"rendered":"<p><br id=\"sep_para_1\" class=\"sep_para access\"\/><\/p>\n<div id=\"para_1\" class=\"para_38721346 resize\">\n<div class=\"texte access firstletter\">Les repr\u00e9sentants des associations estudiantines agr\u00e9es relevant du minist\u00e8re de l&rsquo;Enseignement sup\u00e9rieur et de la Recherche scientifique se sont dits satisfaits quant aux mesures de prise en charge du transport des \u00e9tudiants vers les \u00e9tablissements universitaires ainsi que de la reprise des activit\u00e9s d&rsquo;enseignement, en pr\u00e9sentiel, \u00e0 partir du 19 septembre courant. A l&rsquo;issue d&rsquo;une r\u00e9union avec le Secr\u00e9taire g\u00e9n\u00e9ral (SG) de la tutelle, les repr\u00e9sentants des associations estudiantines ont affich\u00e9 \u00ab\u00a0une satisfaction quant \u00e0 la mesure prise par les pouvoirs publics au sujet de la prise en charge du transport des \u00e9tudiants vers les \u00e9tablissements d&rsquo;enseignement o\u00f9 ils sont inscrits, mais \u00e9galement de la reprise des activit\u00e9s p\u00e9dagogiques en pr\u00e9sentiel, \u00e0 partir du 19 septembre courant\u00a0\u00bb, a pr\u00e9cis\u00e9 un communiqu\u00e9. Les repr\u00e9sentants des associations estudiantines ont saisi cette occasion pour \u00ab\u00a0soulever une s\u00e9rie de pr\u00e9occupations relev\u00e9es dans certains \u00e9tablissements et services\u00a0\u00bb, a indiqu\u00e9 la m\u00eame source, ajoutant que le SG \u00ab\u00a0a promis de prendre en consid\u00e9ration toutes les pr\u00e9occupations pertinentes qui lui ont \u00e9t\u00e9 soulev\u00e9es\u00a0\u00bb. La r\u00e9union a \u00e9galement constitu\u00e9 une opportunit\u00e9 pour le responsable de tenir les repr\u00e9sentants des \u00e9tudiants inform\u00e9s \u00ab\u00a0des conditions dans lesquelles ont repris les activit\u00e9s d&rsquo;enseignement depuis le 23 ao\u00fbt dernier, et conclues \u00e0 la lumi\u00e8re des rencontres d&rsquo;\u00e9valuation, tenues la semaine pass\u00e9e\u00a0\u00bb. A noter que ces rencontres ont fait ressortir un \u00e9tat des lieux acceptable des activit\u00e9s p\u00e9dagogiques programm\u00e9es entre le 23 ao\u00fbt et le 9 septembre, au moment o\u00f9 les chefs des \u00e9tablissements universitaires et des \u0153uvres sociales ont exprim\u00e9 \u00ab\u00a0leur disposition\u00a0\u00bb \u00e0 mener \u00e0 bien l&rsquo;ann\u00e9e universitaire en cours, a conclu le communiqu\u00e9.<\/div>\n<\/div>\n<p>Auteur: Ismain<br \/>\n<a href=\"https:\/\/www.reflexiondz.net\/MESURES-DE-REPRISE-DES-COURS-Les-representants-des-etudiants-satisfaits_a65346.html\">Cliquez ici pour lire l&rsquo;article depuis sa source.<\/a><\/p>\n","protected":false},"excerpt":{"rendered":"<p>Les repr\u00e9sentants des associations estudiantines agr\u00e9es relevant du minist\u00e8re de l&rsquo;Enseignement sup\u00e9rieur et de la Recherche scientifique se sont dits satisfaits quant aux mesures de prise en charge du transport des \u00e9tudiants vers les \u00e9tablissements universitaires ainsi que de la reprise des activit\u00e9s d&rsquo;enseignement, en pr\u00e9sentiel, \u00e0 partir du 19 septembre courant. A l&rsquo;issue d&rsquo;une [&hellip;]<\/p>\n","protected":false},"author":1740,"featured_media":0,"comment_status":"closed","ping_status":"closed","sticky":false,"template":"","format":"standard","meta":{"fifu_image_url":"","fifu_image_alt":"","footnotes":""},"categories":[53,76],"tags":[],"class_list":["post-99658","post","type-post","status-publish","format-standard","hentry","category-algerie","category-regions"],"_links":{"self":[{"href":"https:\/\/linitiative.ca\/International\/wp-json\/wp\/v2\/posts\/99658","targetHints":{"allow":["GET"]}}],"collection":[{"href":"https:\/\/linitiative.ca\/International\/wp-json\/wp\/v2\/posts"}],"about":[{"href":"https:\/\/linitiative.ca\/International\/wp-json\/wp\/v2\/types\/post"}],"author":[{"embeddable":true,"href":"https:\/\/linitiative.ca\/International\/wp-json\/wp\/v2\/users\/1740"}],"replies":[{"embeddable":true,"href":"https:\/\/linitiative.ca\/International\/wp-json\/wp\/v2\/comments?post=99658"}],"version-history":[{"count":0,"href":"https:\/\/linitiative.ca\/International\/wp-json\/wp\/v2\/posts\/99658\/revisions"}],"wp:attachment":[{"href":"https:\/\/linitiative.ca\/International\/wp-json\/wp\/v2\/media?parent=99658"}],"wp:term":[{"taxonomy":"category","embeddable":true,"href":"https:\/\/linitiative.ca\/International\/wp-json\/wp\/v2\/categories?post=99658"},{"taxonomy":"post_tag","embeddable":true,"href":"https:\/\/linitiative.ca\/International\/wp-json\/wp\/v2\/tags?post=99658"}],"curies":[{"name":"wp","href":"https:\/\/api.w.org\/{rel}","templated":true}]}}