{"id":99659,"date":"2020-09-22T11:42:00","date_gmt":"2020-09-22T15:42:00","guid":{"rendered":"https:\/\/linitiative.ca\/International\/lutte-contre-les-gangs-de-rues-a-blida-arrestation-de-59-personnes-depuis-le-debut-de-lannee\/"},"modified":"2020-09-22T11:42:00","modified_gmt":"2020-09-22T15:42:00","slug":"lutte-contre-les-gangs-de-rues-a-blida-arrestation-de-59-personnes-depuis-le-debut-de-lannee","status":"publish","type":"post","link":"https:\/\/linitiative.ca\/International\/lutte-contre-les-gangs-de-rues-a-blida-arrestation-de-59-personnes-depuis-le-debut-de-lannee\/","title":{"rendered":"LUTTE CONTRE LES GANGS DE RUES A BLIDA : Arrestation de 59 personnes  depuis le d\u00e9but de l\u2019ann\u00e9e"},"content":{"rendered":"<p><br id=\"sep_para_1\" class=\"sep_para access\"\/><\/p>\n<div id=\"para_1\" class=\"para_38721336 resize\">\n<div class=\"texte access firstletter\">Quelque 59 individus ont \u00e9t\u00e9 arr\u00eat\u00e9s par les services de la s\u00fbret\u00e9 de Blida, depuis le d\u00e9but de cette ann\u00e9e \u00e0 la fin ao\u00fbt dernier, pour leur implication dans des guerres de gangs de rues, a indiqu\u00e9, lundi, un communiqu\u00e9 de la cellule d\u2019information et des relations g\u00e9n\u00e9rales de ce corps s\u00e9curitaire. Selon le document, les services de la s\u00fbret\u00e9 de wilaya ont r\u00e9alis\u00e9 plusieurs descentes, durant la p\u00e9riode indiqu\u00e9e, dans le cadre de la lutte contre la criminalit\u00e9 sous toutes ses formes, notamment le ph\u00e9nom\u00e8ne des gangs de rues, qui a prolif\u00e9r\u00e9 derni\u00e8rement au niveau de plusieurs quartiers de la wilaya, en constituant un danger pour la s\u00e9curit\u00e9 des biens et des personnes. Ces op\u00e9rations ont abouti, selon la m\u00eame source, \u00e0 l\u2019arrestation de 59 individus impliqu\u00e9s dans 11 affaires de guerres de gangs, avec usage d\u2019armes blanches. 27 parmi eux ont \u00e9t\u00e9 plac\u00e9s en d\u00e9tention provisoire, contre huit plac\u00e9s sous contr\u00f4le judiciaire, et 21 cit\u00e9s \u00e0 compara\u00eetre. La m\u00eame p\u00e9riode a, \u00e9galement, enregistr\u00e9 l\u2019arrestation de 566 personnes, impliqu\u00e9es dans des affaires de port d\u2019armes blanches , dont 42 plac\u00e9es en d\u00e9tention provisoire, 26 sous contr\u00f4le judiciaire, et 133 cit\u00e9es \u00e0 compara\u00eetre, au moment ou 365 autres ont vu leurs dossiers transmis au parquet.<\/div>\n<\/div>\n<p>Auteur: Ismain<br \/>\n<a href=\"https:\/\/www.reflexiondz.net\/LUTTE-CONTRE-LES-GANGS-DE-RUES-A-BLIDA-Arrestation-de-59-personnes-depuis-le-debut-de-l-annee_a65344.html\">Cliquez ici pour lire l&rsquo;article depuis sa source.<\/a><\/p>\n","protected":false},"excerpt":{"rendered":"<p>Quelque 59 individus ont \u00e9t\u00e9 arr\u00eat\u00e9s par les services de la s\u00fbret\u00e9 de Blida, depuis le d\u00e9but de cette ann\u00e9e \u00e0 la fin ao\u00fbt dernier, pour leur implication dans des guerres de gangs de rues, a indiqu\u00e9, lundi, un communiqu\u00e9 de la cellule d\u2019information et des relations g\u00e9n\u00e9rales de ce corps s\u00e9curitaire. Selon le document, [&hellip;]<\/p>\n","protected":false},"author":1740,"featured_media":0,"comment_status":"closed","ping_status":"closed","sticky":false,"template":"","format":"standard","meta":{"fifu_image_url":"","fifu_image_alt":"","footnotes":""},"categories":[53,76],"tags":[],"class_list":["post-99659","post","type-post","status-publish","format-standard","hentry","category-algerie","category-regions"],"_links":{"self":[{"href":"https:\/\/linitiative.ca\/International\/wp-json\/wp\/v2\/posts\/99659","targetHints":{"allow":["GET"]}}],"collection":[{"href":"https:\/\/linitiative.ca\/International\/wp-json\/wp\/v2\/posts"}],"about":[{"href":"https:\/\/linitiative.ca\/International\/wp-json\/wp\/v2\/types\/post"}],"author":[{"embeddable":true,"href":"https:\/\/linitiative.ca\/International\/wp-json\/wp\/v2\/users\/1740"}],"replies":[{"embeddable":true,"href":"https:\/\/linitiative.ca\/International\/wp-json\/wp\/v2\/comments?post=99659"}],"version-history":[{"count":0,"href":"https:\/\/linitiative.ca\/International\/wp-json\/wp\/v2\/posts\/99659\/revisions"}],"wp:attachment":[{"href":"https:\/\/linitiative.ca\/International\/wp-json\/wp\/v2\/media?parent=99659"}],"wp:term":[{"taxonomy":"category","embeddable":true,"href":"https:\/\/linitiative.ca\/International\/wp-json\/wp\/v2\/categories?post=99659"},{"taxonomy":"post_tag","embeddable":true,"href":"https:\/\/linitiative.ca\/International\/wp-json\/wp\/v2\/tags?post=99659"}],"curies":[{"name":"wp","href":"https:\/\/api.w.org\/{rel}","templated":true}]}}