{"id":99660,"date":"2020-09-22T11:42:00","date_gmt":"2020-09-22T15:42:00","guid":{"rendered":"https:\/\/linitiative.ca\/International\/zones-dombre-a-naama-desenclavement-de-la-localite-de-sefirat\/"},"modified":"2020-09-22T11:42:00","modified_gmt":"2020-09-22T15:42:00","slug":"zones-dombre-a-naama-desenclavement-de-la-localite-de-sefirat","status":"publish","type":"post","link":"https:\/\/linitiative.ca\/International\/zones-dombre-a-naama-desenclavement-de-la-localite-de-sefirat\/","title":{"rendered":"ZONES D\u2019OMBRE A NAAMA : D\u00e9senclavement de  la localit\u00e9 de Sefirat"},"content":{"rendered":"<p><br id=\"sep_para_1\" class=\"sep_para access\"\/><\/p>\n<div id=\"para_1\" class=\"para_38721274 resize\">\n<div class=\"texte access firstletter\">L\u2019ouverture d\u2019un chemin de 5 km servant \u00e0 d\u00e9senclaver la localit\u00e9 de Sefirat \u00e0 partir du PK 12 sur la CW 5 passant par Ben Hendjir sur la d\u00e9viation de Founassa dans le territoire de la da\u00efra d\u2019A\u00efn Sefra sera livr\u00e9e \u00e0 la DTP de la wilaya de Na\u00e2ma dans une semaine, assure l&rsquo;entrepreneur. Des travaux de r\u00e9alisation de canaux d&rsquo;\u00e9vacuation des eaux pluviales et d\u2019avaloirs auront prochainement lieu \u00e0 Djenien Bourezg et \u00e0 Hadjrat Lemguil. Une enveloppe de 7 millions de dinars a \u00e9t\u00e9 d\u00e9gag\u00e9e pour l&rsquo;ensemble de ces travaux qui entrent dans le cadre du programme de d\u00e9veloppement communal. La direction de la conservation des for\u00eats\u00a0\u00a0 a d\u00e9gag\u00e9 une enveloppe de 12 millions de dinars pour la r\u00e9alisation d&rsquo;une op\u00e9ration de correction torrentielle pour prot\u00e9ger la zone d&rsquo;extension touristique de l&rsquo;oasis de Founassa contre les inondations. Le projet comporte la construction d\u2019un mur de protection et des digues au niveau de l\u2019oued Founassa qui permettront le captage de quelque\u00a0 15 000 m3 d&rsquo;eau qui seront destin\u00e9s \u00e0 l\u2019irrigation.<\/div>\n<\/div>\n<p>Auteur: Ahmed Messaoud<br \/>\n<a href=\"https:\/\/www.reflexiondz.net\/ZONES-D-OMBRE-A-NAAMA-Desenclavement-de-la-localite-de-Sefirat_a65331.html\">Cliquez ici pour lire l&rsquo;article depuis sa source.<\/a><\/p>\n","protected":false},"excerpt":{"rendered":"<p>L\u2019ouverture d\u2019un chemin de 5 km servant \u00e0 d\u00e9senclaver la localit\u00e9 de Sefirat \u00e0 partir du PK 12 sur la CW 5 passant par Ben Hendjir sur la d\u00e9viation de Founassa dans le territoire de la da\u00efra d\u2019A\u00efn Sefra sera livr\u00e9e \u00e0 la DTP de la wilaya de Na\u00e2ma dans une semaine, assure l&rsquo;entrepreneur. Des [&hellip;]<\/p>\n","protected":false},"author":1740,"featured_media":0,"comment_status":"closed","ping_status":"closed","sticky":false,"template":"","format":"standard","meta":{"fifu_image_url":"","fifu_image_alt":"","footnotes":""},"categories":[53,76],"tags":[],"class_list":["post-99660","post","type-post","status-publish","format-standard","hentry","category-algerie","category-regions"],"_links":{"self":[{"href":"https:\/\/linitiative.ca\/International\/wp-json\/wp\/v2\/posts\/99660","targetHints":{"allow":["GET"]}}],"collection":[{"href":"https:\/\/linitiative.ca\/International\/wp-json\/wp\/v2\/posts"}],"about":[{"href":"https:\/\/linitiative.ca\/International\/wp-json\/wp\/v2\/types\/post"}],"author":[{"embeddable":true,"href":"https:\/\/linitiative.ca\/International\/wp-json\/wp\/v2\/users\/1740"}],"replies":[{"embeddable":true,"href":"https:\/\/linitiative.ca\/International\/wp-json\/wp\/v2\/comments?post=99660"}],"version-history":[{"count":0,"href":"https:\/\/linitiative.ca\/International\/wp-json\/wp\/v2\/posts\/99660\/revisions"}],"wp:attachment":[{"href":"https:\/\/linitiative.ca\/International\/wp-json\/wp\/v2\/media?parent=99660"}],"wp:term":[{"taxonomy":"category","embeddable":true,"href":"https:\/\/linitiative.ca\/International\/wp-json\/wp\/v2\/categories?post=99660"},{"taxonomy":"post_tag","embeddable":true,"href":"https:\/\/linitiative.ca\/International\/wp-json\/wp\/v2\/tags?post=99660"}],"curies":[{"name":"wp","href":"https:\/\/api.w.org\/{rel}","templated":true}]}}