{"id":99661,"date":"2020-09-22T11:42:00","date_gmt":"2020-09-22T15:42:00","guid":{"rendered":"https:\/\/linitiative.ca\/International\/mascara-le-wali-honore-les-chefs-de-dairas-partants\/"},"modified":"2020-09-22T11:42:00","modified_gmt":"2020-09-22T15:42:00","slug":"mascara-le-wali-honore-les-chefs-de-dairas-partants","status":"publish","type":"post","link":"https:\/\/linitiative.ca\/International\/mascara-le-wali-honore-les-chefs-de-dairas-partants\/","title":{"rendered":"MASCARA : Le wali honore les  chefs de da\u00efras partants"},"content":{"rendered":"<p><br id=\"sep_para_1\" class=\"sep_para access\"\/><\/p>\n<div id=\"para_1\" class=\"para_38721259 resize\">\n<div class=\"texte access firstletter\">Lundi matin, les chefs de da\u00efras partants ont \u00e9t\u00e9 les h\u00f4tes du wali de la wilaya de Mascara Abdelkhalek Sayouda en compagnie du docteur Brahmi Habib, pr\u00e9sident de l&rsquo;assembl\u00e9e populaire de wilaya pour les honorer et ce en pr\u00e9sence du secr\u00e9taire g\u00e9n\u00e9ral de la wilaya, des autorit\u00e9s locales civiles et militaires, les directeurs de l&rsquo;ex\u00e9cutif et les hommes de la presse. Ils s&rsquo;agissait de ceux mis fin \u00e0 leurs fonctions \u00e0 savoir : les chefs des da\u00efras de Mascara, Oued-El-Abtal, Ain Fekan et Zahana, ainsi que les autres mut\u00e9s pour assurer la m\u00eame fonction tels que le chef de la da\u00efra de Tighennif mut\u00e9 \u00e0 Oued Fodda dans la wilaya de Chlef, celle d&rsquo;El-Bordj qui a rejoint Rahouia dans la wilaya de Tiaret, et le chef de la da\u00efra de Sig mut\u00e9 \u00e0 Mansoura relevant de la wilaya de Tlemcen. L&rsquo;occasion \u00e9tait aussi pour l&rsquo;installation des nouveaux chefs de da\u00efra nomm\u00e9s dans la wilaya de Mascara, \u00e0 savoir : ceux des dairates de Mascara, Tighennif, Sig, Zahana, Mohammadia, Ain Fekan, Oued-El-Abtal, El-Bordj,Oued-Taria, Bouhanifia.\u00a0\u00a0\u00a0\u00a0\u00a0\u00a0\u00a0\u00a0\u00a0\u00a0\u00a0\u00a0\u00a0<\/div>\n<\/div>\n<p>Auteur: Sahraoui Lahcene<br \/>\n<a href=\"https:\/\/www.reflexiondz.net\/MASCARA-Le-wali-honore-les-chefs-de-dairas-partants_a65328.html\">Cliquez ici pour lire l&rsquo;article depuis sa source.<\/a><\/p>\n","protected":false},"excerpt":{"rendered":"<p>Lundi matin, les chefs de da\u00efras partants ont \u00e9t\u00e9 les h\u00f4tes du wali de la wilaya de Mascara Abdelkhalek Sayouda en compagnie du docteur Brahmi Habib, pr\u00e9sident de l&rsquo;assembl\u00e9e populaire de wilaya pour les honorer et ce en pr\u00e9sence du secr\u00e9taire g\u00e9n\u00e9ral de la wilaya, des autorit\u00e9s locales civiles et militaires, les directeurs de l&rsquo;ex\u00e9cutif [&hellip;]<\/p>\n","protected":false},"author":1740,"featured_media":0,"comment_status":"closed","ping_status":"closed","sticky":false,"template":"","format":"standard","meta":{"fifu_image_url":"","fifu_image_alt":"","footnotes":""},"categories":[53,76],"tags":[],"class_list":["post-99661","post","type-post","status-publish","format-standard","hentry","category-algerie","category-regions"],"_links":{"self":[{"href":"https:\/\/linitiative.ca\/International\/wp-json\/wp\/v2\/posts\/99661","targetHints":{"allow":["GET"]}}],"collection":[{"href":"https:\/\/linitiative.ca\/International\/wp-json\/wp\/v2\/posts"}],"about":[{"href":"https:\/\/linitiative.ca\/International\/wp-json\/wp\/v2\/types\/post"}],"author":[{"embeddable":true,"href":"https:\/\/linitiative.ca\/International\/wp-json\/wp\/v2\/users\/1740"}],"replies":[{"embeddable":true,"href":"https:\/\/linitiative.ca\/International\/wp-json\/wp\/v2\/comments?post=99661"}],"version-history":[{"count":0,"href":"https:\/\/linitiative.ca\/International\/wp-json\/wp\/v2\/posts\/99661\/revisions"}],"wp:attachment":[{"href":"https:\/\/linitiative.ca\/International\/wp-json\/wp\/v2\/media?parent=99661"}],"wp:term":[{"taxonomy":"category","embeddable":true,"href":"https:\/\/linitiative.ca\/International\/wp-json\/wp\/v2\/categories?post=99661"},{"taxonomy":"post_tag","embeddable":true,"href":"https:\/\/linitiative.ca\/International\/wp-json\/wp\/v2\/tags?post=99661"}],"curies":[{"name":"wp","href":"https:\/\/api.w.org\/{rel}","templated":true}]}}