{"id":99669,"date":"2020-09-22T06:00:00","date_gmt":"2020-09-22T10:00:00","guid":{"rendered":"https:\/\/linitiative.ca\/International\/lentame-de-la-preparation-fixee-a-dimanche-prochain\/"},"modified":"2020-09-22T06:00:00","modified_gmt":"2020-09-22T10:00:00","slug":"lentame-de-la-preparation-fixee-a-dimanche-prochain","status":"publish","type":"post","link":"https:\/\/linitiative.ca\/International\/lentame-de-la-preparation-fixee-a-dimanche-prochain\/","title":{"rendered":"L&rsquo;entame de la pr\u00e9paration fix\u00e9e \u00e0 dimanche prochain"},"content":{"rendered":"<p>Le MC Oran devrait entamer dimanche prochain la pr\u00e9paration d\u2019intersaison en vue de l\u2019exercice 2020-2021, dont le coup d\u2019envoi est programm\u00e9 pour le 20 novembre, a-t-on appris, hier, aupr\u00e8s de la direction de ce club de Ligue 1 de football.<br \/>En attendant, les joueurs ont commenc\u00e9 \u00e0 effectuer les examens m\u00e9dicaux avant de se lancer dans la pr\u00e9paration, en plus cette fois-ci, des tests PCR li\u00e9s au Covid-19, a ajout\u00e9 la m\u00eame source. Huiti\u00e8me \u00e0 l\u2019issue du Championnat de l\u2019exercice pass\u00e9, qui n\u2019\u00e9tait pas all\u00e9 \u00e0 son terme \u00e0 cause de la pand\u00e9mie de Covid-19, le club phare de la capitale de l\u2019Ouest aspire \u00e0 r\u00e9aliser un meilleur parcours la saison prochaine, selon des d\u00e9clarations de son nouveau pr\u00e9sident, Tayeb Mahiaoui. Et pour atteindre cet objectif, le responsable du club a fait appel \u00e0 l\u2019entra\u00eeneur fran\u00e7ais Bernard Casoni, qui devrait rejoindre sa nouvelle \u00e9quipe au d\u00e9but de la semaine prochaine, soit apr\u00e8s la fin de son isolement sanitaire qu\u2019il effectue dans l\u2019un des h\u00f4tels d\u2019Alger qu\u2019il a rejointe dimanche en provenance de Marseille. Casoni, qui sera \u00e0 sa troisi\u00e8me exp\u00e9rience dans le Championnat alg\u00e9rien apr\u00e8s avoir fait deux passages aux commandes techniques du MC Alger, sera assist\u00e9 par Omar Belatoui, ainsi que le pr\u00e9parateur des gardiens de but, R\u00e9da Acimi, deux anciens joueurs du MCO. Son staff sera renforc\u00e9 aussi prochainement par un pr\u00e9parateur physique fran\u00e7ais que le nouveau driver des Hamraoua a lui-m\u00eame propos\u00e9, indique-t-on de m\u00eame source. C\u00f4t\u00e9 effectif, la direction oranaise a r\u00e9ussi \u00e0 prolonger les contrats de plusieurs joueurs, except\u00e9 le capitaine d\u2019\u00e9quipe, Zineddine Sebbah, parti au NA Hussein-Dey, rappelle-t-on. Elle a, en revanche, lib\u00e9r\u00e9 le gardien de but, Mazouzi, le d\u00e9fenseur Bendjelloul et l\u2019attaquant Abdelhafid, en attendant de trancher le sort des milieux de terrain Heriat et Mansouri. Le pr\u00e9sident Mahiaoui se montre n\u00e9anmoins actif sur le march\u00e9 des transferts en engageant plusieurs joueurs jusque-l\u00e0, \u00e0 l\u2019image du portier Limane (ex-CS Constantine), Benali (ex-O M\u00e9d\u00e9a), Nekkache et Derrardja (ex-MC Alger), Khettab (ex-WA Boufarik) et Siam (ex-AS A\u00efn-M\u2019lila).<\/p>\n<p>Auteur:<br \/>\n<a href=\"https:\/\/www.lesoirdalgerie.com\/sports\/lentame-de-la-preparation-fixee-a-dimanche-prochain-48528\">Cliquez ici pour lire l&rsquo;article depuis sa source.<\/a><\/p>\n","protected":false},"excerpt":{"rendered":"<p>Le MC Oran devrait entamer dimanche prochain la pr\u00e9paration d\u2019intersaison en vue de l\u2019exercice 2020-2021, dont le coup d\u2019envoi est programm\u00e9 pour le 20 novembre, a-t-on appris, hier, aupr\u00e8s de la direction de ce club de Ligue 1 de football.En attendant, les joueurs ont commenc\u00e9 \u00e0 effectuer les examens m\u00e9dicaux avant de se lancer dans [&hellip;]<\/p>\n","protected":false},"author":1741,"featured_media":0,"comment_status":"closed","ping_status":"closed","sticky":false,"template":"","format":"standard","meta":{"fifu_image_url":"","fifu_image_alt":"","footnotes":""},"categories":[73,53],"tags":[],"class_list":["post-99669","post","type-post","status-publish","format-standard","hentry","category-actualite","category-algerie"],"_links":{"self":[{"href":"https:\/\/linitiative.ca\/International\/wp-json\/wp\/v2\/posts\/99669","targetHints":{"allow":["GET"]}}],"collection":[{"href":"https:\/\/linitiative.ca\/International\/wp-json\/wp\/v2\/posts"}],"about":[{"href":"https:\/\/linitiative.ca\/International\/wp-json\/wp\/v2\/types\/post"}],"author":[{"embeddable":true,"href":"https:\/\/linitiative.ca\/International\/wp-json\/wp\/v2\/users\/1741"}],"replies":[{"embeddable":true,"href":"https:\/\/linitiative.ca\/International\/wp-json\/wp\/v2\/comments?post=99669"}],"version-history":[{"count":0,"href":"https:\/\/linitiative.ca\/International\/wp-json\/wp\/v2\/posts\/99669\/revisions"}],"wp:attachment":[{"href":"https:\/\/linitiative.ca\/International\/wp-json\/wp\/v2\/media?parent=99669"}],"wp:term":[{"taxonomy":"category","embeddable":true,"href":"https:\/\/linitiative.ca\/International\/wp-json\/wp\/v2\/categories?post=99669"},{"taxonomy":"post_tag","embeddable":true,"href":"https:\/\/linitiative.ca\/International\/wp-json\/wp\/v2\/tags?post=99669"}],"curies":[{"name":"wp","href":"https:\/\/api.w.org\/{rel}","templated":true}]}}