{"id":99670,"date":"2020-09-22T06:00:00","date_gmt":"2020-09-22T10:00:00","guid":{"rendered":"https:\/\/linitiative.ca\/International\/amrani-content-de-la-reprise\/"},"modified":"2020-09-22T06:00:00","modified_gmt":"2020-09-22T10:00:00","slug":"amrani-content-de-la-reprise","status":"publish","type":"post","link":"https:\/\/linitiative.ca\/International\/amrani-content-de-la-reprise\/","title":{"rendered":"Amrani \u00abcontent\u00bb de la reprise"},"content":{"rendered":"<p>A l\u2019instar des autres clubs de la Ligue 1, le CS Constantine a repris, dimanche, le chemin du travail, six mois apr\u00e8s l\u2019arr\u00eat des comp\u00e9titions et des entra\u00eenements \u00e0 cause du Covid-19.<br \/>L\u2019\u00e9quipe de l\u2019antique Cirta, qui s\u2019est renforc\u00e9e durant ce mercato estival ouvert le 5 ao\u00fbt dernier, devra permettre au coach Abdelkader Amrani, le revenant, de lancer les chantiers en vue des prochaines \u00e9ch\u00e9ances. Le CSC est annonc\u00e9 parmi les clubs \u00e9ventuellement concern\u00e9s par la prochaine \u00e9dition de la Coupe de l\u2019UAFA et doit, en outre, se bagarrer sur les deux tableaux nationaux lors de l\u2019exercice 2020-2021. Cette reprise, l\u2019entra\u00eeneur tlemcenien du CSC l\u2019a accueillie avec beaucoup de philosophie. \u00abCe sont des retrouvailles apr\u00e8s une longue p\u00e9riode d\u2019hibernation. Nous avions besoin de nous retrouver comme dans une famille. La reprise va nous offrir beaucoup de confiance d\u2019autant plus qu\u2019elle intervient \u00e0 un moment particulier de la vie des gens. La pand\u00e9mie menace toujours la sant\u00e9 de la population, mais je pense que nous sommes mieux arm\u00e9s pour g\u00e9rer cette p\u00e9riode. Les joueurs ont, en tout cas, bien accueilli la nouvelle de la reprise et semblent d\u00e9sireux de travailler fonci\u00e8rement pour \u00eatre pr\u00eats \u00e0 la reprise du Championnat. Le club cher aux Sanafir compte r\u00e9aliser une saison beaucoup plus \u00abs\u00e9rieuse\u00bb que celle qui n\u2019a pas connu son terme, en 2019-2020. Pour ce faire, outre le recrutement de quelques joueurs \u00abutiles\u00bb, dont le dernier fut l\u2019ex-attaquant usmiste Ya\u00efche, le CSC s\u2019est s\u00e9par\u00e9 d\u2019\u00e9l\u00e9ments qui avaient du mal \u00e0 s\u2019int\u00e9grer au sein de l\u2019\u00e9quipe, \u00e0 l\u2019exemple de Bourkab et Dehamchi. Ceci sans oublier les d\u00e9parts de Belkacemi et de Benayada, en fin de contrat, et que le club voulait conserver, contrairement aux attaquants Aouadj et Balegh, lib\u00e9r\u00e9s avant m\u00eame le lancement des pr\u00e9paratifs de cette intersaison.<br \/>M. B.<\/p>\n<p>Auteur:<br \/>\n<a href=\"https:\/\/www.lesoirdalgerie.com\/sports\/amrani-content-de-la-reprise-48527\">Cliquez ici pour lire l&rsquo;article depuis sa source.<\/a><\/p>\n","protected":false},"excerpt":{"rendered":"<p>A l\u2019instar des autres clubs de la Ligue 1, le CS Constantine a repris, dimanche, le chemin du travail, six mois apr\u00e8s l\u2019arr\u00eat des comp\u00e9titions et des entra\u00eenements \u00e0 cause du Covid-19.L\u2019\u00e9quipe de l\u2019antique Cirta, qui s\u2019est renforc\u00e9e durant ce mercato estival ouvert le 5 ao\u00fbt dernier, devra permettre au coach Abdelkader Amrani, le revenant, [&hellip;]<\/p>\n","protected":false},"author":1741,"featured_media":0,"comment_status":"closed","ping_status":"closed","sticky":false,"template":"","format":"standard","meta":{"fifu_image_url":"","fifu_image_alt":"","footnotes":""},"categories":[73,53],"tags":[],"class_list":["post-99670","post","type-post","status-publish","format-standard","hentry","category-actualite","category-algerie"],"_links":{"self":[{"href":"https:\/\/linitiative.ca\/International\/wp-json\/wp\/v2\/posts\/99670","targetHints":{"allow":["GET"]}}],"collection":[{"href":"https:\/\/linitiative.ca\/International\/wp-json\/wp\/v2\/posts"}],"about":[{"href":"https:\/\/linitiative.ca\/International\/wp-json\/wp\/v2\/types\/post"}],"author":[{"embeddable":true,"href":"https:\/\/linitiative.ca\/International\/wp-json\/wp\/v2\/users\/1741"}],"replies":[{"embeddable":true,"href":"https:\/\/linitiative.ca\/International\/wp-json\/wp\/v2\/comments?post=99670"}],"version-history":[{"count":0,"href":"https:\/\/linitiative.ca\/International\/wp-json\/wp\/v2\/posts\/99670\/revisions"}],"wp:attachment":[{"href":"https:\/\/linitiative.ca\/International\/wp-json\/wp\/v2\/media?parent=99670"}],"wp:term":[{"taxonomy":"category","embeddable":true,"href":"https:\/\/linitiative.ca\/International\/wp-json\/wp\/v2\/categories?post=99670"},{"taxonomy":"post_tag","embeddable":true,"href":"https:\/\/linitiative.ca\/International\/wp-json\/wp\/v2\/tags?post=99670"}],"curies":[{"name":"wp","href":"https:\/\/api.w.org\/{rel}","templated":true}]}}