{"id":99671,"date":"2020-09-22T06:00:00","date_gmt":"2020-09-22T10:00:00","guid":{"rendered":"https:\/\/linitiative.ca\/International\/cinq-jeunes-integrent-lequipe-premiere\/"},"modified":"2020-09-22T06:00:00","modified_gmt":"2020-09-22T10:00:00","slug":"cinq-jeunes-integrent-lequipe-premiere","status":"publish","type":"post","link":"https:\/\/linitiative.ca\/International\/cinq-jeunes-integrent-lequipe-premiere\/","title":{"rendered":"Cinq jeunes int\u00e8grent l\u2019\u00e9quipe premi\u00e8re"},"content":{"rendered":"<p>Le MC Alger a repris, dimanche, sa pr\u00e9paration d\u2019intersaison. Un retour au travail qui a \u00e9t\u00e9 pr\u00e9c\u00e9d\u00e9 par les n\u00e9cessaires examens li\u00e9s au Covid-19 et l\u2019\u00e9tat physique des joueurs \u00e0 l\u2019arr\u00eat depuis plus de six mois. Hier, le groupe dirig\u00e9 par Nabil Neghiz a enregistr\u00e9 le renfort de 5 jeunes espoirs qui s\u2019entra\u00eeneront avec l\u2019\u00e9quipe en vue de la prochaine saison. Il s\u2019agit des joueurs Rahmani, Benyahia, Benmami, Ya\u00e2koubi et Silam. La pr\u00e9paration des Mouloud\u00e9ens, qui a d\u00e9but\u00e9 \u00e0 l\u2019ESRHA d\u2019A\u00efn-B\u00e9nian, se poursuivra jusqu\u2019au d\u00e9but du mois prochain \u00e0 Mostaganem o\u00f9 les camarades de Hachoud seront en stage d\u2019une dizaine de jours au niveau de l\u2019h\u00f4tel AZ Montana. Dans un registre purement organisationnel, la direction d\u2019Abdennacer Almas a d\u00e9cid\u00e9 de mettre fin aux fonctions des agents de s\u00e9curit\u00e9 charg\u00e9s de la protection de l\u2019\u00e9quipe. Le motif de cette d\u00e9cision n\u2019a pas \u00e9t\u00e9 r\u00e9v\u00e9l\u00e9 mais il semble bien qu\u2019il s\u2019agit d\u2019une forme de \u00abprotection\u00bb contre les fuites signal\u00e9es ces derniers mois, qui ont port\u00e9 pr\u00e9judice \u00e0 l\u2019image des responsables de la SSPA.<br \/>M. B.<\/p>\n<p>Auteur:<br \/>\n<a href=\"https:\/\/www.lesoirdalgerie.com\/sports\/cinq-jeunes-integrent-lequipe-premiere-48526\">Cliquez ici pour lire l&rsquo;article depuis sa source.<\/a><\/p>\n","protected":false},"excerpt":{"rendered":"<p>Le MC Alger a repris, dimanche, sa pr\u00e9paration d\u2019intersaison. Un retour au travail qui a \u00e9t\u00e9 pr\u00e9c\u00e9d\u00e9 par les n\u00e9cessaires examens li\u00e9s au Covid-19 et l\u2019\u00e9tat physique des joueurs \u00e0 l\u2019arr\u00eat depuis plus de six mois. Hier, le groupe dirig\u00e9 par Nabil Neghiz a enregistr\u00e9 le renfort de 5 jeunes espoirs qui s\u2019entra\u00eeneront avec l\u2019\u00e9quipe [&hellip;]<\/p>\n","protected":false},"author":1741,"featured_media":0,"comment_status":"closed","ping_status":"closed","sticky":false,"template":"","format":"standard","meta":{"fifu_image_url":"","fifu_image_alt":"","footnotes":""},"categories":[73,53],"tags":[],"class_list":["post-99671","post","type-post","status-publish","format-standard","hentry","category-actualite","category-algerie"],"_links":{"self":[{"href":"https:\/\/linitiative.ca\/International\/wp-json\/wp\/v2\/posts\/99671","targetHints":{"allow":["GET"]}}],"collection":[{"href":"https:\/\/linitiative.ca\/International\/wp-json\/wp\/v2\/posts"}],"about":[{"href":"https:\/\/linitiative.ca\/International\/wp-json\/wp\/v2\/types\/post"}],"author":[{"embeddable":true,"href":"https:\/\/linitiative.ca\/International\/wp-json\/wp\/v2\/users\/1741"}],"replies":[{"embeddable":true,"href":"https:\/\/linitiative.ca\/International\/wp-json\/wp\/v2\/comments?post=99671"}],"version-history":[{"count":0,"href":"https:\/\/linitiative.ca\/International\/wp-json\/wp\/v2\/posts\/99671\/revisions"}],"wp:attachment":[{"href":"https:\/\/linitiative.ca\/International\/wp-json\/wp\/v2\/media?parent=99671"}],"wp:term":[{"taxonomy":"category","embeddable":true,"href":"https:\/\/linitiative.ca\/International\/wp-json\/wp\/v2\/categories?post=99671"},{"taxonomy":"post_tag","embeddable":true,"href":"https:\/\/linitiative.ca\/International\/wp-json\/wp\/v2\/tags?post=99671"}],"curies":[{"name":"wp","href":"https:\/\/api.w.org\/{rel}","templated":true}]}}