{"id":99673,"date":"2020-09-22T15:44:14","date_gmt":"2020-09-22T19:44:14","guid":{"rendered":"https:\/\/linitiative.ca\/International\/ghalia-mokhtari-le-royaume-est-bien-positionne-pour-realiser-son-ambition-de-devenir-un-veritable-hub-energetique\/"},"modified":"2020-09-22T15:44:14","modified_gmt":"2020-09-22T19:44:14","slug":"ghalia-mokhtari-le-royaume-est-bien-positionne-pour-realiser-son-ambition-de-devenir-un-veritable-hub-energetique","status":"publish","type":"post","link":"https:\/\/linitiative.ca\/International\/ghalia-mokhtari-le-royaume-est-bien-positionne-pour-realiser-son-ambition-de-devenir-un-veritable-hub-energetique\/","title":{"rendered":"Ghalia Mokhtari :\u00ab le Royaume est bien positionn\u00e9 pour r\u00e9aliser son ambition de devenir un v\u00e9ritable hub \u00e9nerg\u00e9tique \u00bb"},"content":{"rendered":"<p><strong>Dans une tribune publi\u00e9e dans \u00ab\u00a0The Parliament\u00a0\u00bb, le magazine du parlement europ\u00e9en, Ghalia Mokhtari, avocate en droit, sp\u00e9cialiste du climat et de l\u2019\u00e9nergie \u00e0 l\u2019Institut marocain de renseignement strat\u00e9gique (IMIS) est revenue sur les efforts et chantiers du Maroc en mati\u00e8re de strat\u00e9gie \u00e9nerg\u00e9tique. \u00c0 travers sa situation g\u00e9ographique, ses projets et son engagement dans la lutte contre le changement \u00e9nerg\u00e9tique, le Maroc se positionne comme un hub \u00e9nerg\u00e9tique entre l\u2019Afrique et l\u2019Europe.<\/strong><\/p>\n<div class=\"c10\"\/>\n<p><strong>L\u2019UE b\u00e9n\u00e9ficiera de la r\u00e9vision de la strat\u00e9gie \u00e9nerg\u00e9tique du Maroc<\/strong><\/p>\n<p>Depuis les premi\u00e8res mesures du gouvernement \u00e0 la fin des ann\u00e9es 1990, le Maroc a entrepris un examen approfondi de sa strat\u00e9gie \u00e9nerg\u00e9tique. Cette refonte a \u00e9t\u00e9 r\u00e9alis\u00e9e gr\u00e2ce \u00e0 un certain nombre de projets concrets. Tout d\u2019abord, positionner le Maroc comme un acteur de premier plan en Afrique du Nord et en M\u00e9diterran\u00e9e. Les premi\u00e8res tentatives ont consist\u00e9 \u00e0 entamer des n\u00e9gociations de joint-venture, au milieu des ann\u00e9es 1990, sur le gazoduc Maghreb-Europe avec l\u2019Alg\u00e9rie, l\u2019Espagne et le Portugal.<br \/>Deuxi\u00e8mement, d\u00e9velopper la capacit\u00e9 de production d\u2019\u00e9lectricit\u00e9 du Royaume, notamment par des modifications l\u00e9gislatives permettant aux acteurs priv\u00e9s de d\u00e9velopper des projets \u00e9nerg\u00e9tiques. Il s\u2019agit notamment de projets de grande envergure tels que le projet Jorf Lasfar, qui a r\u00e9cemment vu son accord d\u2019achat d\u2019\u00e9lectricit\u00e9 avec l\u2019ONEE (Office national de l\u2019\u00e9lectricit\u00e9 et de l\u2019eau potable du Maroc) prolong\u00e9 jusqu\u2019en 2044.<br \/>Enfin, d\u00e9velopper plus de projets renouvelables, y compris des projets d\u2019\u00e9nergie \u00e9olienne tels que le r\u00e9\u00e9quipement du parc \u00e9olien de Koudia Al Baida dans le nord du Maroc, d\u00e9velopp\u00e9 pour la premi\u00e8re fois en 1997.<\/p>\n<p><strong>Le Maroc leader des \u00e9nergies renouvelables<\/strong><\/p>\n<p> Depuis 2009, le Maroc a mis en place un ambitieux programme d\u2019\u00e9nergies renouvelables visant \u00e0 augmenter la part des \u00e9nergies renouvelables dans le r\u00e9seau \u00e9nerg\u00e9tique national \u00e0 42% d\u2019ici 2021 et 52% d\u2019ici 2030. Le programme marocain, qui d\u00e9finit des strat\u00e9gies d\u00e9di\u00e9es \u00e0 l\u2019\u00e9olien et au solaire, comprend le d\u00e9veloppement de plusieurs projets renouvelables par des promoteurs comme Nareva, Engie et ACWA. Les projets Noor d\u00e9velopp\u00e9s par MASEN (l\u2019Agence Marocaine de l\u2019Energie Durable) devraient produire jusqu\u2019\u00e0 582 MW lorsqu\u2019ils seront pleinement op\u00e9rationnels.<\/p>\n<p><strong>Lire aussi| <a href=\"https:\/\/www.challenge.ma\/il-faut-repenser-nos-choix-strategiques-de-developpement-si-nous-voulons-etre-parmi-les-gagnants-dans-cette-crise-157332\/\">Najib Akesbi : \u00ab\u00a0Il faut repenser nos choix strat\u00e9giques de d\u00e9veloppement si nous voulons \u00eatre parmi les gagnants dans cette crise\u00a0\u00bb<\/a><\/strong><\/p>\n<p>Le Maroc est aujourd\u2019hui un leader dans le secteur des \u00e9nergies renouvelables tant en Afrique du Nord que sur l\u2019ensemble du continent africain. Gr\u00e2ce \u00e0 sa situation g\u00e9ographique privil\u00e9gi\u00e9e avec un acc\u00e8s \u00e0 la M\u00e9diterran\u00e9e et un tr\u00e8s long littoral sur l\u2019Atlantique, le Royaume est bien positionn\u00e9 pour r\u00e9aliser son ambition de devenir un v\u00e9ritable hub \u00e9nerg\u00e9tique.<\/p>\n<p><strong>Le Maroc en tant que hub \u00e9nerg\u00e9tique m\u00e9diterran\u00e9en et partenaire cl\u00e9 de l\u2019Europe<\/strong><\/p>\n<p>D\u00e9velopper une strat\u00e9gie \u00e9nerg\u00e9tique r\u00e9gionale en partenariat avec l\u2019Union europ\u00e9enne, notamment une strat\u00e9gie verte, permettrait au Maroc de jouer un r\u00f4le majeur dans la cr\u00e9ation d\u2019un hub \u00e9nerg\u00e9tique m\u00e9diterran\u00e9en dans le sud de l\u2019Europe, garantissant la s\u00e9curit\u00e9 \u00e9nerg\u00e9tique de l\u2019Europe et du monde. En outre, faciliter la coop\u00e9ration Sud-Sud \u2013 entre les pays en d\u00e9veloppement \u2013 profiterait \u00e9galement aux pays du Nord qui, en \u00e9change d\u2019une assistance technique et financi\u00e8re, r\u00e9coltent souvent des b\u00e9n\u00e9fices des projets qu\u2019ils contribuent \u00e0 d\u00e9velopper alors que leurs homologues du Sud deviennent d\u2019importants fournisseurs d\u2019\u00e9nergie.<\/p>\n<p>Ces pays en d\u00e9veloppement sont des puissances \u00e0 part enti\u00e8re, contribuant \u00e0 plus de la moiti\u00e9 de la croissance mondiale ces derni\u00e8res ann\u00e9es. Aujourd\u2019hui, le commerce intra-sud repr\u00e9sente plus d\u2019un quart du commerce mondial, et les flux d\u2019investissements directs \u00e9trangers venant des pays du Sud repr\u00e9sentent actuellement un tiers des flux de capitaux mondiaux. Le Maroc a d\u00e9j\u00e0 pris des mesures pour atteindre son objectif de partenariat avec l\u2019Europe, avec l\u2019annonce du projet de gazoduc Maroc-Nigeria en 2016, qui aidera \u00e0 positionner le Royaume comme un hub entre la rive sud de la M\u00e9diterran\u00e9e et les pays africains exportateurs d\u2019\u00e9nergie.<br \/>Le projet, actuellement en phase de d\u00e9veloppement, devrait permettre de relier les ressources gazi\u00e8res nig\u00e9rianes aux pays d\u2019Afrique de l\u2019Ouest et au Maroc, et de l\u00e0 \u00e0 l\u2019Europe. D\u2019un point de vue purement \u00e9conomique, les interconnexions donnent un acc\u00e8s aux march\u00e9s offrant de meilleures opportunit\u00e9s commerciales et donc des incitations financi\u00e8res plus attrayantes pour les projets d\u2019\u00e9nergie renouvelable, en permettant de tirer pleinement parti du potentiel d\u2019\u00e9nergie renouvelable de la r\u00e9gion et d\u2019explorer le d\u00e9veloppement d\u2019autres projets comme l\u2019offshoring.<\/p>\n<p><strong>Lire aussi| <a href=\"https:\/\/www.challenge.ma\/hydrogene-comment-le-maroc-peut-devenir-le-premier-fournisseur-de-lunion-europeenne-152265\/#:~:text=Si%20le%20Royaume%20effectue%20les,formidable%20opportunit%C3%A9%20%C3%A9conomique%20et%20g%C3%A9opolitique.\">Hydrog\u00e8ne\u00a0: Comment le Maroc peut devenir le premier fournisseur de l\u2019Union Europ\u00e9enne\u00a0<\/a><\/strong><\/p>\n<p>Pour tous ces projets, l\u2019Union europ\u00e9enne a int\u00e9r\u00eat \u00e0 participer \u00e0 l\u2019\u00e9laboration d\u2019une strat\u00e9gie d\u2019int\u00e9gration r\u00e9gionale.<br \/>Si les arguments \u00e9conomiques en faveur d\u2019une meilleure int\u00e9gration r\u00e9gionale n\u2019\u00e9taient pas suffisants, la logique politique est tout aussi convaincante, notamment en ce qui concerne la normalisation des relations diplomatiques tendues au Maghreb.<\/p>\n<p><strong>L\u2019engagement du Maroc dans la lutte contre le changement climatique<\/strong><\/p>\n<p>Loin de se concentrer uniquement sur le potentiel \u00e9conomique et politique de sa strat\u00e9gie \u00e9nerg\u00e9tique, le Maroc est \u00e9galement profond\u00e9ment conscient des d\u00e9fis environnementaux et climatiques auxquels le monde est confront\u00e9. Compte tenu de l\u2019importance mondiale de ces questions climatiques, le Maroc a lanc\u00e9 plusieurs programmes verts au d\u00e9but de cette ann\u00e9e, y compris le programme G\u00e9n\u00e9ration verte 2020-2030, qui vise \u00e0 d\u00e9velopper le secteur agricole en favorisant l\u2019\u00e9conomie d\u2019eau d\u2019irrigation et en r\u00e9duisant la d\u00e9pendance du Royaume \u00e0 l\u2019agriculture pluviale.<\/p>\n<p>En outre, suite \u00e0 la nomination des membres de la Commission sp\u00e9ciale sur le mod\u00e8le de d\u00e9veloppement (CSMD), le Maroc a commenc\u00e9 \u00e0 \u00e9laborer un code environnemental. Le code et le nouveau mod\u00e8le de d\u00e9veloppement devraient inclure des mesures concr\u00e8tes et cibl\u00e9es pour mieux prot\u00e9ger l\u2019environnement et r\u00e9duire les \u00e9missions de gaz \u00e0 effet de serre.<\/p>\n<div class=\"vw-sticky-sidebar-wrapper vw-sticky-sidebar widget_text awac-wrapper widget_text awac widget custom_html-4 textwidget custom-html-widget\">\n<p class=\"has-background c12\"><span class=\"widget-title c11\">Tribune et D\u00e9bats<\/span><\/p>\n<p>La tribune qui vous parle d\u2019une actu, d\u2019un sujet qui fait d\u00e9bat, les traite et les analyse. \u00c9conomistes et autres experts, patrons d\u2019entreprises, d\u00e9cideurs, acteurs de la soci\u00e9t\u00e9 civile, s\u2019y prononcent et contribuent \u00e0 sa grande richesse. Vous avez votre opinion, convergente ou diff\u00e9rente. Exprimez-la et mesurez-vous ainsi \u00e0 nos tribuns et d\u00e9batteurs.<\/p>\n<p>Envoyez vos analyses \u00e0 : <a href=\"\/cdn-cgi\/l\/email-protection#aac9c5c4decbc9deeac9c2cbc6c6cfc4cdcf84c7cb\"><span class=\"__cf_email__\" data-cfemail=\"8ae9e5e4feebe9fecae9e2ebe6e6efe4edefa4e7eb\">[email\u00a0protected]<\/span><\/a>, en pr\u00e9cisant votre nom, votre pr\u00e9nom et votre m\u00e9tier.<\/p>\n<\/div>\n<p>Auteur: challenge<br \/>\n<a href=\"https:\/\/www.challenge.ma\/ghalia-mokhtari-le-royaume-est-bien-positionne-pour-realiser-son-ambition-de-devenir-un-veritable-hub-energetique-157862\/\">Cliquez ici pour lire l&rsquo;article depuis sa source.<\/a><\/p>\n","protected":false},"excerpt":{"rendered":"<p>Dans une tribune publi\u00e9e dans \u00ab\u00a0The Parliament\u00a0\u00bb, le magazine du parlement europ\u00e9en, Ghalia Mokhtari, avocate en droit, sp\u00e9cialiste du climat et de l\u2019\u00e9nergie \u00e0 l\u2019Institut marocain de renseignement strat\u00e9gique (IMIS) est revenue sur les efforts et chantiers du Maroc en mati\u00e8re de strat\u00e9gie \u00e9nerg\u00e9tique. \u00c0 travers sa situation g\u00e9ographique, ses projets et son engagement dans [&hellip;]<\/p>\n","protected":false},"author":1787,"featured_media":0,"comment_status":"closed","ping_status":"closed","sticky":false,"template":"","format":"standard","meta":{"fifu_image_url":"","fifu_image_alt":"","footnotes":""},"categories":[78,54],"tags":[],"class_list":["post-99673","post","type-post","status-publish","format-standard","hentry","category-economie","category-maroc"],"_links":{"self":[{"href":"https:\/\/linitiative.ca\/International\/wp-json\/wp\/v2\/posts\/99673","targetHints":{"allow":["GET"]}}],"collection":[{"href":"https:\/\/linitiative.ca\/International\/wp-json\/wp\/v2\/posts"}],"about":[{"href":"https:\/\/linitiative.ca\/International\/wp-json\/wp\/v2\/types\/post"}],"author":[{"embeddable":true,"href":"https:\/\/linitiative.ca\/International\/wp-json\/wp\/v2\/users\/1787"}],"replies":[{"embeddable":true,"href":"https:\/\/linitiative.ca\/International\/wp-json\/wp\/v2\/comments?post=99673"}],"version-history":[{"count":0,"href":"https:\/\/linitiative.ca\/International\/wp-json\/wp\/v2\/posts\/99673\/revisions"}],"wp:attachment":[{"href":"https:\/\/linitiative.ca\/International\/wp-json\/wp\/v2\/media?parent=99673"}],"wp:term":[{"taxonomy":"category","embeddable":true,"href":"https:\/\/linitiative.ca\/International\/wp-json\/wp\/v2\/categories?post=99673"},{"taxonomy":"post_tag","embeddable":true,"href":"https:\/\/linitiative.ca\/International\/wp-json\/wp\/v2\/tags?post=99673"}],"curies":[{"name":"wp","href":"https:\/\/api.w.org\/{rel}","templated":true}]}}