{"id":99676,"date":"2020-09-22T12:33:21","date_gmt":"2020-09-22T16:33:21","guid":{"rendered":"https:\/\/linitiative.ca\/International\/tunisie-deces-par-coronavirus-enregistre-a-ben-arous\/"},"modified":"2020-09-22T12:33:21","modified_gmt":"2020-09-22T16:33:21","slug":"tunisie-deces-par-coronavirus-enregistre-a-ben-arous","status":"publish","type":"post","link":"https:\/\/linitiative.ca\/International\/tunisie-deces-par-coronavirus-enregistre-a-ben-arous\/","title":{"rendered":"Tunisie: D\u00e9c\u00e8s par Coronavirus enregistr\u00e9 \u00e0 Ben Arous"},"content":{"rendered":"<div class=\"post-cont-in left relative\">\n<div id=\"post-info-wrap\" class=\"left relative post-info-out\">\n<div class=\"post-info-img left relative\"><img loading=\"lazy\" decoding=\"async\" alt=\"\" src=\"https:\/\/secure.gravatar.com\/avatar\/f24e22b5a9537dca3d2931b75362afa3?s=50&amp;d=mm&amp;r=g\" srcset=\"https:\/\/secure.gravatar.com\/avatar\/f24e22b5a9537dca3d2931b75362afa3?s=100&amp;d=mm&amp;r=g 2x\" class=\"avatar avatar-50 photo\" height=\"50\" width=\"50\"\/><\/div>\n<div class=\"post-info-in\">\n<div class=\"post-info-right left relative post-info-name left relative\"><span itemprop=\"author\" itemscope=\"\" itemtype=\"https:\/\/schema.org\/Person\"><span class=\"post-info-text\">Par<\/span> <span class=\"author-name vcard fn author\" itemprop=\"name\"><a href=\"https:\/\/www.tunisienumerique.com\/author\/youeesf-b\/\" title=\"Articles par Mourad S\" rel=\"author\">Mourad S<\/a><\/span><\/span> <span class=\"post-date updated\"><time class=\"post-date updated\" itemprop=\"datePublished\" datetime=\"2020-09-22\">\u00a0| Il y a 4 heures<\/time><\/span><\/div>\n<div class=\"left relative\"><button id=\"listenButton1\" class=\"responsivevoice-button\" type=\"button\" value=\"Play\" title=\"&#xC9;coutez l'article\"><span>\ud83d\udd0a \u00c9coutez l&rsquo;article<\/span><\/button> <\/div>\n<\/div>\n<\/div>\n<p>La direction r\u00e9gionale de la sant\u00e9 de Ben Arous a annonc\u00e9, mardi, avoir enregistr\u00e9 le d\u00e9c\u00e8s d\u2019une femme de 64 ans, dont les tests de laboratoire ont prouv\u00e9 la contagion par laCovid-19, apr\u00e8s avoir re\u00e7u une notification de la direction de l\u2019h\u00f4pital de la Rabta.<\/p>\n<div class=\"code-block code-block-1 c4\"><ins class=\"adsbygoogle c3\" data-ad-layout=\"in-article\" data-ad-format=\"fluid\" data-ad-client=\"ca-pub-2102118777505746\" data-ad-slot=\"7301775417\"\/> <\/div>\n<p>La d\u00e9c\u00e9d\u00e9e, originaire, de la ville de Mghira \u00e0 Fouchana, a \u00e9t\u00e9 admise \u00e0 l\u2019h\u00f4pital et a subi une chirurgie cardiaque. A ce moment-l\u00e0 elle n\u2019\u00e9tait pas infect\u00e9e par le virus, mais elle a \u00e9t\u00e9 contamin\u00e9e \u00e0 l\u2019int\u00e9rieur de l\u2019h\u00f4pital, selon les donn\u00e9es pr\u00e9liminaires disponibles.<\/p>\n<p>Selon une source m\u00e9dicale, des \u00e9chantillons de laboratoire ont \u00e9t\u00e9 pr\u00e9lev\u00e9s sur tous les individus et tous les r\u00e9sultats ont \u00e9t\u00e9 n\u00e9gatifs. Il est attendu \u00e0 ce qu\u2019elle soit enterr\u00e9e ce soir, selon les protocoles m\u00e9dicaux approuv\u00e9s dans l\u2019op\u00e9ration d\u2019inhumation.<\/p>\n<div class=\"swp_social_panel swp_horizontal_panel swp_flat_fresh swp_default_full_color swp_individual_full_color swp_other_full_color scale-100 scale-\" data-min-width=\"1100\" data-float-color=\"#ffffff\" data-float=\"bottom\" data-float-mobile=\"bottom\" data-transition=\"slide\">\n<div class=\"nc_tweetContainer swp_share_button total_shares total_sharesalt\"><span class=\"swp_count\">17 <span class=\"swp_label\">Partages<\/span><\/span><\/div>\n<\/div>\n<p><strong>Que se passe-t-il en Tunisie?<\/strong><br \/>Nous expliquons sur notre <a href=\"https:\/\/www.youtube.com\/channel\/UCRzypVq0B_yBad5eGrwBx0Q?sub_confirmation=1\" target=\"_blank\" rel=\"noopener noreferrer\">cha\u00eene YouTube<\/a> . <a href=\"https:\/\/www.youtube.com\/channel\/UCRzypVq0B_yBad5eGrwBx0Q?sub_confirmation=1\" target=\"_blank\" rel=\"noopener noreferrer\">Abonnez-vous!<\/a><\/p>\n<div class=\"mvp-org-wrap mvp-org-logo\" itemprop=\"publisher\" itemscope=\"\" itemtype=\"https:\/\/schema.org\/Organization\"><img decoding=\"async\" src=\"https:\/\/www.tunisienumerique.com\/wp-content\/uploads\/2017\/02\/logo_tunisie_numerique.png\"\/><\/div>\n<div class=\"mvp-related-posts left relative\">\n<h4 class=\"post-header\"><span class=\"post-header\">Lire aussi<\/span><\/h4>\n<\/div>\n<div id=\"article-ad\"><ins class=\"adsbygoogle c5\" data-ad-client=\"ca-pub-2102118777505746\" data-ad-slot=\"6513972734\" data-ad-format=\"auto\" data-full-width-responsive=\"true\"\/> <\/div>\n<\/div>\n<div id=\"post-sidebar-wrap\"><ins class=\"adsbygoogle c5\" data-ad-client=\"ca-pub-2102118777505746\" data-ad-slot=\"6168283410\" data-ad-format=\"auto\" data-full-width-responsive=\"true\"\/> <\/div>\n<p>Auteur: Mourad S<br \/>\n<a href=\"https:\/\/www.tunisienumerique.com\/tunisie-deces-par-coronavirus-enregistre-a-ben-arous\/\">Cliquez ici pour lire l&rsquo;article depuis sa source.<\/a><\/p>\n","protected":false},"excerpt":{"rendered":"<p>Par Mourad S \u00a0| Il y a 4 heures \ud83d\udd0a \u00c9coutez l&rsquo;article La direction r\u00e9gionale de la sant\u00e9 de Ben Arous a annonc\u00e9, mardi, avoir enregistr\u00e9 le d\u00e9c\u00e8s d\u2019une femme de 64 ans, dont les tests de laboratoire ont prouv\u00e9 la contagion par laCovid-19, apr\u00e8s avoir re\u00e7u une notification de la direction de l\u2019h\u00f4pital de [&hellip;]<\/p>\n","protected":false},"author":1789,"featured_media":0,"comment_status":"closed","ping_status":"closed","sticky":false,"template":"","format":"standard","meta":{"fifu_image_url":"","fifu_image_alt":"","footnotes":""},"categories":[73,55],"tags":[],"class_list":["post-99676","post","type-post","status-publish","format-standard","hentry","category-actualite","category-tunisie"],"_links":{"self":[{"href":"https:\/\/linitiative.ca\/International\/wp-json\/wp\/v2\/posts\/99676","targetHints":{"allow":["GET"]}}],"collection":[{"href":"https:\/\/linitiative.ca\/International\/wp-json\/wp\/v2\/posts"}],"about":[{"href":"https:\/\/linitiative.ca\/International\/wp-json\/wp\/v2\/types\/post"}],"author":[{"embeddable":true,"href":"https:\/\/linitiative.ca\/International\/wp-json\/wp\/v2\/users\/1789"}],"replies":[{"embeddable":true,"href":"https:\/\/linitiative.ca\/International\/wp-json\/wp\/v2\/comments?post=99676"}],"version-history":[{"count":0,"href":"https:\/\/linitiative.ca\/International\/wp-json\/wp\/v2\/posts\/99676\/revisions"}],"wp:attachment":[{"href":"https:\/\/linitiative.ca\/International\/wp-json\/wp\/v2\/media?parent=99676"}],"wp:term":[{"taxonomy":"category","embeddable":true,"href":"https:\/\/linitiative.ca\/International\/wp-json\/wp\/v2\/categories?post=99676"},{"taxonomy":"post_tag","embeddable":true,"href":"https:\/\/linitiative.ca\/International\/wp-json\/wp\/v2\/tags?post=99676"}],"curies":[{"name":"wp","href":"https:\/\/api.w.org\/{rel}","templated":true}]}}