{"id":99677,"date":"2020-09-22T13:00:49","date_gmt":"2020-09-22T17:00:49","guid":{"rendered":"https:\/\/linitiative.ca\/International\/fifa-28-mois-de-prison-requis-contre-nasser-al-khelaifi\/"},"modified":"2020-09-22T13:00:49","modified_gmt":"2020-09-22T17:00:49","slug":"fifa-28-mois-de-prison-requis-contre-nasser-al-khelaifi","status":"publish","type":"post","link":"https:\/\/linitiative.ca\/International\/fifa-28-mois-de-prison-requis-contre-nasser-al-khelaifi\/","title":{"rendered":"FIFA : 28 mois de prison requis contre Nasser al-Khela\u00effi"},"content":{"rendered":"<div class=\"post-cont-in left relative\">\n<div id=\"post-info-wrap\" class=\"left relative post-info-out\">\n<div class=\"post-info-img left relative\"><img loading=\"lazy\" decoding=\"async\" alt=\"\" src=\"https:\/\/secure.gravatar.com\/avatar\/e08a32c38bbac601a92c63c79d61b38d?s=50&amp;d=mm&amp;r=g\" srcset=\"https:\/\/secure.gravatar.com\/avatar\/e08a32c38bbac601a92c63c79d61b38d?s=100&amp;d=mm&amp;r=g 2x\" class=\"avatar avatar-50 photo\" height=\"50\" width=\"50\"\/><\/div>\n<div class=\"post-info-in\">\n<div class=\"post-info-right left relative post-info-name left relative\"><span itemprop=\"author\" itemscope=\"\" itemtype=\"https:\/\/schema.org\/Person\"><span class=\"post-info-text\">By<\/span> <span class=\"author-name vcard fn author\" itemprop=\"name\"><a href=\"https:\/\/sport.tunisienumerique.com\/author\/fakhreddine\/\" title=\"Articles par Fakhreddine Ben Malek\" rel=\"author\">Fakhreddine Ben Malek<\/a><\/span> <span class=\"author-twitter\"><a href=\"https:\/\/twitter.com\/Fakhr_Ben_Malek\" class=\"twitter-but\" target=\"_blank\" rel=\"noopener noreferrer\"><\/span><\/span> <span class=\"post-date updated\"><time class=\"post-date updated\" itemprop=\"datePublished\" datetime=\"2020-09-22\">\u00a0| Il y a 2 heures<\/time><\/span><\/div>\n<div class=\"left relative\"><button id=\"listenButton1\" class=\"responsivevoice-button\" type=\"button\" value=\"Play\" title=\"&#xC9;coutez l'article\"><span>\ud83d\udd0a \u00c9coutez l&rsquo;article<\/span><\/button> <\/div>\n<\/div>\n<\/div>\n<div class=\"heateor_sss_sharing_container heateor_sss_horizontal_sharing\" heateor-sss-data-href=\"https:\/\/sport.tunisienumerique.com\/fifa-28-mois-de-prison-requis-contre-nasser-al-khelaifi\/\">\n<div class=\"heateor_sss_sharing_title c4\">Cet article vous a \u00e9t\u00e9 utile? Partagez le, il int\u00e9ressera d\u2019autres personnes. Merci!<\/div>\n<ul class=\"heateor_sss_sharing_ul\">\n<li class=\"heateorSssSharingRound\"><em alt=\"Facebook\" title=\"Facebook\" class=\"heateorSssSharing heateorSssFacebookBackground c5\" onclick=\"heateorSssPopup(&quot;https:\/\/www.facebook.com\/sharer\/sharer.php?u=https%3A%2F%2Fsport.tunisienumerique.com%2Ffifa-28-mois-de-prison-requis-contre-nasser-al-khelaifi%2F%3Ffbclid%3DIwAR2jaXDeSoysHefvaJjQs6aiNr-quOlycUrTKzgiPuC375T155vGvRpoFBY&quot;)\">\u00a0<\/em><\/li>\n<li class=\"heateorSssSharingRound\"><em alt=\"Twitter\" title=\"Twitter\" class=\"heateorSssSharing heateorSssTwitterBackground c5\" onclick=\"heateorSssPopup(&quot;http:\/\/twitter.com\/intent\/tweet?text=FIFA%20%3A%2028%20mois%20de%20prison%20requis%20contre%20Nasser%20al-Khela%C3%AFfi&amp;url=https%3A%2F%2Fsport.tunisienumerique.com%2Ffifa-28-mois-de-prison-requis-contre-nasser-al-khelaifi%2F%3Ffbclid%3DIwAR2jaXDeSoysHefvaJjQs6aiNr-quOlycUrTKzgiPuC375T155vGvRpoFBY&quot;)\">\u00a0<\/em><\/li>\n<li class=\"heateorSssSharingRound\"><em alt=\"Linkedin\" title=\"Linkedin\" class=\"heateorSssSharing heateorSssLinkedinBackground c5\" onclick=\"heateorSssPopup(&quot;http:\/\/www.linkedin.com\/shareArticle?mini=true&amp;url=https%3A%2F%2Fsport.tunisienumerique.com%2Ffifa-28-mois-de-prison-requis-contre-nasser-al-khelaifi%2F%3Ffbclid%3DIwAR2jaXDeSoysHefvaJjQs6aiNr-quOlycUrTKzgiPuC375T155vGvRpoFBY&amp;title=FIFA%20%3A%2028%20mois%20de%20prison%20requis%20contre%20Nasser%20al-Khela%C3%AFfi&quot;)\">\u00a0<\/em><\/li>\n<li class=\"heateorSssSharingRound\"><em alt=\"Google Gmail\" title=\"Google Gmail\" class=\"heateorSssSharing heateorSssGoogleGmailBackground c5\" onclick=\"heateorSssPopup(&quot;https:\/\/mail.google.com\/mail\/?ui=2&amp;view=cm&amp;fs=1&amp;tf=1&amp;su=FIFA%20%3A%2028%20mois%20de%20prison%20requis%20contre%20Nasser%20al-Khela%C3%AFfi&amp;body=Link:https%3A%2F%2Fsport.tunisienumerique.com%2Ffifa-28-mois-de-prison-requis-contre-nasser-al-khelaifi%2F%3Ffbclid%3DIwAR2jaXDeSoysHefvaJjQs6aiNr-quOlycUrTKzgiPuC375T155vGvRpoFBY&quot;)\">\u00a0<\/em><\/li>\n<li class=\"heateorSssSharingRound\"><em alt=\"Whatsapp\" title=\"Whatsapp\" class=\"heateorSssSharing heateorSssWhatsappBackground c5\"><a href=\"https:\/\/web.whatsapp.com\/send?text=FIFA%20%3A%2028%20mois%20de%20prison%20requis%20contre%20Nasser%20al-Khela%C3%AFfi%20https%3A%2F%2Fsport.tunisienumerique.com%2Ffifa-28-mois-de-prison-requis-contre-nasser-al-khelaifi%2F%3Ffbclid%3DIwAR2jaXDeSoysHefvaJjQs6aiNr-quOlycUrTKzgiPuC375T155vGvRpoFBY\" rel=\"nofollow noopener noreferrer\" target=\"_blank\">\u00a0<\/a><\/em><\/li>\n<li class=\"heateorSssSharingRound\">\u00a0<\/li>\n<\/ul>\n<\/div>\n<p dir=\"ltr\">Le pr\u00e9sident du PSG, Nasser al-Khela\u00effi et l\u2019ancien num\u00e9ro 2 de la FIFA J\u00e9r\u00f4me, Valcke ont vu le parquet suisse r\u00e9clamer respectivement 28 mois (dont une partie avec sursis) et trois ans de prison \u00e0 leur encontre (\u00e9galement avec partiel).<\/p>\n<p>Le parquet suisse a requis mardi 28 mois de prison, dont une partie avec sursis, contre le pr\u00e9sident de beIN Media et du PSG, Nasser al-Khela\u00effi, ainsi que trois ans \u2013 \u00e9galement avec du sursis partiel \u2013 contre l\u2019ancien num\u00e9ro 2 de la Fifa, J\u00e9r\u00f4me Valcke, dans un proc\u00e8s de droits t\u00e9l\u00e9vis\u00e9s.<\/p>\n<div class=\"code-block code-block-1 c7\"><ins class=\"adsbygoogle c6\" data-ad-layout=\"in-article\" data-ad-format=\"fluid\" data-ad-client=\"ca-pub-2102118777505746\" data-ad-slot=\"7301775417\"\/> <\/div>\n<p dir=\"ltr\">Il s\u2019agit des deux premi\u00e8res peines d\u2019emprisonnement requises sur le sol europ\u00e9en dans les multiples scandales qui empoisonnent le football mondial, apr\u00e8s la condamnation aux Etats-Unis de plusieurs anciens dirigeants sud-am\u00e9ricains.<\/p>\n<p dir=\"ltr\">Une demeure acquise pour 5 M\u20ac par Al-Khela\u00effi<br \/>Principal pr\u00e9venu, J\u00e9r\u00f4me Valcke compara\u00eet depuis lundi dernier devant le Tribunal p\u00e9nal f\u00e9d\u00e9ral de Bellinzone, dans deux affaires li\u00e9es \u00e0 sa qu\u00eate d\u2019argent pour assurer un train de vie \u00ab de cigale \u00bb, a r\u00e9sum\u00e9 le procureur f\u00e9d\u00e9ral Jo\u00ebl Pahud, cit\u00e9 par l\u2019agence suisse Keystone-ATS.<\/p>\n<p dir=\"ltr\">Dans le premier volet, le parquet lui reproche d\u2019avoir sollicit\u00e9 \u00e0 l\u2019\u00e9t\u00e9 2003 l\u2019aide de Nasser al-Khela\u00effi pour acheter une luxueuse villa en Sardaigne, au moment o\u00f9 beIN n\u00e9gociait la prolongation de ses droits m\u00e9dias en Afrique du Nord et au Moyen-Orient pour les Mondiaux 2026 et 2030.<\/p>\n<p dir=\"ltr\">\u00ab Personnalit\u00e9 phare du football \u00bb, a rappel\u00e9 le parquet, M. Al-Khela\u00effi avait acquis la demeure pour 5 millions d\u2019euros via une soci\u00e9t\u00e9 transf\u00e9r\u00e9e presque aussit\u00f4t au fr\u00e8re d\u2019un de ses proches collaborateurs , avant de la mettre \u00e0 disposition de M. Valcke.<\/p>\n<p dir=\"ltr\">Les deux hommes ont tour \u00e0 tour \u00e9voqu\u00e9 un arrangement \u00ab priv\u00e9 \u00bb, sans lien avec le contrat conclu par beIN avec la Fifa en avril 2014, \u00e0 des conditions pr\u00e9sent\u00e9es par la d\u00e9fense comme \u00ab tr\u00e8s avantageuses \u00bb pour l\u2019instance du football.<\/p>\n<p>sans lien avec le contrat conclu par beIN avec la Fifa en avril 2014, \u00e0 des conditions pr\u00e9sent\u00e9es par la d\u00e9fense comme \u00ab tr\u00e8s avantageuses \u00bb pour l\u2019instance du football.<\/p>\n<p><\/p>\n<div class=\"heateor_sss_sharing_container heateor_sss_horizontal_sharing\" heateor-sss-data-href=\"https:\/\/sport.tunisienumerique.com\/fifa-28-mois-de-prison-requis-contre-nasser-al-khelaifi\/\">\n<div class=\"heateor_sss_sharing_title c4\">Cet article vous a \u00e9t\u00e9 utile? Partagez le, il int\u00e9ressera d\u2019autres personnes. Merci!<\/div>\n<ul class=\"heateor_sss_sharing_ul\">\n<li class=\"heateorSssSharingRound\"><em alt=\"Facebook\" title=\"Facebook\" class=\"heateorSssSharing heateorSssFacebookBackground c5\" onclick=\"heateorSssPopup(&quot;https:\/\/www.facebook.com\/sharer\/sharer.php?u=https%3A%2F%2Fsport.tunisienumerique.com%2Ffifa-28-mois-de-prison-requis-contre-nasser-al-khelaifi%2F%3Ffbclid%3DIwAR2jaXDeSoysHefvaJjQs6aiNr-quOlycUrTKzgiPuC375T155vGvRpoFBY&quot;)\">\u00a0<\/em><\/li>\n<li class=\"heateorSssSharingRound\"><em alt=\"Twitter\" title=\"Twitter\" class=\"heateorSssSharing heateorSssTwitterBackground c5\" onclick=\"heateorSssPopup(&quot;http:\/\/twitter.com\/intent\/tweet?text=FIFA%20%3A%2028%20mois%20de%20prison%20requis%20contre%20Nasser%20al-Khela%C3%AFfi&amp;url=https%3A%2F%2Fsport.tunisienumerique.com%2Ffifa-28-mois-de-prison-requis-contre-nasser-al-khelaifi%2F%3Ffbclid%3DIwAR2jaXDeSoysHefvaJjQs6aiNr-quOlycUrTKzgiPuC375T155vGvRpoFBY&quot;)\">\u00a0<\/em><\/li>\n<li class=\"heateorSssSharingRound\"><em alt=\"Linkedin\" title=\"Linkedin\" class=\"heateorSssSharing heateorSssLinkedinBackground c5\" onclick=\"heateorSssPopup(&quot;http:\/\/www.linkedin.com\/shareArticle?mini=true&amp;url=https%3A%2F%2Fsport.tunisienumerique.com%2Ffifa-28-mois-de-prison-requis-contre-nasser-al-khelaifi%2F%3Ffbclid%3DIwAR2jaXDeSoysHefvaJjQs6aiNr-quOlycUrTKzgiPuC375T155vGvRpoFBY&amp;title=FIFA%20%3A%2028%20mois%20de%20prison%20requis%20contre%20Nasser%20al-Khela%C3%AFfi&quot;)\">\u00a0<\/em><\/li>\n<li class=\"heateorSssSharingRound\"><em alt=\"Google Gmail\" title=\"Google Gmail\" class=\"heateorSssSharing heateorSssGoogleGmailBackground c5\" onclick=\"heateorSssPopup(&quot;https:\/\/mail.google.com\/mail\/?ui=2&amp;view=cm&amp;fs=1&amp;tf=1&amp;su=FIFA%20%3A%2028%20mois%20de%20prison%20requis%20contre%20Nasser%20al-Khela%C3%AFfi&amp;body=Link:https%3A%2F%2Fsport.tunisienumerique.com%2Ffifa-28-mois-de-prison-requis-contre-nasser-al-khelaifi%2F%3Ffbclid%3DIwAR2jaXDeSoysHefvaJjQs6aiNr-quOlycUrTKzgiPuC375T155vGvRpoFBY&quot;)\">\u00a0<\/em><\/li>\n<li class=\"heateorSssSharingRound\"><em alt=\"Whatsapp\" title=\"Whatsapp\" class=\"heateorSssSharing heateorSssWhatsappBackground c5\"><a href=\"https:\/\/web.whatsapp.com\/send?text=FIFA%20%3A%2028%20mois%20de%20prison%20requis%20contre%20Nasser%20al-Khela%C3%AFfi%20https%3A%2F%2Fsport.tunisienumerique.com%2Ffifa-28-mois-de-prison-requis-contre-nasser-al-khelaifi%2F%3Ffbclid%3DIwAR2jaXDeSoysHefvaJjQs6aiNr-quOlycUrTKzgiPuC375T155vGvRpoFBY\" rel=\"nofollow noopener noreferrer\" target=\"_blank\">\u00a0<\/a><\/em><\/li>\n<li class=\"heateorSssSharingRound\">\u00a0<\/li>\n<\/ul>\n<\/div>\n<p><strong>Que se passe-t-il en Tunisie?<\/strong><br \/>Nous expliquons sur notre <a href=\"https:\/\/www.youtube.com\/channel\/UCRzypVq0B_yBad5eGrwBx0Q?sub_confirmation=1\" target=\"_blank\" rel=\"noopener noreferrer\">cha\u00eene YouTube<\/a> . <a href=\"https:\/\/www.youtube.com\/channel\/UCRzypVq0B_yBad5eGrwBx0Q?sub_confirmation=1\" target=\"_blank\" rel=\"noopener noreferrer\">Abonnez-vous!<\/a><\/p>\n<div class=\"mvp-org-wrap mvp-org-logo\" itemprop=\"publisher\" itemscope=\"\" itemtype=\"https:\/\/schema.org\/Organization\"><img decoding=\"async\" src=\"https:\/\/sport.tunisienumerique.com\/wp-content\/uploads\/2017\/05\/logo_tunisie_numerique.png\"\/><\/div>\n<div class=\"mvp-related-posts left relative\">\n<h4 class=\"post-header\"><span class=\"post-header\">Lire aussi<\/span><\/h4>\n<\/div>\n<div id=\"article-ad\"><ins class=\"adsbygoogle c8\" data-ad-client=\"ca-pub-2102118777505746\" data-ad-slot=\"6513972734\" data-ad-format=\"auto\" data-full-width-responsive=\"true\"\/> <\/div>\n<\/div>\n<div id=\"post-sidebar-wrap\"><ins class=\"adsbygoogle c8\" data-ad-client=\"ca-pub-2102118777505746\" data-ad-slot=\"6513972734\" data-ad-format=\"auto\" data-full-width-responsive=\"true\"\/> <\/div>\n<p>Auteur: a.<br \/>\n<a href=\"https:\/\/sport.tunisienumerique.com\/fifa-28-mois-de-prison-requis-contre-nasser-al-khelaifi\/\">Cliquez ici pour lire l&rsquo;article depuis sa source.<\/a><\/p>\n","protected":false},"excerpt":{"rendered":"<p>By Fakhreddine Ben Malek \u00a0| Il y a 2 heures \ud83d\udd0a \u00c9coutez l&rsquo;article Cet article vous a \u00e9t\u00e9 utile? Partagez le, il int\u00e9ressera d\u2019autres personnes. Merci! \u00a0 \u00a0 \u00a0 \u00a0 \u00a0 \u00a0 Le pr\u00e9sident du PSG, Nasser al-Khela\u00effi et l\u2019ancien num\u00e9ro 2 de la FIFA J\u00e9r\u00f4me, Valcke ont vu le parquet suisse r\u00e9clamer respectivement 28 [&hellip;]<\/p>\n","protected":false},"author":1789,"featured_media":0,"comment_status":"closed","ping_status":"closed","sticky":false,"template":"","format":"standard","meta":{"fifu_image_url":"","fifu_image_alt":"","footnotes":""},"categories":[73,55],"tags":[],"class_list":["post-99677","post","type-post","status-publish","format-standard","hentry","category-actualite","category-tunisie"],"_links":{"self":[{"href":"https:\/\/linitiative.ca\/International\/wp-json\/wp\/v2\/posts\/99677","targetHints":{"allow":["GET"]}}],"collection":[{"href":"https:\/\/linitiative.ca\/International\/wp-json\/wp\/v2\/posts"}],"about":[{"href":"https:\/\/linitiative.ca\/International\/wp-json\/wp\/v2\/types\/post"}],"author":[{"embeddable":true,"href":"https:\/\/linitiative.ca\/International\/wp-json\/wp\/v2\/users\/1789"}],"replies":[{"embeddable":true,"href":"https:\/\/linitiative.ca\/International\/wp-json\/wp\/v2\/comments?post=99677"}],"version-history":[{"count":0,"href":"https:\/\/linitiative.ca\/International\/wp-json\/wp\/v2\/posts\/99677\/revisions"}],"wp:attachment":[{"href":"https:\/\/linitiative.ca\/International\/wp-json\/wp\/v2\/media?parent=99677"}],"wp:term":[{"taxonomy":"category","embeddable":true,"href":"https:\/\/linitiative.ca\/International\/wp-json\/wp\/v2\/categories?post=99677"},{"taxonomy":"post_tag","embeddable":true,"href":"https:\/\/linitiative.ca\/International\/wp-json\/wp\/v2\/tags?post=99677"}],"curies":[{"name":"wp","href":"https:\/\/api.w.org\/{rel}","templated":true}]}}