{"id":99678,"date":"2020-09-22T13:28:14","date_gmt":"2020-09-22T17:28:14","guid":{"rendered":"https:\/\/linitiative.ca\/International\/mercato-zied-aloui-signe-a-lus-monastir\/"},"modified":"2020-09-22T13:28:14","modified_gmt":"2020-09-22T17:28:14","slug":"mercato-zied-aloui-signe-a-lus-monastir","status":"publish","type":"post","link":"https:\/\/linitiative.ca\/International\/mercato-zied-aloui-signe-a-lus-monastir\/","title":{"rendered":"Mercato : Zied Aloui signe \u00e0 l\u2019US Monastir"},"content":{"rendered":"<div class=\"post-cont-in left relative\">\n<div id=\"post-info-wrap\" class=\"left relative post-info-out\">\n<div class=\"post-info-img left relative\"><img loading=\"lazy\" decoding=\"async\" alt=\"\" src=\"https:\/\/secure.gravatar.com\/avatar\/e08a32c38bbac601a92c63c79d61b38d?s=50&amp;d=mm&amp;r=g\" srcset=\"https:\/\/secure.gravatar.com\/avatar\/e08a32c38bbac601a92c63c79d61b38d?s=100&amp;d=mm&amp;r=g 2x\" class=\"avatar avatar-50 photo\" height=\"50\" width=\"50\"\/><\/div>\n<div class=\"post-info-in\">\n<div class=\"post-info-right left relative post-info-name left relative\"><span itemprop=\"author\" itemscope=\"\" itemtype=\"https:\/\/schema.org\/Person\"><span class=\"post-info-text\">By<\/span> <span class=\"author-name vcard fn author\" itemprop=\"name\"><a href=\"https:\/\/sport.tunisienumerique.com\/author\/fakhreddine\/\" title=\"Articles par Fakhreddine Ben Malek\" rel=\"author\">Fakhreddine Ben Malek<\/a><\/span> <span class=\"author-twitter\"><a href=\"https:\/\/twitter.com\/Fakhr_Ben_Malek\" class=\"twitter-but\" target=\"_blank\" rel=\"noopener noreferrer\"><\/span><\/span> <span class=\"post-date updated\"><time class=\"post-date updated\" itemprop=\"datePublished\" datetime=\"2020-09-22\">\u00a0| Il y a 2 heures<\/time><\/span><\/div>\n<div class=\"left relative\"><button id=\"listenButton1\" class=\"responsivevoice-button\" type=\"button\" value=\"Play\" title=\"&#xC9;coutez l'article\"><span>\ud83d\udd0a \u00c9coutez l&rsquo;article<\/span><\/button> <\/div>\n<\/div>\n<\/div>\n<div class=\"heateor_sss_sharing_container heateor_sss_horizontal_sharing\" heateor-sss-data-href=\"https:\/\/sport.tunisienumerique.com\/mercato-zied-aloui-signe-a-lus-monastir\/\" heateor-sss-no-counts=\"1\">\n<div class=\"heateor_sss_sharing_title c3\">Cet article vous a \u00e9t\u00e9 utile? Partagez le, il int\u00e9ressera d\u2019autres personnes. Merci!<\/div>\n<ul class=\"heateor_sss_sharing_ul\">\n<li class=\"heateorSssSharingRound\"><em alt=\"Facebook\" title=\"Facebook\" class=\"heateorSssSharing heateorSssFacebookBackground c4\" onclick=\"heateorSssPopup(&quot;https:\/\/www.facebook.com\/sharer\/sharer.php?u=https%3A%2F%2Fsport.tunisienumerique.com%2Fmercato-zied-aloui-signe-a-lus-monastir%2F&quot;)\">\u00a0<\/em><\/li>\n<li class=\"heateorSssSharingRound\"><em alt=\"Twitter\" title=\"Twitter\" class=\"heateorSssSharing heateorSssTwitterBackground c4\" onclick=\"heateorSssPopup(&quot;http:\/\/twitter.com\/intent\/tweet?text=Mercato%20%3A%20Zied%20Aloui%20signe%20%C3%A0%20l%27US%20Monastir&amp;url=https%3A%2F%2Fsport.tunisienumerique.com%2Fmercato-zied-aloui-signe-a-lus-monastir%2F&quot;)\">\u00a0<\/em><\/li>\n<li class=\"heateorSssSharingRound\"><em alt=\"Linkedin\" title=\"Linkedin\" class=\"heateorSssSharing heateorSssLinkedinBackground c4\" onclick=\"heateorSssPopup(&quot;http:\/\/www.linkedin.com\/shareArticle?mini=true&amp;url=https%3A%2F%2Fsport.tunisienumerique.com%2Fmercato-zied-aloui-signe-a-lus-monastir%2F&amp;title=Mercato%20%3A%20Zied%20Aloui%20signe%20%C3%A0%20l%27US%20Monastir&quot;)\">\u00a0<\/em><\/li>\n<li class=\"heateorSssSharingRound\"><em alt=\"Google Gmail\" title=\"Google Gmail\" class=\"heateorSssSharing heateorSssGoogleGmailBackground c4\" onclick=\"heateorSssPopup(&quot;https:\/\/mail.google.com\/mail\/?ui=2&amp;view=cm&amp;fs=1&amp;tf=1&amp;su=Mercato%20%3A%20Zied%20Aloui%20signe%20%C3%A0%20l%27US%20Monastir&amp;body=Link:https%3A%2F%2Fsport.tunisienumerique.com%2Fmercato-zied-aloui-signe-a-lus-monastir%2F&quot;)\">\u00a0<\/em><\/li>\n<li class=\"heateorSssSharingRound\"><em alt=\"Whatsapp\" title=\"Whatsapp\" class=\"heateorSssSharing heateorSssWhatsappBackground c4\"><a href=\"https:\/\/web.whatsapp.com\/send?text=Mercato%20%3A%20Zied%20Aloui%20signe%20%C3%A0%20l%27US%20Monastir%20https%3A%2F%2Fsport.tunisienumerique.com%2Fmercato-zied-aloui-signe-a-lus-monastir%2F\" rel=\"nofollow noopener noreferrer\" target=\"_blank\">\u00a0<\/a><\/em><\/li>\n<li class=\"heateorSssSharingRound\">\u00a0<\/li>\n<\/ul>\n<\/div>\n<p dir=\"ltr\">L\u2019attaquant de Kal\u00e2a Sport Zied Aloui, \u00e9voluant en Ligue 3, a finalement choisi l\u2019US Monastir.<\/p>\n<p dir=\"ltr\">Auteur d\u2019une belle prestation en quarts de finale de la coupe de Tunisie face \u00e0 l\u2019Esp\u00e9rance de Tunis (2-1) et auteur d\u2019un but \u00e9galisateur, Aloui portera le maillot de la formation uss\u00e9miste pour les trois prochaines saisons.<\/p>\n<div class=\"code-block code-block-1 c6\"><ins class=\"adsbygoogle c5\" data-ad-layout=\"in-article\" data-ad-format=\"fluid\" data-ad-client=\"ca-pub-2102118777505746\" data-ad-slot=\"7301775417\"\/> <\/div>\n<p dir=\"ltr\">Le quart de finale disput\u00e9 \u00e0 Kal\u00e2a Seghira nous a permis de d\u00e9couvrir un joueur au talent certain. Nous avons nomm\u00e9 Zied Aloui.<\/p>\n<p dir=\"ltr\">Form\u00e9 au Club Africain, ce joueur n\u2019a pas pris la chance de faire des apparitions avec le club de Bab Jedid avant de partir vers des \u00e9quipes d\u2019amateurs comme l\u2019Etoile du Fahs mais \u00e9galement vers Jendouba Sports en 2016.<\/p>\n<p dir=\"ltr\">La d\u00e9couverte des quarts de finale de la coupe de Tunisie a \u00e9t\u00e9 sous les radars du CS Sfaxien, l\u2019US Monastir et l\u2019Etloile du Sahel mais le joueur a finalement choisi l\u2019USMo.<\/p>\n<p dir=\"ltr\">Cet attaquant a un avenir prometteur. Sa valeur intrins\u00e8que lui vaut de jouer au premier rang et d\u2019\u00eatre recrut\u00e9 par un club qui va disputer la Coupe de la CAF la saison prochaine.<\/p>\n<p><\/p>\n<div class=\"heateor_sss_sharing_container heateor_sss_horizontal_sharing\" heateor-sss-data-href=\"https:\/\/sport.tunisienumerique.com\/mercato-zied-aloui-signe-a-lus-monastir\/\" heateor-sss-no-counts=\"1\">\n<div class=\"heateor_sss_sharing_title c3\">Cet article vous a \u00e9t\u00e9 utile? Partagez le, il int\u00e9ressera d\u2019autres personnes. Merci!<\/div>\n<ul class=\"heateor_sss_sharing_ul\">\n<li class=\"heateorSssSharingRound\"><em alt=\"Facebook\" title=\"Facebook\" class=\"heateorSssSharing heateorSssFacebookBackground c4\" onclick=\"heateorSssPopup(&quot;https:\/\/www.facebook.com\/sharer\/sharer.php?u=https%3A%2F%2Fsport.tunisienumerique.com%2Fmercato-zied-aloui-signe-a-lus-monastir%2F&quot;)\">\u00a0<\/em><\/li>\n<li class=\"heateorSssSharingRound\"><em alt=\"Twitter\" title=\"Twitter\" class=\"heateorSssSharing heateorSssTwitterBackground c4\" onclick=\"heateorSssPopup(&quot;http:\/\/twitter.com\/intent\/tweet?text=Mercato%20%3A%20Zied%20Aloui%20signe%20%C3%A0%20l%27US%20Monastir&amp;url=https%3A%2F%2Fsport.tunisienumerique.com%2Fmercato-zied-aloui-signe-a-lus-monastir%2F&quot;)\">\u00a0<\/em><\/li>\n<li class=\"heateorSssSharingRound\"><em alt=\"Linkedin\" title=\"Linkedin\" class=\"heateorSssSharing heateorSssLinkedinBackground c4\" onclick=\"heateorSssPopup(&quot;http:\/\/www.linkedin.com\/shareArticle?mini=true&amp;url=https%3A%2F%2Fsport.tunisienumerique.com%2Fmercato-zied-aloui-signe-a-lus-monastir%2F&amp;title=Mercato%20%3A%20Zied%20Aloui%20signe%20%C3%A0%20l%27US%20Monastir&quot;)\">\u00a0<\/em><\/li>\n<li class=\"heateorSssSharingRound\"><em alt=\"Google Gmail\" title=\"Google Gmail\" class=\"heateorSssSharing heateorSssGoogleGmailBackground c4\" onclick=\"heateorSssPopup(&quot;https:\/\/mail.google.com\/mail\/?ui=2&amp;view=cm&amp;fs=1&amp;tf=1&amp;su=Mercato%20%3A%20Zied%20Aloui%20signe%20%C3%A0%20l%27US%20Monastir&amp;body=Link:https%3A%2F%2Fsport.tunisienumerique.com%2Fmercato-zied-aloui-signe-a-lus-monastir%2F&quot;)\">\u00a0<\/em><\/li>\n<li class=\"heateorSssSharingRound\"><em alt=\"Whatsapp\" title=\"Whatsapp\" class=\"heateorSssSharing heateorSssWhatsappBackground c4\"><a href=\"https:\/\/web.whatsapp.com\/send?text=Mercato%20%3A%20Zied%20Aloui%20signe%20%C3%A0%20l%27US%20Monastir%20https%3A%2F%2Fsport.tunisienumerique.com%2Fmercato-zied-aloui-signe-a-lus-monastir%2F\" rel=\"nofollow noopener noreferrer\" target=\"_blank\">\u00a0<\/a><\/em><\/li>\n<li class=\"heateorSssSharingRound\">\u00a0<\/li>\n<\/ul>\n<\/div>\n<p><strong>Que se passe-t-il en Tunisie?<\/strong><br \/>Nous expliquons sur notre <a href=\"https:\/\/www.youtube.com\/channel\/UCRzypVq0B_yBad5eGrwBx0Q?sub_confirmation=1\" target=\"_blank\" rel=\"noopener noreferrer\">cha\u00eene YouTube<\/a> . <a href=\"https:\/\/www.youtube.com\/channel\/UCRzypVq0B_yBad5eGrwBx0Q?sub_confirmation=1\" target=\"_blank\" rel=\"noopener noreferrer\">Abonnez-vous!<\/a><\/p>\n<div class=\"mvp-org-wrap mvp-org-logo\" itemprop=\"publisher\" itemscope=\"\" itemtype=\"https:\/\/schema.org\/Organization\"><img decoding=\"async\" src=\"https:\/\/sport.tunisienumerique.com\/wp-content\/uploads\/2017\/05\/logo_tunisie_numerique.png\"\/><\/div>\n<div class=\"mvp-related-posts left relative\">\n<h4 class=\"post-header\"><span class=\"post-header\">Lire aussi<\/span><\/h4>\n<\/div>\n<div id=\"article-ad\"><ins class=\"adsbygoogle c7\" data-ad-client=\"ca-pub-2102118777505746\" data-ad-slot=\"6513972734\" data-ad-format=\"auto\" data-full-width-responsive=\"true\"\/> <\/div>\n<\/div>\n<div id=\"post-sidebar-wrap\"><ins class=\"adsbygoogle c7\" data-ad-client=\"ca-pub-2102118777505746\" data-ad-slot=\"6513972734\" data-ad-format=\"auto\" data-full-width-responsive=\"true\"\/> <\/div>\n<p>Auteur: a.<br \/>\n<a href=\"https:\/\/sport.tunisienumerique.com\/mercato-zied-aloui-signe-a-lus-monastir\/\">Cliquez ici pour lire l&rsquo;article depuis sa source.<\/a><\/p>\n","protected":false},"excerpt":{"rendered":"<p>By Fakhreddine Ben Malek \u00a0| Il y a 2 heures \ud83d\udd0a \u00c9coutez l&rsquo;article Cet article vous a \u00e9t\u00e9 utile? Partagez le, il int\u00e9ressera d\u2019autres personnes. Merci! \u00a0 \u00a0 \u00a0 \u00a0 \u00a0 \u00a0 L\u2019attaquant de Kal\u00e2a Sport Zied Aloui, \u00e9voluant en Ligue 3, a finalement choisi l\u2019US Monastir. Auteur d\u2019une belle prestation en quarts de finale [&hellip;]<\/p>\n","protected":false},"author":1789,"featured_media":0,"comment_status":"closed","ping_status":"closed","sticky":false,"template":"","format":"standard","meta":{"fifu_image_url":"","fifu_image_alt":"","footnotes":""},"categories":[73,55],"tags":[],"class_list":["post-99678","post","type-post","status-publish","format-standard","hentry","category-actualite","category-tunisie"],"_links":{"self":[{"href":"https:\/\/linitiative.ca\/International\/wp-json\/wp\/v2\/posts\/99678","targetHints":{"allow":["GET"]}}],"collection":[{"href":"https:\/\/linitiative.ca\/International\/wp-json\/wp\/v2\/posts"}],"about":[{"href":"https:\/\/linitiative.ca\/International\/wp-json\/wp\/v2\/types\/post"}],"author":[{"embeddable":true,"href":"https:\/\/linitiative.ca\/International\/wp-json\/wp\/v2\/users\/1789"}],"replies":[{"embeddable":true,"href":"https:\/\/linitiative.ca\/International\/wp-json\/wp\/v2\/comments?post=99678"}],"version-history":[{"count":0,"href":"https:\/\/linitiative.ca\/International\/wp-json\/wp\/v2\/posts\/99678\/revisions"}],"wp:attachment":[{"href":"https:\/\/linitiative.ca\/International\/wp-json\/wp\/v2\/media?parent=99678"}],"wp:term":[{"taxonomy":"category","embeddable":true,"href":"https:\/\/linitiative.ca\/International\/wp-json\/wp\/v2\/categories?post=99678"},{"taxonomy":"post_tag","embeddable":true,"href":"https:\/\/linitiative.ca\/International\/wp-json\/wp\/v2\/tags?post=99678"}],"curies":[{"name":"wp","href":"https:\/\/api.w.org\/{rel}","templated":true}]}}