{"id":99681,"date":"2020-09-22T15:44:42","date_gmt":"2020-09-22T19:44:42","guid":{"rendered":"https:\/\/linitiative.ca\/International\/transition-au-mali\/"},"modified":"2020-09-22T15:44:42","modified_gmt":"2020-09-22T19:44:42","slug":"transition-au-mali","status":"publish","type":"post","link":"https:\/\/linitiative.ca\/International\/transition-au-mali\/","title":{"rendered":"TRANSITION AU MALI"},"content":{"rendered":"<div class=\"stream-item stream-item-above-post-content\">\n<p><noscript><\/p>\n<p><a href=\"\/\/www3.smartadserver.com\/ac?jump=1&amp;nwid=2136&amp;siteid=240610&amp;pgname=rg&amp;fmtid=49046&amp;visit=m&amp;tmstp=[timestamp]&amp;out=nonrich\" target=\"_blank\" rel=\"noopener noreferrer\"><img decoding=\"async\" src=\"http:\/\/www3.smartadserver.com\/ac?out=nonrich&amp;nwid=2136&amp;siteid=240610&amp;pgname=rg&amp;fmtid=49046&amp;visit=m&amp;tmstp=[timestamp]\" border=\"0\" alt=\"\"\/><\/a><\/p>\n<p><\/noscript><\/div>\n<p class=\"c3\"><em>Il n\u2019a pas fallu beaucoup de temps \u00e0 Assimi Go\u00efta et ses fr\u00e8res d\u2019armes pour se plier aux injonctions de la Communaut\u00e9 Economique des Etats de l\u2019Afrique de l\u2019Ouest (CEDEAO) qui n\u2019a cess\u00e9 de r\u00e9clamer que la Transition au Mali soit dirig\u00e9e par un civil. Ils ont, en effet, vite fait de jeter leur d\u00e9volu sur un des leurs, le colonel \u00e0 la retraite, Bah Daw. Et vraisemblablement, cette d\u00e9signation provoque des grincements de dents, notamment au sein du Mouvement du 5 Juin (M5) qui conteste le mode de d\u00e9signation de celui qui devrait \u00eatre le nouvel homme fort du Mali. Les leaders du Mouvement affirment qu\u2019en lieu et place du fonctionnement d\u00e9mocratique et consensuel du coll\u00e8ge \u00e9lectoral, l\u2019on a simplement assist\u00e9 \u00e0 une imposition du nouveau chef de la Transition par la lecture d\u2019un simple communiqu\u00e9 \u00e9manant de la junte au pouvoir. Ils estiment donc que le choix de Bah N\u2019Daw n\u2019engage que la junte. \u00a0Les questions que l\u2019on peut d\u00e8s lors se poser, sont les suivantes\u00a0: que feront les compagnons de lutte de l\u2019imam Dicko\u00a0?<\/em><\/p>\n<p class=\"c3\"><em>\u00a0<\/em><\/p>\n<p class=\"c3\"><em>\u00a0<\/em><\/p>\n<p class=\"c4\"><strong><em>Les Maliens doivent tourner la page du pass\u00e9 et se tourner r\u00e9solument vers l\u2019avenir<\/em><\/strong><\/p>\n<p class=\"c3\"><em>\u00a0<\/em><\/p>\n<p class=\"c3\"><em>Vont-ils accepter le fait accompli au risque de se voir forcer la main dans les m\u00eames conditions pour la mise en place des autres organes de la Transition ? Ou alors, vont-ils engager un bras de fer avec la soldatesque en lan\u00e7ant leurs ouailles dans la rue comme ce fut le cas contre le pr\u00e9sident Ibrahim Boubacar K\u00e9ita (IBK) ?<\/em> <em>Il est trop t\u00f4t pour le dire mais une chose est certaine\u00a0: les Maliens doivent tourner la page du pass\u00e9 et se tourner r\u00e9solument vers l\u2019avenir. Il y a eu d\u00e9j\u00e0 trop de temps perdu et les sanctions qu\u2019endurent les populations, risquent d\u2019hypoth\u00e9quer\u00a0leur \u00e9lan \u00e0 accompagner la longue gen\u00e8se du \u00ab\u00a0Mali nouveau\u00a0\u00bb auquel elles aspirent. Et de toute fa\u00e7on, le peuple malien ne peut s\u2019en prendre qu\u2019\u00e0 lui-m\u00eame car il apprend aussi dans la douleur qu\u2019il n\u2019y a pas de bon coup d\u2019Etat et qu\u2019il faut se garder d\u2019applaudir l\u2019immixtion des militaires sur la sc\u00e8ne politique.\u00a0<\/em> <em>L\u2019autre inconnue par rapport \u00e0 la d\u00e9signation de l\u2019ex-colonel \u00e0 la t\u00eate de la Transition au Mali, est la r\u00e9action de la CEDEAO. L\u2019organisation communautaire va-t-elle adouber l\u2019homme choisi pour veiller \u00e0 la destin\u00e9e des Maliens quand on sait que la junte militaire a rus\u00e9 avec les textes pour reprendre de la main droite ce qu\u2019elle avait l\u00e2ch\u00e9 de la gauche\u00a0? Rien de bien s\u00fbr si le M5 qui se sent \u00ab\u00a0enfarin\u00e9\u00a0\u00bb dans ce choix du nouveau pr\u00e9sident de la Transition, venait \u00e0 donner de la voix pour d\u00e9noncer le passage en force.<\/em> <em>En attendant que l\u2019avenir nous situe, l\u2019on peut dire que le grand gagnant de cette foire aux dupes, est le colonel Assimi Go\u00efta. L\u2019homme peut se tirer avec le statut d\u2019ancien Chef de l\u2019Etat et occupe le poste strat\u00e9gique de la vice-pr\u00e9sidence avec des pr\u00e9rogatives que d\u2019aucuns jugent disproportionn\u00e9es, en l\u2019occurrence la d\u00e9fense, la s\u00e9curit\u00e9 et la refondation de l\u2019Etat. Les Chefs d\u2019Etat de la CEDEAO avaient d\u2019ailleurs exig\u00e9 que la charte de la Transition soit relue pour donner ces attributions au Pr\u00e9sident de la Transition. Mieux, il s\u2019est fait une publicit\u00e9 gratuite pour revenir, qui sait, \u00a0briguer plus tard \u00a0un mandat pr\u00e9sidentiel comme l\u2019avait fait le g\u00e9n\u00e9ral Amadou Toumani Tour\u00e9.<\/em><\/p>\n<p class=\"c3\"><em>\u00a0<\/em><\/p>\n<p class=\"c3\"><em>\u00a0<\/em><\/p>\n<p class=\"c4\"><strong><em>Le nouveau pr\u00e9sident pourrait \u00eatre l\u2019homme de la situation<\/em><\/strong><\/p>\n<p class=\"c3\"><em>\u00a0<\/em><\/p>\n<p class=\"c3\"><em>Contrairement au sort du capitaine Amadou Aya Sanogo, l\u2019affaire semble plut\u00f4t du tout b\u00e9nef pour Go\u00efta.\u00a0<\/em> <em>Cela dit, l\u2019on peut bien se poser la question suivante : Que pourra Bah N\u2019Daw et de quelle marge de man\u0153uvre disposera-t-il pour agir en tant que Chef de l\u2019Etat ?<\/em> <em>A ce que l\u2019on dit, l\u2019homme a le profil de l\u2019emploi. Certaines sources ne tarissent pas d\u2019\u00e9loges \u00e0 l\u2019endroit du \u00a0nouveau Chef de l\u2019Etat. \u00ab\u00a0Bah N\u2019Daw est un homme droit, int\u00e8gre, patriote, qui n\u2019a pas les mains tremp\u00e9es dans des magouilles \u00bb, a-t-on pu entendre. D\u2019autres encore relatent qu\u2019il n\u2019aurait pas h\u00e9sit\u00e9, autrefois, \u00e0 d\u00e9missionner de son poste d\u2019aide de camp du g\u00e9n\u00e9ral Moussa Traor\u00e9 alors pr\u00e9sident de la R\u00e9publique. Si cette renomm\u00e9e n\u2019est pas surfaite ni une l\u00e9gende cr\u00e9\u00e9e pour faire accepter le diktat de la junte, le nouveau pr\u00e9sident est un homme de poigne qui pourrait bien \u00eatre l\u2019homme de la situation. On peut donc penser qu\u2019il pourrait tenir t\u00eate, s\u2019il le faut, \u00e0 son mentor et ombre que sera in\u00e9luctablement Assimi Go\u00efta. Mais l\u2019on imagine que la t\u00e2che ne sera pas de tout repos. Et pour cause.<\/em> <em>D\u2019abord, l\u2019homme devra se livrer \u00e0 des travaux hercul\u00e9ens. Il devra, en effet, relever le d\u00e9fi de la s\u00e9curit\u00e9, lancer le vaste chantier de la r\u00e9conciliation des Maliens et surtout organiser des \u00e9lections d\u00e9mocratiques, inclusives et transparentes, accept\u00e9es dans un contexte de partition de fait du pays et d\u2019ins\u00e9curit\u00e9 g\u00e9n\u00e9ralis\u00e9e. Ensuite, pour garder ses marges de man\u0153uvre, il devra s\u2019affranchir de la tutelle de celui qui l\u2019a fait roi. Et cela, l\u2019on imagine que ce sera tout, sauf de la tarte. Enfin, l\u2019on peut bien se demander de quelle l\u00e9gitimit\u00e9 il disposera pour agir, quand on sait qu\u2019il est d\u00e9j\u00e0 contest\u00e9 par une partie de la classe politique et de la soci\u00e9t\u00e9 civile qui croit disposer, elle, de la l\u00e9gitimit\u00e9 d\u2019avoir provoqu\u00e9 la chute du pr\u00e9sident IBK. Dans un tel contexte, rien, en tout cas, ne garantit qu\u2019il aura le franc accompagnement des Maliens pour r\u00e9ussir la mission qu\u2019on lui a assign\u00e9e.<\/em><\/p>\n<p class=\"c3\"><em>\u00a0<\/em><\/p>\n<p class=\"c4\"><strong><em>\u00ab\u00a0Le Pays\u00a0\u00bb<\/em><\/strong><\/p>\n<p class=\"c3\"><em>\u00a0<\/em><\/p>\n<p class=\"c3\"><em>\u00a0<\/em><\/p>\n<p class=\"c3\"><em>\u00a0<\/em><\/p>\n<p>Auteur: Le Pays<br \/>\n<a href=\"http:\/\/lepays.bf\/transition-au-mali\/\">Cliquez ici pour lire l&rsquo;article depuis sa source.<\/a><\/p>\n","protected":false},"excerpt":{"rendered":"<p>Il n\u2019a pas fallu beaucoup de temps \u00e0 Assimi Go\u00efta et ses fr\u00e8res d\u2019armes pour se plier aux injonctions de la Communaut\u00e9 Economique des Etats de l\u2019Afrique de l\u2019Ouest (CEDEAO) qui n\u2019a cess\u00e9 de r\u00e9clamer que la Transition au Mali soit dirig\u00e9e par un civil. Ils ont, en effet, vite fait de jeter leur d\u00e9volu [&hellip;]<\/p>\n","protected":false},"author":1813,"featured_media":0,"comment_status":"closed","ping_status":"closed","sticky":false,"template":"","format":"standard","meta":{"fifu_image_url":"","fifu_image_alt":"","footnotes":""},"categories":[73,81],"tags":[],"class_list":["post-99681","post","type-post","status-publish","format-standard","hentry","category-actualite","category-burkina-faso"],"_links":{"self":[{"href":"https:\/\/linitiative.ca\/International\/wp-json\/wp\/v2\/posts\/99681","targetHints":{"allow":["GET"]}}],"collection":[{"href":"https:\/\/linitiative.ca\/International\/wp-json\/wp\/v2\/posts"}],"about":[{"href":"https:\/\/linitiative.ca\/International\/wp-json\/wp\/v2\/types\/post"}],"author":[{"embeddable":true,"href":"https:\/\/linitiative.ca\/International\/wp-json\/wp\/v2\/users\/1813"}],"replies":[{"embeddable":true,"href":"https:\/\/linitiative.ca\/International\/wp-json\/wp\/v2\/comments?post=99681"}],"version-history":[{"count":0,"href":"https:\/\/linitiative.ca\/International\/wp-json\/wp\/v2\/posts\/99681\/revisions"}],"wp:attachment":[{"href":"https:\/\/linitiative.ca\/International\/wp-json\/wp\/v2\/media?parent=99681"}],"wp:term":[{"taxonomy":"category","embeddable":true,"href":"https:\/\/linitiative.ca\/International\/wp-json\/wp\/v2\/categories?post=99681"},{"taxonomy":"post_tag","embeddable":true,"href":"https:\/\/linitiative.ca\/International\/wp-json\/wp\/v2\/tags?post=99681"}],"curies":[{"name":"wp","href":"https:\/\/api.w.org\/{rel}","templated":true}]}}