{"id":99682,"date":"2020-09-22T15:50:47","date_gmt":"2020-09-22T19:50:47","guid":{"rendered":"https:\/\/linitiative.ca\/International\/appel-a-la-retenue-en-cote-divoire\/"},"modified":"2020-09-22T15:50:47","modified_gmt":"2020-09-22T19:50:47","slug":"appel-a-la-retenue-en-cote-divoire","status":"publish","type":"post","link":"https:\/\/linitiative.ca\/International\/appel-a-la-retenue-en-cote-divoire\/","title":{"rendered":"APPEL A LA RETENUE EN COTE D\u2019IVOIRE"},"content":{"rendered":"<div class=\"stream-item stream-item-above-post-content\">\n<p><noscript><\/p>\n<p><a href=\"\/\/www3.smartadserver.com\/ac?jump=1&amp;nwid=2136&amp;siteid=240610&amp;pgname=rg&amp;fmtid=49046&amp;visit=m&amp;tmstp=[timestamp]&amp;out=nonrich\" target=\"_blank\" rel=\"noopener noreferrer\"><img decoding=\"async\" src=\"http:\/\/www3.smartadserver.com\/ac?out=nonrich&amp;nwid=2136&amp;siteid=240610&amp;pgname=rg&amp;fmtid=49046&amp;visit=m&amp;tmstp=[timestamp]\" border=\"0\" alt=\"\"\/><\/a><\/p>\n<p><\/noscript><\/div>\n<p class=\"c3\"><em>La situation sociopolitique en C\u00f4te d\u2019Ivoire pr\u00e9occupe l\u2019ONU au point qu\u2019elle y a d\u00e9p\u00each\u00e9 un repr\u00e9sentant sp\u00e9cial en la personne de Mohamed Ibn Chambas. Ce dernier entamera d\u00e8s \u00e0 pr\u00e9sent et ce, pendant une semaine, des discussions avec les diff\u00e9rents acteurs politiques. En attendant de conna\u00eetre l\u2019issue des concertations, l\u2019ONU appelle l\u2019ensemble des acteurs \u00e0 la retenue. \u00a0Sera-t-elle entendue\u00a0? On attend de voir. Le moins que l\u2019on puisse dire, c\u2019est que les inqui\u00e9tudes de l\u2019ONU sont l\u00e9gitimes. En effet, alors que l\u2019invalidation, par le Conseil constitutionnel, des candidatures d\u2019opposants embl\u00e9matiques comme Laurent Gbagbo et Guillaume Soro n\u2019a pas fini de faire couler encre et salive sur les bords de la lagune Ebri\u00e9, l\u2019opposition ivoirienne se pr\u00e9pare \u00e0 aller en front uni contre le troisi\u00e8me mandat du pr\u00e9sident Alassane Ouattara, autoris\u00e9 par la juridiction \u00e9lectorale supr\u00eame du pays, \u00e0 s\u2019aligner dans les starting-blocks de la course \u00e0 sa propre succession. Ainsi, de l\u2019ex-pr\u00e9sident de l\u2019Assembl\u00e9e nationale ivoirienne, Guillaume Soro, en exil sur les bords de la Seine au patron du PDCI, Henri Konan B\u00e9di\u00e9, en passant par l\u2019UDPCI de Mabri Toikeusse et les partisans de l\u2019ex-c\u00e9l\u00e8bre prisonnier de La Haye, Laurent Gbagbo, toujours en d\u00e9licatesse avec la Justice, chacun y va de sa strat\u00e9gie et de ses propositions avec comme point commun que tout ce que l\u2019opposition ivoirienne compte de poids lourds, est aujourd\u2019hui debout comme un seul homme, pour barrer la route \u00e0 l\u2019enfant de Kong dont la candidature est jug\u00e9e anticonstitutionnelle et qui se retrouve dans la course \u00e0 l\u2019\u00e9chalote, par le seul fait de la \u00ab\u00a0forfaiture\u00a0\u00bb d\u2019une juridiction \u00ab\u00a0instrumentalis\u00e9e par les dirigeants actuels\u00a0\u00bb.<\/em><\/p>\n<p class=\"c3\"><em>\u00a0<\/em><\/p>\n<p class=\"c4\"><strong><em>On peut nourrir de s\u00e9rieuses inqui\u00e9tudes pour la C\u00f4te d\u2019Ivoire<\/em><\/strong><\/p>\n<p class=\"c3\"><em>\u00a0<\/em><\/p>\n<p class=\"c3\"><em>Le dernier fait marquant en date est l\u2019appel \u00e0 la d\u00e9sob\u00e9issance civile du Sphinx de Daoukro, l\u2019ex-pr\u00e9sident Henri Konan B\u00e9di\u00e9, qui r\u00eave de rena\u00eetre de ses cendres et de revenir aux commandes du pouvoir d\u2019Etat. Sans doute croit-il pouvoir trouver en \u00a0cette pr\u00e9sidentielle qui s\u2019annonce pour lui, comme le dernier combat de sa vie \u00e0 86 ans r\u00e9volus, l\u2019occasion id\u00e9ale de redorer son blason avant de tirer sa r\u00e9v\u00e9rence. Quoi qu\u2019il en soit, cet appel du doyen de l\u2019opposition ivoirienne \u00e0 la d\u00e9sob\u00e9issance civile, au moment o\u00f9 certains, comme Guillaume Soro par exemple, veulent explorer d\u2019autres voies comme celle de la saisine d\u2019institutions continentales telles la CEDEAO, l\u2019Union africaine, et internationales comme l\u2019Union europ\u00e9enne et les Nations unies, sonne comme une r\u00e9ponse \u00e0 la mesure d\u2019interdiction des manifestations, prise dans la foul\u00e9e par les autorit\u00e9s ivoiriennes. En attendant de savoir quelle forme va rev\u00eatir concr\u00e8tement cette d\u00e9sob\u00e9issance civile, on peut se demander si l\u2019appel de B\u00e9di\u00e9, sera entendu.\u00a0 Surtout du c\u00f4t\u00e9 de la soci\u00e9t\u00e9 civile et des syndicats qui, jusque-l\u00e0 peu audibles dans le d\u00e9bat qui se m\u00e8ne, pourraient ne pas se sentir vraiment concern\u00e9s par ce qui appara\u00eet comme un combat de politiciens revanchards. On attend de voir. Mais d\u2019ores et d\u00e9j\u00e0, on peut nourrir de s\u00e9rieuses inqui\u00e9tudes pour la C\u00f4te d\u2019Ivoire. Car, \u00e0 l\u2019allure o\u00f9 vont les choses, on se demande si le gnaga* est encore \u00e9vitable. D\u2019autant que dans la situation actuelle o\u00f9 les positions semblent tranch\u00e9es entre protagonistes qui se croient chacun dans son bon droit, la C\u00f4te d\u2019Ivoire qui est d\u00e9j\u00e0 sous haute tension \u00e0 l\u2019interne, semble laiss\u00e9e \u00e0 elle-m\u00eame.<\/em><\/p>\n<p class=\"c3\"><em>\u00a0<\/em><\/p>\n<p class=\"c4\"><strong><em>Dans ce jeu qui ressemble \u00e0 celui de la roublardise, on ne sait pas \u00e0 quel politicien se fier finalement sur les bords de la lagune Ebri\u00e9<\/em><\/strong><\/p>\n<p class=\"c3\"><em>\u00a0<\/em><\/p>\n<p class=\"c3\"><em>Comment, dans ces conditions, \u00e9viter une explosion de la cocotte-minute surtout qu\u2019il ne se dessine \u00e0 l\u2019horizon, aucune mesure visible d\u2019apaisement encore moins de m\u00e9diation pouvant servir de soupape \u00e0 une situation qui se d\u00e9grade continuellement au fur et \u00e0 mesure que l\u2019on approche de l\u2019\u00e9ch\u00e9ance du scrutin ? C\u2019est \u00e0 se demander si l\u2019inflexibilit\u00e9 des autorit\u00e9s d\u2019Abidjan et les revendications maximalistes de l\u2019opposition qui demande, en plus de la r\u00e9habilitation de ses leaders sous sanctions, ni plus ni moins que la dissolution de la Commission \u00e9lectorale et du Conseil constitutionnel, ne r\u00e9pondent pas \u00e0 une volont\u00e9 d\u2019en d\u00e9coudre frontalement sur le terrain. En tout cas, \u00e0 moins d\u2019un retournement spectaculaire de situation, on ne voit pas l\u2019opposition ivoirienne obtenir, en un mois et demi, ces changements qu\u2019elle n\u2019a pu obtenir depuis son combat de longue date.\u00a0<\/em> <em>En tout \u00e9tat de cause, sans absoudre ADO, l\u2019histoire actuelle de la C\u00f4te d\u2019Ivoire n\u2019aurait pas \u00e9t\u00e9 aussi path\u00e9tique si on n\u2019avait pas retrouv\u00e9 unis aujourd\u2019hui, dans un m\u00eame combat, des gens que tout ou presque oppose en politique. En effet, l\u2019ironie du sort est de compter aujourd\u2019hui dans ce conglom\u00e9rat de farouches opposants au pr\u00e9sident ADO, l\u2019UDPCI de Mabri Toikeusse, h\u00e9ritier de feu Robert Gu\u00e9i, le tombeur d\u2019Henri Konan B\u00e9di\u00e9, ex-alli\u00e9 d\u2019ADO contre Laurent Gbagbo qui ne voulait plus voir Guillaume Soro, m\u00eame en peinture, apr\u00e8s le ralliement de ce dernier \u00e0 l\u2019ennemi jur\u00e9, Alassane Ouattara.\u00a0 C\u2019est dire si bien plus en C\u00f4te d\u2019Ivoire qu\u2019ailleurs, la politique a ses raisons que la raison du citoyen lambda ignore tant elle semble \u00e9voluer au gr\u00e9 des int\u00e9r\u00eats du moment, des acteurs. Et dans ce jeu qui ressemble \u00e0 celui de la roublardise, on ne sait pas \u00e0 quel politicien se fier finalement sur les bords de la lagune Ebri\u00e9. Et le peuple ivoirien dans tout cela\u00a0?<\/em><\/p>\n<p class=\"c3\"><em>\u00a0<\/em><\/p>\n<p class=\"c4\"><strong><em>\u00a0\u00ab\u00a0Le Pays\u00a0\u00bb<\/em><\/strong><\/p>\n<p class=\"c4\"><strong><em>\u00a0<\/em><\/strong><\/p>\n<p class=\"c4\"><strong><em>*Gnaga\u00a0: bagarre en langage Nouchi (argot ivoirien)<\/em><\/strong><\/p>\n<p class=\"c3\"><em>\u00a0<\/em><\/p>\n<p><strong>\u00a0<\/strong><\/p>\n<p>Auteur: Le Pays<br \/>\n<a href=\"http:\/\/lepays.bf\/appel-a-la-retenue-en-cote-divoire\/\">Cliquez ici pour lire l&rsquo;article depuis sa source.<\/a><\/p>\n","protected":false},"excerpt":{"rendered":"<p>La situation sociopolitique en C\u00f4te d\u2019Ivoire pr\u00e9occupe l\u2019ONU au point qu\u2019elle y a d\u00e9p\u00each\u00e9 un repr\u00e9sentant sp\u00e9cial en la personne de Mohamed Ibn Chambas. Ce dernier entamera d\u00e8s \u00e0 pr\u00e9sent et ce, pendant une semaine, des discussions avec les diff\u00e9rents acteurs politiques. En attendant de conna\u00eetre l\u2019issue des concertations, l\u2019ONU appelle l\u2019ensemble des acteurs \u00e0 [&hellip;]<\/p>\n","protected":false},"author":1813,"featured_media":0,"comment_status":"closed","ping_status":"closed","sticky":false,"template":"","format":"standard","meta":{"fifu_image_url":"","fifu_image_alt":"","footnotes":""},"categories":[73,81],"tags":[],"class_list":["post-99682","post","type-post","status-publish","format-standard","hentry","category-actualite","category-burkina-faso"],"_links":{"self":[{"href":"https:\/\/linitiative.ca\/International\/wp-json\/wp\/v2\/posts\/99682","targetHints":{"allow":["GET"]}}],"collection":[{"href":"https:\/\/linitiative.ca\/International\/wp-json\/wp\/v2\/posts"}],"about":[{"href":"https:\/\/linitiative.ca\/International\/wp-json\/wp\/v2\/types\/post"}],"author":[{"embeddable":true,"href":"https:\/\/linitiative.ca\/International\/wp-json\/wp\/v2\/users\/1813"}],"replies":[{"embeddable":true,"href":"https:\/\/linitiative.ca\/International\/wp-json\/wp\/v2\/comments?post=99682"}],"version-history":[{"count":0,"href":"https:\/\/linitiative.ca\/International\/wp-json\/wp\/v2\/posts\/99682\/revisions"}],"wp:attachment":[{"href":"https:\/\/linitiative.ca\/International\/wp-json\/wp\/v2\/media?parent=99682"}],"wp:term":[{"taxonomy":"category","embeddable":true,"href":"https:\/\/linitiative.ca\/International\/wp-json\/wp\/v2\/categories?post=99682"},{"taxonomy":"post_tag","embeddable":true,"href":"https:\/\/linitiative.ca\/International\/wp-json\/wp\/v2\/tags?post=99682"}],"curies":[{"name":"wp","href":"https:\/\/api.w.org\/{rel}","templated":true}]}}