{"id":99683,"date":"2020-09-22T16:08:24","date_gmt":"2020-09-22T20:08:24","guid":{"rendered":"https:\/\/linitiative.ca\/International\/manif-contre-paul-biya-au-cameroun\/"},"modified":"2020-09-22T16:08:24","modified_gmt":"2020-09-22T20:08:24","slug":"manif-contre-paul-biya-au-cameroun","status":"publish","type":"post","link":"https:\/\/linitiative.ca\/International\/manif-contre-paul-biya-au-cameroun\/","title":{"rendered":"MANIF CONTRE PAUL BIYA AU CAMEROUN  \u00a0"},"content":{"rendered":"<div class=\"stream-item stream-item-above-post-content\">\n<p><noscript><\/p>\n<p><a href=\"\/\/www3.smartadserver.com\/ac?jump=1&amp;nwid=2136&amp;siteid=240610&amp;pgname=rg&amp;fmtid=49046&amp;visit=m&amp;tmstp=[timestamp]&amp;out=nonrich\" target=\"_blank\" rel=\"noopener noreferrer\"><img decoding=\"async\" src=\"http:\/\/www3.smartadserver.com\/ac?out=nonrich&amp;nwid=2136&amp;siteid=240610&amp;pgname=rg&amp;fmtid=49046&amp;visit=m&amp;tmstp=[timestamp]\" border=\"0\" alt=\"\"\/><\/a><\/p>\n<p><\/noscript><\/div>\n<p class=\"c3\"><em>Des Camerounais sont descendus dans les rues de Yaound\u00e9, la capitale et dans celles d\u2019autres villes du pays comme Bafoussam, le 22 septembre dernier, \u00e0 l\u2019appel de l\u2019opposant Maurice Kamto, pour r\u00e9clamer un cessez-le-feu et des n\u00e9gociations dans l\u2019Ouest anglophone o\u00f9 la guerre entre les groupes s\u00e9paratistes et l\u2019arm\u00e9e r\u00e9guli\u00e8re, aura fait de nombreuses victimes. Les manifestants exigeaient \u00e9galement une r\u00e9forme du syst\u00e8me \u00e9lectoral national et le d\u00e9part du pr\u00e9sident Paul Biya qui dirige le pays d\u2019une main de fer depuis pr\u00e8s de quarante ans. Mais comme il fallait s\u2019y attendre, la machine r\u00e9pressive du r\u00e9gime autocratique de l\u2019octog\u00e9naire, a emp\u00each\u00e9 bien des manifestants de marcher pacifiquement, car en plus du gaz lacrymog\u00e8ne et des canons \u00e0 eau qui ont \u00e9t\u00e9 utilis\u00e9s, certains ont \u00e9t\u00e9 bri\u00e8vement interpell\u00e9s. Et c\u2019est peu dire que c\u2019est la marque de fabrique des satrapes du continent. Au lieu de prendre s\u00e9rieusement en compte les probl\u00e8mes pos\u00e9s par leurs adversaires et qui, le plus souvent, ne sont en r\u00e9alit\u00e9 que le condens\u00e9 des pr\u00e9occupations de leur peuple, ils pr\u00e9f\u00e8rent plut\u00f4t utiliser la force publique pour casser de l\u2019opposant. Le cas du Cameroun est d\u2019autant plus d\u00e9sesp\u00e9rant que de nombreux Camerounais semblent avoir opt\u00e9 pour la r\u00e9signation, laissant ainsi le soin \u00e0 Dame nature de d\u00e9cider du sort du dictateur. M\u00eame l\u2019\u00e9lite camerounaise est aujourd\u2019hui atone et aphone si elle n\u2019a pas carr\u00e9ment la bouche enfarin\u00e9e. Et cela ne saurait \u00e9tonner outre mesure. En effet, dans un pays o\u00f9 la corruption le dispute aux passe-droits, l\u2019on ne peut s\u2019attendre \u00e0 autre chose. On en vient donc \u00e0 se demander que peut encore Maurice Kamto\u00a0? On le sait, le r\u00e9gime Biya a pouss\u00e9 tellement de racines qu\u2019il serait na\u00eff de croire qu\u2019une poign\u00e9e d\u2019opposants puissent \u00a0le d\u00e9raciner au seul moyen de marches pacifiques.<\/em><\/p>\n<p class=\"c3\"><em>\u00a0<\/em><\/p>\n<p class=\"c4\"><strong><em>Malgr\u00e9 son triste bilan, le satrape croit dur comme fer qu\u2019il est toujours l\u2019homme de la situation<\/em><\/strong><\/p>\n<p class=\"c4\"><strong><em>\u00a0<\/em><\/strong><\/p>\n<p class=\"c3\"><em>C\u2019est dire s\u2019il en faut plus pour faire vaciller la forteresse Biya. Cela dit, il faut encourager l\u2019opposant Kamto qui aura mis le pr\u00e9sident Biya en difficult\u00e9, lors de la pr\u00e9sidentielle d\u2019octobre 2018. On ne saurait \u00a0fermer les yeux sur les tares du r\u00e9gime kleptocratique de Paul Biya, ce vieillard de 87 ans, qui se croit immortel.\u00a0 En tout cas, l\u2019homme est hostile \u00e0 toute id\u00e9e d\u2019alternance. La seule alternance qui vaille pour lui, serait sans doute celle qui consisterait \u00e0 c\u00e9der son fauteuil \u00e0 son fils, Franck Biya. Et si le peuple ne se r\u00e9veille pas, il continuera \u00e0 subir la f\u00e9rule de la dynastie Biya. En tout cas, c\u2019est peu dire que le long r\u00e8gne de Paul Biya est un vrai g\u00e2chis. Cela est d\u2019autant plus vrai que les Camerounais qui l\u2019ont accueilli comme une source d\u2019espoir, n\u2019ont aujourd\u2019hui, ni la d\u00e9mocratie, ni la prosp\u00e9rit\u00e9, encore moins la paix. Bien au contraire, c\u2019est un pays profond\u00e9ment divis\u00e9 au sens propre comme au figur\u00e9 que Paul Biya risque de l\u00e9guer aux g\u00e9n\u00e9rations futures. Et malgr\u00e9 ce triste bilan, le satrape croit dur comme fer qu\u2019il est toujours l\u2019homme de la situation. C\u2019est pourquoi toute contestation est vite m\u00e2t\u00e9e dans le sang. Quelle image Paul Biya veut-il que la post\u00e9rit\u00e9 retienne de lui\u00a0? La question vraiment m\u00e9rite d\u2019\u00eatre pos\u00e9e.\u00a0 \u00a0<\/em><\/p>\n<p class=\"c3\"><em>\u00a0<\/em><\/p>\n<p class=\"c4\"><em><strong>Dabadi ZOUMBARA<\/strong><\/em><\/p>\n<p class=\"c3\"><em>\u00a0<\/em><\/p>\n<p class=\"c3\"><em>\u00a0<\/em><\/p>\n<p>Auteur: Le Pays<br \/>\n<a href=\"http:\/\/lepays.bf\/manif-contre-paul-biya-au-cameroun\/\">Cliquez ici pour lire l&rsquo;article depuis sa source.<\/a><\/p>\n","protected":false},"excerpt":{"rendered":"<p>Des Camerounais sont descendus dans les rues de Yaound\u00e9, la capitale et dans celles d\u2019autres villes du pays comme Bafoussam, le 22 septembre dernier, \u00e0 l\u2019appel de l\u2019opposant Maurice Kamto, pour r\u00e9clamer un cessez-le-feu et des n\u00e9gociations dans l\u2019Ouest anglophone o\u00f9 la guerre entre les groupes s\u00e9paratistes et l\u2019arm\u00e9e r\u00e9guli\u00e8re, aura fait de nombreuses victimes. [&hellip;]<\/p>\n","protected":false},"author":1813,"featured_media":0,"comment_status":"closed","ping_status":"closed","sticky":false,"template":"","format":"standard","meta":{"fifu_image_url":"","fifu_image_alt":"","footnotes":""},"categories":[73,81],"tags":[],"class_list":["post-99683","post","type-post","status-publish","format-standard","hentry","category-actualite","category-burkina-faso"],"_links":{"self":[{"href":"https:\/\/linitiative.ca\/International\/wp-json\/wp\/v2\/posts\/99683","targetHints":{"allow":["GET"]}}],"collection":[{"href":"https:\/\/linitiative.ca\/International\/wp-json\/wp\/v2\/posts"}],"about":[{"href":"https:\/\/linitiative.ca\/International\/wp-json\/wp\/v2\/types\/post"}],"author":[{"embeddable":true,"href":"https:\/\/linitiative.ca\/International\/wp-json\/wp\/v2\/users\/1813"}],"replies":[{"embeddable":true,"href":"https:\/\/linitiative.ca\/International\/wp-json\/wp\/v2\/comments?post=99683"}],"version-history":[{"count":0,"href":"https:\/\/linitiative.ca\/International\/wp-json\/wp\/v2\/posts\/99683\/revisions"}],"wp:attachment":[{"href":"https:\/\/linitiative.ca\/International\/wp-json\/wp\/v2\/media?parent=99683"}],"wp:term":[{"taxonomy":"category","embeddable":true,"href":"https:\/\/linitiative.ca\/International\/wp-json\/wp\/v2\/categories?post=99683"},{"taxonomy":"post_tag","embeddable":true,"href":"https:\/\/linitiative.ca\/International\/wp-json\/wp\/v2\/tags?post=99683"}],"curies":[{"name":"wp","href":"https:\/\/api.w.org\/{rel}","templated":true}]}}