{"id":99684,"date":"2020-09-22T16:40:08","date_gmt":"2020-09-22T20:40:08","guid":{"rendered":"https:\/\/linitiative.ca\/International\/journees-internationales-de-la-paix-et-de-la-tolerance-prevenir-la-stigmatisation-et-le-repli-identitaire\/"},"modified":"2020-09-22T16:40:08","modified_gmt":"2020-09-22T20:40:08","slug":"journees-internationales-de-la-paix-et-de-la-tolerance-prevenir-la-stigmatisation-et-le-repli-identitaire","status":"publish","type":"post","link":"https:\/\/linitiative.ca\/International\/journees-internationales-de-la-paix-et-de-la-tolerance-prevenir-la-stigmatisation-et-le-repli-identitaire\/","title":{"rendered":"Journ\u00e9es internationales de la paix et de la tol\u00e9rance : Pr\u00e9venir la stigmatisation  et le repli identitaire"},"content":{"rendered":"<div class=\"td-post-featured-image\" readability=\"32\"><a href=\"https:\/\/www.sidwaya.info\/wp-content\/uploads\/2020\/09\/paix.jpg\" data-caption=\"Les forces vives de la r&#xE9;gion du Centre-Nord ont r&#xE9;affirm&#xE9; leur solidarit&#xE9; envers les PDI.\"><img loading=\"lazy\" decoding=\"async\" width=\"696\" height=\"522\" class=\"entry-thumb td-modal-image\" src=\"https:\/\/www.sidwaya.info\/wp-content\/uploads\/2020\/09\/paix-696x522.jpg\" srcset=\"https:\/\/www.sidwaya.info\/wp-content\/uploads\/2020\/09\/paix-696x522.jpg 696w, https:\/\/www.sidwaya.info\/wp-content\/uploads\/2020\/09\/paix-300x225.jpg 300w, https:\/\/www.sidwaya.info\/wp-content\/uploads\/2020\/09\/paix-768x576.jpg 768w, https:\/\/www.sidwaya.info\/wp-content\/uploads\/2020\/09\/paix-560x420.jpg 560w, https:\/\/www.sidwaya.info\/wp-content\/uploads\/2020\/09\/paix-80x60.jpg 80w, https:\/\/www.sidwaya.info\/wp-content\/uploads\/2020\/09\/paix-265x198.jpg 265w, https:\/\/www.sidwaya.info\/wp-content\/uploads\/2020\/09\/paix.jpg 787w\" sizes=\"auto, (max-width: 696px) 100vw, 696px\" alt=\"\" title=\"paix\"\/><\/a>Les forces vives de la r\u00e9gion du Centre-Nord ont r\u00e9affirm\u00e9 leur solidarit\u00e9 envers les PDI.<\/div>\n<p><strong>Le minist\u00e8re des Droits humains et de la Promotion civique (MDHPC) a conjointement comm\u00e9mor\u00e9 les journ\u00e9es de la paix et de la tol\u00e9rance, le lundi 21 septembre 2020, \u00e0 Kaya.<\/strong><\/p>\n<p>Pour l\u2019\u00e9dition 2020, la r\u00e9gion du Centre-Nord abrite les activit\u00e9s comm\u00e9moratives des Journ\u00e9es internationales de la paix et de la tol\u00e9rance (JIPT), au regard de son contexte s\u00e9curitaire et humanitaire. Pour la ministre des Droits humains et de la Promotion civique, Maminata Ouattara, le choix de cette localit\u00e9 se justifie par le fait que cette r\u00e9gion ait donn\u00e9 et continue de donner le bon exemple de tol\u00e9rance et d\u2019hospitalit\u00e9, \u00e0 travers l\u2019accueil et l\u2019assistance aux Personnes d\u00e9plac\u00e9es internes (PDI).<\/p>\n<p>De ce fait, elle a salu\u00e9 l\u2019esprit de tol\u00e9rance et de solidarit\u00e9 des populations-h\u00f4tes de la \u2018\u2019cit\u00e9 des cuirs et des peaux\u2019\u2019. Toutefois, la ministre Maminata Ouattara a soulign\u00e9 que ce groupement peut laisser entrevoir un sentiment de stigmatisation et de repli identitaire. \u00ab C\u2019est pourquoi, nous sommes venus transmettre un message de paix et de tol\u00e9rance \u00e0 l\u2019endroit, d\u2019une part des peuples burkinab\u00e8 et d\u2019autre part des communaut\u00e9s-h\u00f4tes \u00bb, a indiqu\u00e9 la ministre en charge de la promotion civique. Plac\u00e9es sous le th\u00e8me\u00a0:<br \/>\u00ab Pr\u00e9vention de la stigmatisation et du repli identitaire des communaut\u00e9s\u00a0: quelle synergie d\u2019actions en faveur de la coh\u00e9sion sociale et du vivre-ensemble harmonieux\u00a0? \u00bb, les JIPT 2020 ont \u00e9t\u00e9 lanc\u00e9es, le lundi 21 septembre 2020, \u00e0 Kaya.<\/p>\n<div class=\"td-a-rec td-a-rec-id-content_inline tdi_30_bb3 td_block_template_1\"><img loading=\"lazy\" decoding=\"async\" class=\"aligncenter size-full wp-image-21314\" src=\"https:\/\/www.sidwaya.info\/wp-content\/uploads\/2020\/04\/Bandeau-Covid-19-Sidwaya-1.jpg\" alt=\"\" width=\"790\" height=\"98\"\/><\/div>\n<p>A l\u2019issue de ce lancement, une rencontre d\u2019\u00e9changes et d\u2019exp\u00e9riences sur la probl\u00e9matique de la pr\u00e9vention de la stigmatisation et du repli identitaire des communaut\u00e9s a \u00e9t\u00e9 organis\u00e9e au profit des populations-h\u00f4tes et des PDI. Aux dires de Maminata Ouattara, une tourn\u00e9e de rencontre d\u2019\u00e9changes et de partage d\u2019exp\u00e9riences sur la th\u00e9matique dans six d\u00e9partements des provinces du Bam et Namentenga et d\u2019une publication de son message sur la paix et la tol\u00e9rance sont au programme dans les jours \u00e0 venir.<\/p>\n<h3>Pour une nation de paix<\/h3>\n<p><img decoding=\"async\" loading=\"lazy\" class=\"size-medium wp-image-26959\" src=\"https:\/\/www.sidwaya.info\/wp-content\/uploads\/2020\/09\/paix2-300x225.jpg\" alt=\"\" width=\"300\" height=\"225\" srcset=\"https:\/\/www.sidwaya.info\/wp-content\/uploads\/2020\/09\/paix2-300x225.jpg 300w, https:\/\/www.sidwaya.info\/wp-content\/uploads\/2020\/09\/paix2-768x576.jpg 768w, https:\/\/www.sidwaya.info\/wp-content\/uploads\/2020\/09\/paix2-696x522.jpg 696w, https:\/\/www.sidwaya.info\/wp-content\/uploads\/2020\/09\/paix2-560x420.jpg 560w, https:\/\/www.sidwaya.info\/wp-content\/uploads\/2020\/09\/paix2-80x60.jpg 80w, https:\/\/www.sidwaya.info\/wp-content\/uploads\/2020\/09\/paix2-265x198.jpg 265w, https:\/\/www.sidwaya.info\/wp-content\/uploads\/2020\/09\/paix2.jpg 787w\" sizes=\"auto, (max-width: 300px) 100vw, 300px\"\/>Les participants ont rendu hommage aux victimes des attaques terroristes.<\/p>\n<p>A l\u2019entendre, l\u2019objectif de cette comm\u00e9moration est, non seulement, de sensibiliser les populations aux dangers de la violence, mais aussi de les impliquer dans la promotion des valeurs de tol\u00e9rance, de paix et de coh\u00e9sion sociale. \u00ab Les JIPT permettent d\u2019engager tous les Burkinab\u00e8 \u00e0 l\u2019\u00e9dification d\u2019une nation \u00e9prise de paix, qui s\u2019appuie sur des valeurs sociales historiques et le respect des droits humains \u00bb, a-t-elle poursuivi. Pour elle, cette c\u00e9l\u00e9bration offre aussi une tribune de r\u00e9flexions, de partages et d\u2019\u00e9changes sur des perspectives nouvelles \u00e0 d\u00e9velopper, afin de consolider les acquis \u00e9conomiques, sociaux, politiques et culturels du Burkina Faso.<\/p>\n<p>Dans son intervention, la 1re adjointe au maire de Kaya, Bittou Sawadogo, a exprim\u00e9 sa reconnaissance pour le choix port\u00e9 sur sa commune, en ce sens que la r\u00e9gion du Centre-Nord constitue l\u2019\u00e9picentre des d\u00e9fis s\u00e9curitaires au Burkina Faso. \u00ab Dans ces derni\u00e8res ann\u00e9es, notre r\u00e9gion est en proie \u00e0 la multiplication d\u2019actes d\u2019intol\u00e9rance, de conflits communautaires et d\u2019attaques terroristes qui ont \u00e9branl\u00e9 le tissu social, mettant \u00e0 rude \u00e9preuve la coh\u00e9sion sociale et le vivre-ensemble \u00bb,<br \/>a-t-elle d\u00e9plor\u00e9. De ce fait, Mme Sawadogo a soulign\u00e9 que l\u2019instauration de ces valeurs sociales n\u00e9cessite la mutualisation des efforts \u00e0 tous les niveaux. A l\u2019entendre, \u00e0 la date du 21 septembre 2020, le Centre-Nord totalise 416\u00a0136 PDI dont 102\u00a0494 pour la commune de Kaya.<\/p>\n<p class=\"c1\"><strong>Emil Abdoul Razak SEGDA<\/strong><br \/>Segda9emil@gmail.com<\/p>\n<div class=\"td-a-rec td-a-rec-id-content_bottom tdi_31_6f3 td_block_template_1\"><img loading=\"lazy\" decoding=\"async\" class=\"aligncenter size-full wp-image-22415\" src=\"https:\/\/www.sidwaya.info\/wp-content\/uploads\/2020\/05\/Bandeau-paiement-mobile-site.png\" alt=\"\" width=\"728\" height=\"90\"\/><\/div>\n<p>Auteur: JK. Sidwaya<br \/>\n<a href=\"https:\/\/www.sidwaya.info\/blog\/2020\/09\/22\/journees-internationales-de-la-paix-et-de-la-tolerance-prevenir-la-stigmatisation-et-le-repli-identitaire\/\">Cliquez ici pour lire l&rsquo;article depuis sa source.<\/a><\/p>\n","protected":false},"excerpt":{"rendered":"<p>Les forces vives de la r\u00e9gion du Centre-Nord ont r\u00e9affirm\u00e9 leur solidarit\u00e9 envers les PDI. Le minist\u00e8re des Droits humains et de la Promotion civique (MDHPC) a conjointement comm\u00e9mor\u00e9 les journ\u00e9es de la paix et de la tol\u00e9rance, le lundi 21 septembre 2020, \u00e0 Kaya. Pour l\u2019\u00e9dition 2020, la r\u00e9gion du Centre-Nord abrite les activit\u00e9s [&hellip;]<\/p>\n","protected":false},"author":1816,"featured_media":99685,"comment_status":"closed","ping_status":"closed","sticky":false,"template":"","format":"standard","meta":{"fifu_image_url":"","fifu_image_alt":"","footnotes":""},"categories":[73,81],"tags":[],"class_list":["post-99684","post","type-post","status-publish","format-standard","has-post-thumbnail","hentry","category-actualite","category-burkina-faso"],"_links":{"self":[{"href":"https:\/\/linitiative.ca\/International\/wp-json\/wp\/v2\/posts\/99684","targetHints":{"allow":["GET"]}}],"collection":[{"href":"https:\/\/linitiative.ca\/International\/wp-json\/wp\/v2\/posts"}],"about":[{"href":"https:\/\/linitiative.ca\/International\/wp-json\/wp\/v2\/types\/post"}],"author":[{"embeddable":true,"href":"https:\/\/linitiative.ca\/International\/wp-json\/wp\/v2\/users\/1816"}],"replies":[{"embeddable":true,"href":"https:\/\/linitiative.ca\/International\/wp-json\/wp\/v2\/comments?post=99684"}],"version-history":[{"count":0,"href":"https:\/\/linitiative.ca\/International\/wp-json\/wp\/v2\/posts\/99684\/revisions"}],"wp:featuredmedia":[{"embeddable":true,"href":"https:\/\/linitiative.ca\/International\/wp-json\/"}],"wp:attachment":[{"href":"https:\/\/linitiative.ca\/International\/wp-json\/wp\/v2\/media?parent=99684"}],"wp:term":[{"taxonomy":"category","embeddable":true,"href":"https:\/\/linitiative.ca\/International\/wp-json\/wp\/v2\/categories?post=99684"},{"taxonomy":"post_tag","embeddable":true,"href":"https:\/\/linitiative.ca\/International\/wp-json\/wp\/v2\/tags?post=99684"}],"curies":[{"name":"wp","href":"https:\/\/api.w.org\/{rel}","templated":true}]}}