{"id":99686,"date":"2020-09-22T16:51:45","date_gmt":"2020-09-22T20:51:45","guid":{"rendered":"https:\/\/linitiative.ca\/International\/rapport-annuel-goalkeepers-sur-les-odd-le-nombre-de-personnes-vivant-dans-la-pauvrete-extreme-a-augmente-de-7-cheikh-oumar-seydi-directeur-afrique-de-la\/"},"modified":"2020-09-22T16:51:45","modified_gmt":"2020-09-22T20:51:45","slug":"rapport-annuel-goalkeepers-sur-les-odd-le-nombre-de-personnes-vivant-dans-la-pauvrete-extreme-a-augmente-de-7-cheikh-oumar-seydi-directeur-afrique-de-la","status":"publish","type":"post","link":"https:\/\/linitiative.ca\/International\/rapport-annuel-goalkeepers-sur-les-odd-le-nombre-de-personnes-vivant-dans-la-pauvrete-extreme-a-augmente-de-7-cheikh-oumar-seydi-directeur-afrique-de-la\/","title":{"rendered":"Rapport annuel \u00ab Goalkeepers\u00a0 \u00bb sur les ODD : \u00ab\u00a0Le nombre de personnes vivant dans la pauvret\u00e9 extr\u00eame a augment\u00e9 de 7%\u00a0\u00bb, Cheikh Oumar Seydi, directeur Afrique de la Fondation Gates"},"content":{"rendered":"<div class=\"td-post-featured-image\" readability=\"33\"><a href=\"https:\/\/www.sidwaya.info\/wp-content\/uploads\/2020\/09\/odd.jpg\" data-caption=\"&#xAB;&#xA0;Les importants progr&#xE8;s r&#xE9;alis&#xE9;s durant les cinq derni&#xE8;res ann&#xE9;es dans la lutte contre le paludisme et la tuberculose ont &#xE9;t&#xE9; effac&#xE9;s par la pand&#xE9;mie de la COVID-19&#xA0;&#xBB;.\"><img loading=\"lazy\" decoding=\"async\" width=\"696\" height=\"464\" class=\"entry-thumb td-modal-image\" src=\"https:\/\/www.sidwaya.info\/wp-content\/uploads\/2020\/09\/odd-696x464.jpg\" srcset=\"https:\/\/www.sidwaya.info\/wp-content\/uploads\/2020\/09\/odd-696x464.jpg 696w, https:\/\/www.sidwaya.info\/wp-content\/uploads\/2020\/09\/odd-300x200.jpg 300w, https:\/\/www.sidwaya.info\/wp-content\/uploads\/2020\/09\/odd-768x512.jpg 768w, https:\/\/www.sidwaya.info\/wp-content\/uploads\/2020\/09\/odd-630x420.jpg 630w, https:\/\/www.sidwaya.info\/wp-content\/uploads\/2020\/09\/odd.jpg 787w\" sizes=\"auto, (max-width: 696px) 100vw, 696px\" alt=\"\" title=\"odd\"\/><\/a>\u00ab\u00a0Les importants progr\u00e8s r\u00e9alis\u00e9s durant les cinq derni\u00e8res ann\u00e9es dans la lutte contre le paludisme et la tuberculose ont \u00e9t\u00e9 effac\u00e9s par la pand\u00e9mie de la COVID-19\u00a0\u00bb.<\/div>\n<p><strong>Le 4e rapport annuel \u00ab\u00a0Goalkeepers\u00a0\u00bb de la Fondation Bill &amp; Melinda Gates, a \u00e9t\u00e9 lanc\u00e9 le 15 septembre 2020. A l\u2019occasion, le directeur pour l\u2019Afrique de la Fondation, le S\u00e9n\u00e9galais Cheikh Oumar Seydi, \u00e9voque dans l\u2019interview qu\u2019il a accord\u00e9e \u00e0 Sidwaya, l\u2019impact de la pand\u00e9mie de la COVID-19 sur les Objectifs de d\u00e9veloppement durable (ODD) des Nations unies. Mais avant, il situe le contexte de l\u2019adoption des \u00ab\u00a0Goalkeepers\u00a0\u00bb.<\/strong><\/p>\n<p><strong>Cheikh Oumar Seydi (C.O.S.):<\/strong> En septembre 2015, les leaders mondiaux se sont accord\u00e9s sur des Objectifs de d\u00e9veloppement durable (ODD). Deux ans plus tard, la Fondation, en concertation avec ses partenaires, a pens\u00e9 que la meilleure fa\u00e7on de suivre annuellement l\u2019\u00e9tat d\u2019avancement des ODD est de les chiffrer, ce qui permettait aux d\u00e9cideurs de rectifier le tir. Le rapport vise donc \u00e0 mesurer l\u2019\u00e9tat d\u2019avancement des ODD et de permettre de prendre des d\u00e9cisions idoines pour les atteindre.<\/p>\n<p><strong>S: Quelles sont les principales conclusions du 4e rapport annuel\u00a0?<\/strong><\/p>\n<div class=\"td-a-rec td-a-rec-id-content_inline tdi_30_f76 td_block_template_1\"><img loading=\"lazy\" decoding=\"async\" class=\"aligncenter size-full wp-image-21314\" src=\"https:\/\/www.sidwaya.info\/wp-content\/uploads\/2020\/04\/Bandeau-Covid-19-Sidwaya-1.jpg\" alt=\"\" width=\"790\" height=\"98\"\/><\/div>\n<p><strong>C.O.S.\u00a0:<\/strong> Ce rapport est exceptionnel compte tenu de la COVID-19 qui a eu des cons\u00e9quences catastrophiques sur le travail qui a \u00e9t\u00e9 fait pendant toutes ces ann\u00e9es pour atteindre les ODD. A titre illustratif, le taux de vaccination mondiale est pass\u00e9 de 84% \u00e0 70%, soit un recul de 25 ans pendant seulement 25 semaines. Le nombre de personnes vivant dans la pauvret\u00e9 extr\u00eame a aussi augment\u00e9 de 7% apr\u00e8s plus de 20 ann\u00e9es cons\u00e9cutives de d\u00e9clin. Aussi, les importants progr\u00e8s r\u00e9alis\u00e9s durant les cinq derni\u00e8res ann\u00e9es dans la lutte contre le paludisme et la tuberculose ont \u00e9t\u00e9 effac\u00e9s par la pand\u00e9mie de la COVID-19. La pand\u00e9mie, avec ses cons\u00e9quences n\u00e9fastes, a donc eu un impact important sur nos pays.<\/p>\n<p><strong>S\u00a0: Comment trouver une solution \u00e0 cet impact n\u00e9gatif\u00a0?<\/strong><\/p>\n<p><strong>C.O.S.\u00a0:<\/strong> En mati\u00e8re de d\u00e9veloppement, il ne faut jamais se d\u00e9courager. Certes, la situation est grave, inqui\u00e9tante mais il faut continuer de redoubler d\u2019efforts. Il y a trois aspects importants \u00e0 consid\u00e9rer. Le premier est de s\u2019assurer de continuer la fourniture des services de sant\u00e9 malgr\u00e9 la COVID-19. Le paludisme ne prenant pas de vacances, les soins de sant\u00e9 primaires doivent donc se poursuivre. Le second chapitre est l\u2019impact \u00e9conomique qu\u2019on ne peut pas oublier, surtout dans des pays o\u00f9 au moins 80% des populations travaillent dans le secteur informel.<\/p>\n<p>Aujourd\u2019hui, le t\u00e9l\u00e9travail que vous et moi sommes connect\u00e9s en ligne et qu\u2019on arrive \u00e0 faire notre travail malgr\u00e9 la pand\u00e9mie de la COVID-19 a amplifi\u00e9 et est un luxe que les acteurs du secteur informel ne peuvent pas se permettre. Ils sont oblig\u00e9s de trouver quelque chose \u00e0 faire pour nourrir leur famille. Le troisi\u00e8me aspect important est la lutte contre la COVID-19 elle-m\u00eame. Il faut suivre simultan\u00e9ment ces trois volets qui sont tr\u00e8s importants. Aussi, il ne faudrait pas perdre de vue les possibilit\u00e9s pour la maladie de se propager. On ne peut pas s\u2019isoler dans un monde o\u00f9 nos pays ont besoin les uns des autres.<\/p>\n<p>Nous sommes dans un monde o\u00f9 la collaboration est extr\u00eamement importante surtout au moment o\u00f9 nous sommes en train de trouver des traitements qui permettent de jouer un effet de relais en attendant que les vaccins soient pr\u00eats. Il nous faut donc une collaboration de tous les pays et de tous les acteurs, y compris le secteur priv\u00e9, pour trouver une solution globale b\u00e9n\u00e9fique \u00e0 tout le monde, en fonction de nos moyens. Ainsi, les pays qui ont plus de moyens doivent d\u00e9penser plus que ceux qui n\u2019en ont pas. Les compagnies pharmaceutiques par exemple doivent proposer des produits abordables afin que l\u2019on puisse s\u2019en sortir ensemble. Car, on ne peut pas \u00eatre dans une situation o\u00f9 la crise touche juste une partie du monde, dans certains pays mais pas d\u2019autres. Le travail en synergie \u00e0 l\u2019\u00e9chelle mondiale s\u2019impose.<\/p>\n<p><strong>S\u00a0: Le rapport propose-t-il de r\u00e9orienter les actions afin d\u2019atteindre les ODD\u00a0?<\/strong><\/p>\n<p><strong>C.O.S.\u00a0:<\/strong> Nous vivons une crise mondiale qui exige une r\u00e9ponse mondiale. Toute tentative d\u2019un pays \u00e0 se prot\u00e9ger tout seul en n\u00e9gligeant les autres est tout simplement vou\u00e9e \u00e0 l\u2019\u00e9chec. Tous les Etats et les acteurs doivent collaborer et mettre tous les moyens n\u00e9cessaires pour qu\u2019on puisse avoir les traitements qu\u2019il faut le plus rapidement possible et aboutir \u00e0 des vaccins. Tout devrait \u00eatre mis en place pour pousser les institutions et les gouvernements du Nord comme du Sud \u00e0 s\u2019asseoir sur la table et s\u2019accorder sur des r\u00e8gles qui puissent nous sortir de cette crise mondiale qu\u2019on ne peut pas g\u00e9rer pays par pays\u00a0!<\/p>\n<p><strong>S\u00a0: Avec la COVID-19, est-ce que les partenaires africains ont-ils \u00e0 craindre une baisse des financements qu\u2019ils recevront de la Fondation Bill et Melinda Gates?<\/strong><\/p>\n<p><strong>C.O.S.\u00a0:<\/strong> Depuis que la crise de la pand\u00e9mie est install\u00e9e, nous travaillons d\u2019arrache-pied sur les financements qu\u2019on a toujours eus mais aussi on s\u2019est beaucoup focalis\u00e9 sur certains aspects de la crise. Nous avons \u00e9t\u00e9, par exemple, parmi les premiers partenaires \u00e0 travailler avec le Centre africain de pr\u00e9vention contre les maladies (Africa CDC) en ordonnant le financement qu\u2019il faut pour pouvoir donc suivre le travail qu\u2019ils font dans plusieurs pays. Nous avons aussi travaill\u00e9 avec l\u2019Union africaine (UA), en particulier avec la plateforme qui a \u00e9t\u00e9 mise en place pour soutenir la distribution des produits m\u00e9dicaux, en y mettant pour la premi\u00e8re fois le produit qu\u2019on appelle Dexam\u00e9thasone pour soigner les malades de la COVID-19.<\/p>\n<p>Nous avons plusieurs autres partenaires comme l\u2019OMS, l\u2019UNICEF, avec lesquels nous travaillons tous les jours. Notre travail n\u2019a pas arr\u00eat\u00e9, il inclut aussi certains endroits o\u00f9 il faut aider des patients atteints d\u2019autres maladies \u00e0 avoir acc\u00e8s \u00e0 leurs m\u00e9dicaments, sans avoir n\u00e9cessairement besoin de se d\u00e9placer. Car, plus il y a des d\u00e9placements, plus il y a des possibilit\u00e9s d\u2019avoir des contaminations. En r\u00e9sum\u00e9, c\u2019est une situation exceptionnelle qui interpelle tout le monde. Depuis que la crise nous a frapp\u00e9, nous continuons justement d\u2019accompagner les gouvernements et d\u2019ex\u00e9cuter nos diff\u00e9rents programmes.<\/p>\n<p><strong>S\u00a0: Les pays africains n\u2019ont donc pas \u00e0 craindre d\u2019une baisse quelconque de financements\u00a0?<\/strong><\/p>\n<p><strong>C.O.S.\u00a0:<\/strong> Honn\u00eatement, le probl\u00e8me n\u2019est pas une question de baisse de financements. La crise est l\u00e0 et a chang\u00e9 toutes les donn\u00e9es. M\u00eame si les partenaires au d\u00e9veloppement multipliaient justement leurs financements, ce n\u2019est pas n\u00e9cessaire et ne r\u00e8glera pas le probl\u00e8me du jour au lendemain. Il faudrait qu\u2019il y ait une bonne concertation par rapport au r\u00e8glement de cette crise. Les partenaires se compl\u00e8tent sur les programmes qu\u2019ils proposent. Imaginez-vous cinq ans de travail de progr\u00e8s sur le paludisme qui sont effac\u00e9s en quelques semaines\u00a0!<\/p>\n<p><strong>S\u00a0: Par rapport \u00e0 la recherche du vaccin contre la COVID-19, d\u2019autres pensent que la Fondation Bill et Belinda Gates veut utiliser les populations africaines comme cobayes afin de tester certains vaccins. Qu\u2019en pensez vous\u00a0?<\/strong><br \/><strong>C.O.S.\u00a0:<\/strong> C\u2019est une pol\u00e9mique qui n\u2019a absolument aucun sens. Il y a quelques semaines seulement, on venait de c\u00e9l\u00e9brer l\u2019Afrique lib\u00e9r\u00e9e de la forme sauvage de poliomy\u00e9lite. Comment cela a \u00e9t\u00e9 r\u00e9alis\u00e9\u00a0? C\u2019est d\u00fb aux campagnes de vaccination mais les gens n\u2019en parlent pas. Scientifiquement, il est \u00e0 prouver que la vaccination fait une diff\u00e9rence. Depuis que l\u2019Alliance globale pour les vaccins et l\u2019immunisation (GAVI) a \u00e9t\u00e9 mise en place, la mortalit\u00e9 infantile a \u00e9t\u00e9 r\u00e9duite de fa\u00e7on drastique et la Fondation accompagne la GAVI dans cette action. L\u2019ann\u00e9e 2000, il y avait un d\u00e9bat sur l\u2019importance ou la valeur de la vaccination.<\/p>\n<p>Mais dans quel monde on se trouve\u00a0? C\u2019est un d\u00e9bat qui n\u2019est pas prouv\u00e9 scientifiquement. Nous sommes une Fondation, nous avons un statut qui fait qu\u2019on n\u2019a pas une orientation sur le profit. Je ne sais pas de quel laboratoire vous parlez\u00a0! Nous nous donnons des moyens pour accompagner tous les efforts qui sont faits dans la sant\u00e9 globale. Nous allons continuer \u00e0 reconna\u00eetre l\u2019importance de la vaccination. En plus, les programmes de planification familiale que nous accompagnons sont en concertation avec les peuples que nous voulons servir et les gouvernements qui sont impliqu\u00e9s. Nous continuerons de soutenir les initiatives comme le Partenariat de Ouagadougou. Franchement, \u00e0 mon avis et en tant qu\u2019agence de d\u00e9veloppement, c\u2019est une pol\u00e9mique qui n\u2019a pas de sens.<\/p>\n<p><strong>S: Le Burkina s\u2019est engag\u00e9 dans la gratuit\u00e9 des services de planification familiale. Est-ce que le pays peut s\u2019attendre davantage de l\u2019accompagnement de la Fondation\u00a0?<\/strong><\/p>\n<p><strong>C.O.S.:<\/strong> Le Burkina Faso est un partenaire tr\u00e8s important de la Fondation Bill et Melinda Gates et nous allons continuer \u00e0 accompagner ce pays dans la mesure de nos possibilit\u00e9s. Nous avons un accord de partenariat avec le Burkina Faso sur des axes bien cibl\u00e9s. Nous appr\u00e9cions la collaboration que nous avons dans ce pays. Nous appr\u00e9cions \u00e9galement le travail que font les dirigeants de ce pays, pour accompagner les populations, surtout dans des conditions s\u00e9curitaires parfois extr\u00eamement difficiles. Nous allons continuer \u00e0 faire ce travail et \u00e0 les accompagner, car ce pays est exceptionnel\u00a0!<\/p>\n<p class=\"c1\">Interview r\u00e9alis\u00e9e par <strong>Boureima SANGA<\/strong><br \/>bsanga2003@yahoo.fr<\/p>\n<div class=\"td-a-rec td-a-rec-id-content_bottom tdi_31_6f9 td_block_template_1\"><img loading=\"lazy\" decoding=\"async\" class=\"aligncenter size-full wp-image-22415\" src=\"https:\/\/www.sidwaya.info\/wp-content\/uploads\/2020\/05\/Bandeau-paiement-mobile-site.png\" alt=\"\" width=\"728\" height=\"90\"\/><\/div>\n<p>Auteur: JK. Sidwaya<br \/>\n<a href=\"https:\/\/www.sidwaya.info\/blog\/2020\/09\/22\/rapport-annuel-goalkeepers-sur-les-odd-le-nombre-de-personnes-vivant-dans-la-pauvrete-extreme-a-augmente-de-7-cheikh-oumar-seydi-directeur-afrique-de-la\/\">Cliquez ici pour lire l&rsquo;article depuis sa source.<\/a><\/p>\n","protected":false},"excerpt":{"rendered":"<p>\u00ab\u00a0Les importants progr\u00e8s r\u00e9alis\u00e9s durant les cinq derni\u00e8res ann\u00e9es dans la lutte contre le paludisme et la tuberculose ont \u00e9t\u00e9 effac\u00e9s par la pand\u00e9mie de la COVID-19\u00a0\u00bb. Le 4e rapport annuel \u00ab\u00a0Goalkeepers\u00a0\u00bb de la Fondation Bill &amp; Melinda Gates, a \u00e9t\u00e9 lanc\u00e9 le 15 septembre 2020. A l\u2019occasion, le directeur pour l\u2019Afrique de la Fondation, [&hellip;]<\/p>\n","protected":false},"author":1816,"featured_media":99687,"comment_status":"closed","ping_status":"closed","sticky":false,"template":"","format":"standard","meta":{"fifu_image_url":"","fifu_image_alt":"","footnotes":""},"categories":[73,81],"tags":[],"class_list":["post-99686","post","type-post","status-publish","format-standard","has-post-thumbnail","hentry","category-actualite","category-burkina-faso"],"_links":{"self":[{"href":"https:\/\/linitiative.ca\/International\/wp-json\/wp\/v2\/posts\/99686","targetHints":{"allow":["GET"]}}],"collection":[{"href":"https:\/\/linitiative.ca\/International\/wp-json\/wp\/v2\/posts"}],"about":[{"href":"https:\/\/linitiative.ca\/International\/wp-json\/wp\/v2\/types\/post"}],"author":[{"embeddable":true,"href":"https:\/\/linitiative.ca\/International\/wp-json\/wp\/v2\/users\/1816"}],"replies":[{"embeddable":true,"href":"https:\/\/linitiative.ca\/International\/wp-json\/wp\/v2\/comments?post=99686"}],"version-history":[{"count":0,"href":"https:\/\/linitiative.ca\/International\/wp-json\/wp\/v2\/posts\/99686\/revisions"}],"wp:featuredmedia":[{"embeddable":true,"href":"https:\/\/linitiative.ca\/International\/wp-json\/"}],"wp:attachment":[{"href":"https:\/\/linitiative.ca\/International\/wp-json\/wp\/v2\/media?parent=99686"}],"wp:term":[{"taxonomy":"category","embeddable":true,"href":"https:\/\/linitiative.ca\/International\/wp-json\/wp\/v2\/categories?post=99686"},{"taxonomy":"post_tag","embeddable":true,"href":"https:\/\/linitiative.ca\/International\/wp-json\/wp\/v2\/tags?post=99686"}],"curies":[{"name":"wp","href":"https:\/\/api.w.org\/{rel}","templated":true}]}}