{"id":99688,"date":"2020-09-22T16:55:56","date_gmt":"2020-09-22T20:55:56","guid":{"rendered":"https:\/\/linitiative.ca\/International\/inondations-au-burkina-faso-plus-de-50-000-personnes-a-assister-durgence\/"},"modified":"2020-09-22T16:55:56","modified_gmt":"2020-09-22T20:55:56","slug":"inondations-au-burkina-faso-plus-de-50-000-personnes-a-assister-durgence","status":"publish","type":"post","link":"https:\/\/linitiative.ca\/International\/inondations-au-burkina-faso-plus-de-50-000-personnes-a-assister-durgence\/","title":{"rendered":"Inondations au Burkina Faso : Plus de 50\u00a0000 personnes \u00e0 assister d\u2019urgence"},"content":{"rendered":"<div class=\"td-post-featured-image\" readability=\"34\"><a href=\"https:\/\/www.sidwaya.info\/wp-content\/uploads\/2020\/09\/inondation-2.jpg\" data-caption=\"La ministre en charge de l&#x2019;action humanitaire, H&#xE9;l&#xE8;ne Marie Laurence Ilboudo\/Marchal&#xA0;: &#xAB;&#xA0;Nous priorisons les personnes indigentes&#xA0; dans l&#x2019;assistance humanitaire &#xBB;.\"><img loading=\"lazy\" decoding=\"async\" width=\"696\" height=\"522\" class=\"entry-thumb td-modal-image\" src=\"https:\/\/www.sidwaya.info\/wp-content\/uploads\/2020\/09\/inondation-2-696x522.jpg\" srcset=\"https:\/\/www.sidwaya.info\/wp-content\/uploads\/2020\/09\/inondation-2-696x522.jpg 696w, https:\/\/www.sidwaya.info\/wp-content\/uploads\/2020\/09\/inondation-2-300x225.jpg 300w, https:\/\/www.sidwaya.info\/wp-content\/uploads\/2020\/09\/inondation-2-768x576.jpg 768w, https:\/\/www.sidwaya.info\/wp-content\/uploads\/2020\/09\/inondation-2-560x420.jpg 560w, https:\/\/www.sidwaya.info\/wp-content\/uploads\/2020\/09\/inondation-2-80x60.jpg 80w, https:\/\/www.sidwaya.info\/wp-content\/uploads\/2020\/09\/inondation-2-265x198.jpg 265w, https:\/\/www.sidwaya.info\/wp-content\/uploads\/2020\/09\/inondation-2.jpg 787w\" sizes=\"auto, (max-width: 696px) 100vw, 696px\" alt=\"\" title=\"inondation\"\/><\/a>La ministre en charge de l\u2019action humanitaire, H\u00e9l\u00e8ne Marie Laurence Ilboudo\/Marchal\u00a0: \u00ab\u00a0Nous priorisons les personnes indigentes\u00a0 dans l\u2019assistance humanitaire \u00bb.<\/div>\n<p><strong>La ministre de la Femme, de la Solidarit\u00e9 nationale, de la Famille et de l\u2019Action humanitaire, Laurence Ilboudo, a anim\u00e9 un point de presse sur la situation humanitaire au Burkina Faso, le mardi 22 septembre 2020 \u00e0 Ouagadougou.<\/strong><\/p>\n<p>Le Burkina Faso fait face \u00e0 des cas d\u2019inondations et \u00e0 des vents violents, depuis le mois d\u2019avril 2020, occasionnant 106\u00a0228 personnes sinistr\u00e9es dont 50\u00a0052 personnes tr\u00e8s vuln\u00e9rables ayant besoin d\u2019une assistance d\u2019urgence sur l\u2019ensemble des 13 r\u00e9gions, soit 17\u00a0705 m\u00e9nages affect\u00e9s. Du moins, la ministre de la Femme, de la Solidarit\u00e9 nationale, de la Famille et de l\u2019Action humanitaire, H\u00e9l\u00e8ne Marie Laurence Ilboudo\/Marchal, l\u2019a signifi\u00e9 aux journalistes au cours d\u2019un point de presse, le mardi 22 septembre 2020. A la date du 18 septembre 2020, a-t-elle cit\u00e9, l\u2019on d\u00e9nombre 112 bless\u00e9s, 12\u00a0378 maisons d\u00e9truites, plus de 500 tonnes de vivres emport\u00e9es par les eaux et plusieurs hectares de champs inond\u00e9s.<\/p>\n<p>Face \u00e0 cette situation de catastrophe, a-t-elle relev\u00e9, le gouvernement et ses partenaires humanitaires ont entrepris des actions pour apporter secours et assistance aux personnes sinistr\u00e9es. Il s\u2019agit, entre autres, a appuy\u00e9 la ministre, de plus de 400 tonnes de riz, mil, ma\u00efs, haricot d\u00e9j\u00e0 distribu\u00e9s \u00e0 18\u00a0750 personnes, la r\u00e9habilitation de 2\u00a0700 abris d\u2019urgence, 1\u00a0400 moustiquaires distribu\u00e9es, 100 latrines reconstruites dans les habitations d\u00e9truites et 75 bless\u00e9s pris en charge \u00e0 travers le fonds de solidarit\u00e9. Dans le souci d\u2019apporter une r\u00e9ponse prenant en compte les secteurs prioritaires, a-t-elle rappel\u00e9, le gouvernement, en d\u00e9clarant l\u2019\u00e9tat de catastrophe naturelle, a d\u00e9cid\u00e9 du d\u00e9blocage d\u2019un montant de 5 milliards F CFA. Selon la ministre en charge de l\u2019action humanitaire, la situation humanitaire actuelle du pays est aussi marqu\u00e9e par des d\u00e9placements massifs de personnes \u00e0 la suite de la crise s\u00e9curitaire.<\/p>\n<div class=\"td-a-rec td-a-rec-id-content_inline tdi_30_563 td_block_template_1\"><img loading=\"lazy\" decoding=\"async\" class=\"aligncenter size-full wp-image-21314\" src=\"https:\/\/www.sidwaya.info\/wp-content\/uploads\/2020\/04\/Bandeau-Covid-19-Sidwaya-1.jpg\" alt=\"\" width=\"790\" height=\"98\"\/><\/div>\n<p>Pour ce qui concerne les Personnes d\u00e9plac\u00e9es internes (PDI), a-t-elle mentionn\u00e9, elles sont estim\u00e9es \u00e0 un million trente-quatre mille six cent neuf (1\u00a0034\u00a0609) \u00e0 la date du 8 septembre 2020. R\u00e9parties dans 112\u00a0420 m\u00e9nages, les PDI ont \u00e9t\u00e9 accueillies dans 257 communes, a-t-elle fait savoir. A entendre Mme Ilboudo, dans le cadre de la gestion des PDI, 4\u00a0147 m\u00e9nages ont re\u00e7u des abris d\u2019urgence, 152\u00a0392 enfants non scolaris\u00e9s \u00e2g\u00e9s de 3 \u00e0 17 ans touch\u00e9s par la crise ont eu acc\u00e8s \u00e0 l\u2019\u00e9ducation de base formelle ou non formelle, 20\u00a0000 PDI ont b\u00e9n\u00e9fici\u00e9 de CNIB d\u00e9livr\u00e9es gratuitement \u00e0 Titao (6000), \u00e0 Kaya (7000), Dori (7000), etc. Quant aux personnes d\u00e9munies, \u00e0 ce jour, a-t-elle affirm\u00e9, 7\u00a0356 tonnes de vivres ont \u00e9t\u00e9 distribu\u00e9s \u00e0 500\u00a0434 personnes r\u00e9parties dans 62\u00a0732 m\u00e9nages \u00e0 travers le pays.<\/p>\n<h3>Priorit\u00e9 aux personnes indigentes<\/h3>\n<p>\u00ab\u00a0Afin de contribuer \u00e0 la gestion de la crise de la pand\u00e9mie de la COVID-19, le gouvernement, \u00e0 travers mon d\u00e9partement, a r\u00e9alis\u00e9 les actions telles que la prise en charge alimentaire et financi\u00e8re de 585 d\u00e9tenus d\u00e9munis graci\u00e9s, un cash transfert au profit de 20\u00a0000 personnes vuln\u00e9rables affect\u00e9es \u00e0 Ouagadougou et Bobo-Dioulasso, la prise en charge sanitaire de 1764 personnes indigentes\u2026\u00bb, a \u00e9galement notifi\u00e9 la ministre. Quelles sont les crit\u00e8res de s\u00e9lection des sinistr\u00e9s des inondations qui doivent b\u00e9n\u00e9ficier d\u2019assistance humanitaire?<\/p>\n<p>Pour la ministre Ilboudo, le premier crit\u00e8re c\u2019est l\u2019indigence, la vuln\u00e9rabilit\u00e9. \u00ab\u00a0Nous aidons les personnes qui n\u2019ont pas les moyens et qui ont besoin de secours. Apr\u00e8s l\u2019enregistrement des sinistr\u00e9s, il y a une enqu\u00eate sociale pour s\u2019assurer de la vuln\u00e9rabilit\u00e9 des personnes recens\u00e9es. Deuxi\u00e8mement, nous ne prenons pas en compte ceux qui sont dans les zones d\u00e9clar\u00e9es inondables\u00a0\u00bb, a pr\u00e9cis\u00e9 Mme Ilboudo. Pourquoi, constate-t-on des PDI dans les rues de Ouagadougou en train de mendier\u00a0?<\/p>\n<p>A cette question d\u2019un confr\u00e8re, la ministre a r\u00e9agi de fa\u00e7on ferme\u00a0: \u00ab\u00a0Nous ne prenons pas en charge des PDI \u00e0 Ouagadougou et \u00e0 Bobo-Dioulasso. Ces deux villes ne peuvent pas \u00eatre des zones d\u2019accueil. Nous demandons \u00e0 ceux qui sont dans cette situation \u00e0 se rendre dans les sites d\u2019accueil convenus pour qu\u2019ils soient pris en charge \u00bb.<\/p>\n<p class=\"c1\"><strong>Kowoma Marc DOH<\/strong><br \/><strong>Prisca COULIBALY<\/strong><br \/>(Stagiaire)<\/p>\n<div class=\"td-a-rec td-a-rec-id-content_bottom tdi_31_666 td_block_template_1\"><img loading=\"lazy\" decoding=\"async\" class=\"aligncenter size-full wp-image-22415\" src=\"https:\/\/www.sidwaya.info\/wp-content\/uploads\/2020\/05\/Bandeau-paiement-mobile-site.png\" alt=\"\" width=\"728\" height=\"90\"\/><\/div>\n<p>Auteur: JK. Sidwaya<br \/>\n<a href=\"https:\/\/www.sidwaya.info\/blog\/2020\/09\/22\/inondations-au-burkina-faso-plus-de-50-000-personnes-a-assister-durgence\/\">Cliquez ici pour lire l&rsquo;article depuis sa source.<\/a><\/p>\n","protected":false},"excerpt":{"rendered":"<p>La ministre en charge de l\u2019action humanitaire, H\u00e9l\u00e8ne Marie Laurence Ilboudo\/Marchal\u00a0: \u00ab\u00a0Nous priorisons les personnes indigentes\u00a0 dans l\u2019assistance humanitaire \u00bb. La ministre de la Femme, de la Solidarit\u00e9 nationale, de la Famille et de l\u2019Action humanitaire, Laurence Ilboudo, a anim\u00e9 un point de presse sur la situation humanitaire au Burkina Faso, le mardi 22 septembre [&hellip;]<\/p>\n","protected":false},"author":1816,"featured_media":99689,"comment_status":"closed","ping_status":"closed","sticky":false,"template":"","format":"standard","meta":{"fifu_image_url":"","fifu_image_alt":"","footnotes":""},"categories":[73,81],"tags":[],"class_list":["post-99688","post","type-post","status-publish","format-standard","has-post-thumbnail","hentry","category-actualite","category-burkina-faso"],"_links":{"self":[{"href":"https:\/\/linitiative.ca\/International\/wp-json\/wp\/v2\/posts\/99688","targetHints":{"allow":["GET"]}}],"collection":[{"href":"https:\/\/linitiative.ca\/International\/wp-json\/wp\/v2\/posts"}],"about":[{"href":"https:\/\/linitiative.ca\/International\/wp-json\/wp\/v2\/types\/post"}],"author":[{"embeddable":true,"href":"https:\/\/linitiative.ca\/International\/wp-json\/wp\/v2\/users\/1816"}],"replies":[{"embeddable":true,"href":"https:\/\/linitiative.ca\/International\/wp-json\/wp\/v2\/comments?post=99688"}],"version-history":[{"count":0,"href":"https:\/\/linitiative.ca\/International\/wp-json\/wp\/v2\/posts\/99688\/revisions"}],"wp:featuredmedia":[{"embeddable":true,"href":"https:\/\/linitiative.ca\/International\/wp-json\/"}],"wp:attachment":[{"href":"https:\/\/linitiative.ca\/International\/wp-json\/wp\/v2\/media?parent=99688"}],"wp:term":[{"taxonomy":"category","embeddable":true,"href":"https:\/\/linitiative.ca\/International\/wp-json\/wp\/v2\/categories?post=99688"},{"taxonomy":"post_tag","embeddable":true,"href":"https:\/\/linitiative.ca\/International\/wp-json\/wp\/v2\/tags?post=99688"}],"curies":[{"name":"wp","href":"https:\/\/api.w.org\/{rel}","templated":true}]}}