{"id":99690,"date":"2020-09-22T17:03:09","date_gmt":"2020-09-22T21:03:09","guid":{"rendered":"https:\/\/linitiative.ca\/International\/an-vi-de-linsurrection-populaire-les-cris-de-detresse-des-blesses\/"},"modified":"2020-09-22T17:03:09","modified_gmt":"2020-09-22T21:03:09","slug":"an-vi-de-linsurrection-populaire-les-cris-de-detresse-des-blesses","status":"publish","type":"post","link":"https:\/\/linitiative.ca\/International\/an-vi-de-linsurrection-populaire-les-cris-de-detresse-des-blesses\/","title":{"rendered":"An VI de l\u2019insurrection populaire : Les cris de d\u00e9tresse des bless\u00e9s"},"content":{"rendered":"<div class=\"td-post-featured-image\" readability=\"34\"><a href=\"https:\/\/www.sidwaya.info\/wp-content\/uploads\/2020\/09\/app.jpg\" data-caption=\"Le pr&#xE9;sident de l&#x2019;ABIP\/BF, Dramane Ou&#xE9;draogo (micro)&#xA0;: &#xAB;&#xA0;Nous interpellons le gouvernement sur notre sort&#xA0;&#xBB;.\"><img loading=\"lazy\" decoding=\"async\" width=\"696\" height=\"458\" class=\"entry-thumb td-modal-image\" src=\"https:\/\/www.sidwaya.info\/wp-content\/uploads\/2020\/09\/app-696x458.jpg\" srcset=\"https:\/\/www.sidwaya.info\/wp-content\/uploads\/2020\/09\/app-696x458.jpg 696w, https:\/\/www.sidwaya.info\/wp-content\/uploads\/2020\/09\/app-300x198.jpg 300w, https:\/\/www.sidwaya.info\/wp-content\/uploads\/2020\/09\/app-768x506.jpg 768w, https:\/\/www.sidwaya.info\/wp-content\/uploads\/2020\/09\/app-638x420.jpg 638w, https:\/\/www.sidwaya.info\/wp-content\/uploads\/2020\/09\/app.jpg 782w\" sizes=\"auto, (max-width: 696px) 100vw, 696px\" alt=\"\" title=\"app\"\/><\/a>Le pr\u00e9sident de l\u2019ABIP\/BF, Dramane Ou\u00e9draogo (micro)\u00a0: \u00ab\u00a0Nous interpellons le gouvernement sur notre sort\u00a0\u00bb.<\/div>\n<p><strong>L\u2019Association des bless\u00e9s de l\u2019insurrection populaire au Burkina Faso (ABIP\/BF) a anim\u00e9, le mardi 22 septembre 2020, \u00e0 Ouagadougou, un point de presse au cours duquel, elle a appel\u00e9 le gouvernement \u00e0 se pencher sur le sort de ses membres.<\/strong><\/p>\n<p>A l\u2019occasion de l\u2019an VI de l\u2019insurrection populaire d\u2019octobre 2014 et de l\u2019an V du putsch de septembre 2015, des bless\u00e9s \u00ab\u00a0en \u00e9tat de sant\u00e9 critique\u00a0\u00bb interpellent le gouvernement sur leur sort. L\u2019appel a \u00e9t\u00e9 lanc\u00e9, le mardi 22 septembre 2020, \u00e0 Ouagadougou, au cours d\u2019un point de presse anim\u00e9 par le pr\u00e9sident de l\u2019Association des bless\u00e9s de l\u2019insurrection populaire au Burkina Faso (ABIP\/BF), Dramane Ou\u00e9draogo et ses compagnons.<\/p>\n<p>\u00ab\u00a0A la veille de chaque comm\u00e9moration, vous envoyez une d\u00e9l\u00e9gation compos\u00e9e de plusieurs ministres pour rencontrer les victimes des deux \u00e9v\u00e8nements que sont l\u2019insurrection populaire et la r\u00e9sistance au putsch de Gilbert Diend\u00e9r\u00e9. Vous recueillez nos dol\u00e9ances mais une fois la comm\u00e9moration pass\u00e9e, vous nous oubliez carr\u00e9ment et impossible de vous revoir pour le suivi de ces dol\u00e9ances\u00a0\u00bb, a-t-il lanc\u00e9 \u00e0 l\u2019ex\u00e9cutif. Pour ces bless\u00e9s, le gouvernement a certes fourni des efforts, mais leur situation reste toujours pr\u00e9occupante. \u00ab\u00a0Nous tra\u00eenons toujours les s\u00e9quelles.<\/p>\n<div class=\"td-a-rec td-a-rec-id-content_inline tdi_30_020 td_block_template_1\"><img loading=\"lazy\" decoding=\"async\" class=\"aligncenter size-full wp-image-21314\" src=\"https:\/\/www.sidwaya.info\/wp-content\/uploads\/2020\/04\/Bandeau-Covid-19-Sidwaya-1.jpg\" alt=\"\" width=\"790\" height=\"98\"\/><\/div>\n<p>Certains ont toujours des balles dans leur corps. Moi par exemple, j\u2019ai un bras que je ne peux plus jamais utiliser. J\u2019ai \u00e9galement re\u00e7u une balle et mon ventre a \u00e9t\u00e9 d\u00e9chir\u00e9 d\u2019en haut jusqu\u2019en bas\u00a0\u00bb, a t\u00e9moign\u00e9 Constant Bassol\u00e9, une victime. Le cas path\u00e9tique est le t\u00e9moignage de Abass\u00e9 Ilboudo\u00a0: \u00ab\u00a0Je ne peux plus rien faire, c\u2019est gr\u00e2ce \u00e0 l\u2019Association qu\u2019on m\u2019a \u00e9vacu\u00e9e au Maroc o\u00f9 j\u2019ai subi neuf op\u00e9rations. Toutes les parties de mon corps ont \u00e9t\u00e9 op\u00e9r\u00e9es pour pouvoir enlever des os, des peaux et de la chair pour greffer mon pied. Il me reste une derni\u00e8re intervention que je dois repartir faire. Et cela fait d\u00e9j\u00e0 quatre ann\u00e9es que j\u2019attends pour mon \u00e9vacuation.<\/p>\n<p>D\u2019ici l\u00e0, je ne pourrai plus rien faire. Le froid arrive et c\u2019est une p\u00e9riode o\u00f9 j\u2019aurai constamment mal aux os\u00a0\u00bb, a-t-il relat\u00e9. Le pr\u00e9sident de l\u2019ABIP\/BF lui-m\u00eame ayant fait une op\u00e9ration au cr\u00e2ne pour avoir re\u00e7u une balle, dit avoir perdu l\u2019odorat et est psychologiquement convaincu que ces maux font d\u00e9sormais partie de sa vie. A d\u00e9faut \u00ab\u00a0d\u2019une prise en charge cons\u00e9quente\u00a0\u00bb, a estim\u00e9 Dramane Ou\u00e9draogo, les politiciens burkinab\u00e8 devraient avoir \u00ab\u00a0le minimum de respect\u00a0\u00bb pour les 256 bless\u00e9s et rescap\u00e9s. Pour ces bless\u00e9s, cette sortie m\u00e9diatique a \u00e9t\u00e9 suscit\u00e9e par les discours politiques \u00e0 l\u2019or\u00e9e de ces \u00e9lections de 2020.<\/p>\n<p>\u00ab\u00a0Nous entendons des responsables politiques et OSC parler de r\u00e9conciliation nationale, de retour des exil\u00e9s politiques ou d\u2019une justice transitionnelle. La lecture des bless\u00e9s de l\u2019insurrection populaire par apport \u00e0 ces d\u00e9clarations est simple\u00a0: c\u2019est de la manipulation \u00bb, a affirm\u00e9 Dramane Ou\u00e9draogo. Pour lui et ses camarades, il n\u2019y a pas d\u2019exil\u00e9s politiques \u00e0 la suite de l\u2019insurrection populaire, \u00ab\u00a0mais plut\u00f4t des bourreaux qui, par peur de la guillotine, ont d\u00e9cid\u00e9 de quitter leur terre pour errer comme de vulgaires SDF \u00e0 travers le monde\u00a0\u00bb.<\/p>\n<p class=\"c1\"><strong>Mamourou BENAO<\/strong><br \/>(Collaborateur)<\/p>\n<div class=\"td-a-rec td-a-rec-id-content_bottom tdi_31_626 td_block_template_1\"><img loading=\"lazy\" decoding=\"async\" class=\"aligncenter size-full wp-image-22415\" src=\"https:\/\/www.sidwaya.info\/wp-content\/uploads\/2020\/05\/Bandeau-paiement-mobile-site.png\" alt=\"\" width=\"728\" height=\"90\"\/><\/div>\n<p>Auteur: JK. Sidwaya<br \/>\n<a href=\"https:\/\/www.sidwaya.info\/blog\/2020\/09\/22\/an-vi-de-linsurrection-populaire-les-cris-de-detresse-des-blesses\/\">Cliquez ici pour lire l&rsquo;article depuis sa source.<\/a><\/p>\n","protected":false},"excerpt":{"rendered":"<p>Le pr\u00e9sident de l\u2019ABIP\/BF, Dramane Ou\u00e9draogo (micro)\u00a0: \u00ab\u00a0Nous interpellons le gouvernement sur notre sort\u00a0\u00bb. L\u2019Association des bless\u00e9s de l\u2019insurrection populaire au Burkina Faso (ABIP\/BF) a anim\u00e9, le mardi 22 septembre 2020, \u00e0 Ouagadougou, un point de presse au cours duquel, elle a appel\u00e9 le gouvernement \u00e0 se pencher sur le sort de ses membres. A [&hellip;]<\/p>\n","protected":false},"author":1816,"featured_media":99691,"comment_status":"closed","ping_status":"closed","sticky":false,"template":"","format":"standard","meta":{"fifu_image_url":"","fifu_image_alt":"","footnotes":""},"categories":[73,81],"tags":[],"class_list":["post-99690","post","type-post","status-publish","format-standard","has-post-thumbnail","hentry","category-actualite","category-burkina-faso"],"_links":{"self":[{"href":"https:\/\/linitiative.ca\/International\/wp-json\/wp\/v2\/posts\/99690","targetHints":{"allow":["GET"]}}],"collection":[{"href":"https:\/\/linitiative.ca\/International\/wp-json\/wp\/v2\/posts"}],"about":[{"href":"https:\/\/linitiative.ca\/International\/wp-json\/wp\/v2\/types\/post"}],"author":[{"embeddable":true,"href":"https:\/\/linitiative.ca\/International\/wp-json\/wp\/v2\/users\/1816"}],"replies":[{"embeddable":true,"href":"https:\/\/linitiative.ca\/International\/wp-json\/wp\/v2\/comments?post=99690"}],"version-history":[{"count":0,"href":"https:\/\/linitiative.ca\/International\/wp-json\/wp\/v2\/posts\/99690\/revisions"}],"wp:featuredmedia":[{"embeddable":true,"href":"https:\/\/linitiative.ca\/International\/wp-json\/"}],"wp:attachment":[{"href":"https:\/\/linitiative.ca\/International\/wp-json\/wp\/v2\/media?parent=99690"}],"wp:term":[{"taxonomy":"category","embeddable":true,"href":"https:\/\/linitiative.ca\/International\/wp-json\/wp\/v2\/categories?post=99690"},{"taxonomy":"post_tag","embeddable":true,"href":"https:\/\/linitiative.ca\/International\/wp-json\/wp\/v2\/tags?post=99690"}],"curies":[{"name":"wp","href":"https:\/\/api.w.org\/{rel}","templated":true}]}}