{"id":99694,"date":"2020-09-22T14:18:02","date_gmt":"2020-09-22T18:18:02","guid":{"rendered":"https:\/\/linitiative.ca\/International\/ramaphosa-cloue-au-lit-par-le-rhume-officiel\/"},"modified":"2020-09-22T14:18:02","modified_gmt":"2020-09-22T18:18:02","slug":"ramaphosa-cloue-au-lit-par-le-rhume-officiel","status":"publish","type":"post","link":"https:\/\/linitiative.ca\/International\/ramaphosa-cloue-au-lit-par-le-rhume-officiel\/","title":{"rendered":"Ramaphosa clou\u00e9 au lit par le rhume (officiel)"},"content":{"rendered":"<div readability=\"32\">\n<p>Publi\u00e9 le 22.09.2020 \u00e0 19h18 par APA News<\/p>\n<\/div>\n<div readability=\"52\">\n<p>Le pr\u00e9sident sud-africain, Cyril Ramaphosa, a \u00e9t\u00e9 contraint de se rester au lit \u00e0 la suite d\u2019un rhume, a annonc\u00e9 mardi la pr\u00e9sidence de la R\u00e9publique.Le porte-parole pr\u00e9sidentiel par int\u00e9rim, Tyrone Seale a confi\u00e9 aux m\u00e9dias que Ramaphosa a le rhume.<\/p>\n<p>\u00ab Le pr\u00e9sident a un rhume et est contraint de prendre du repos \u00bb, a expliqu\u00e9 Seale aux journalistes.<\/p>\n<p>L\u2019information a \u00e9galement \u00e9t\u00e9 confirm\u00e9e par le ministre de la Pr\u00e9sidence, Jackson Mthembu, qui a d\u00e9clar\u00e9 que Ramaphosa est \u00ab trop malade \u00bb pour s\u2019acquitter de ses fonctions.<\/p>\n<p>Selon Mthembu, Ramaphosa a d\u00fb manquer des r\u00e9unions \u00e0 la suite de la maladie. Le pr\u00e9sident devait s\u2019adresser \u00e0 la 75\u00e8me session virtuelle de l\u2019Assembl\u00e9e g\u00e9n\u00e9rale des Nations Unies cette semaine.<\/p>\n<\/div>\n<p>Auteur: APA News<br \/>\n<a href=\"https:\/\/www.journalducameroun.com\/ramaphosa-cloue-au-lit-par-le-rhume-officiel\/\">Cliquez ici pour lire l&rsquo;article depuis sa source.<\/a><\/p>\n","protected":false},"excerpt":{"rendered":"<p>Publi\u00e9 le 22.09.2020 \u00e0 19h18 par APA News Le pr\u00e9sident sud-africain, Cyril Ramaphosa, a \u00e9t\u00e9 contraint de se rester au lit \u00e0 la suite d\u2019un rhume, a annonc\u00e9 mardi la pr\u00e9sidence de la R\u00e9publique.Le porte-parole pr\u00e9sidentiel par int\u00e9rim, Tyrone Seale a confi\u00e9 aux m\u00e9dias que Ramaphosa a le rhume. \u00ab Le pr\u00e9sident a un rhume [&hellip;]<\/p>\n","protected":false},"author":1965,"featured_media":0,"comment_status":"closed","ping_status":"closed","sticky":false,"template":"","format":"standard","meta":{"fifu_image_url":"","fifu_image_alt":"","footnotes":""},"categories":[73,82],"tags":[],"class_list":["post-99694","post","type-post","status-publish","format-standard","hentry","category-actualite","category-cameroun"],"_links":{"self":[{"href":"https:\/\/linitiative.ca\/International\/wp-json\/wp\/v2\/posts\/99694","targetHints":{"allow":["GET"]}}],"collection":[{"href":"https:\/\/linitiative.ca\/International\/wp-json\/wp\/v2\/posts"}],"about":[{"href":"https:\/\/linitiative.ca\/International\/wp-json\/wp\/v2\/types\/post"}],"author":[{"embeddable":true,"href":"https:\/\/linitiative.ca\/International\/wp-json\/wp\/v2\/users\/1965"}],"replies":[{"embeddable":true,"href":"https:\/\/linitiative.ca\/International\/wp-json\/wp\/v2\/comments?post=99694"}],"version-history":[{"count":0,"href":"https:\/\/linitiative.ca\/International\/wp-json\/wp\/v2\/posts\/99694\/revisions"}],"wp:attachment":[{"href":"https:\/\/linitiative.ca\/International\/wp-json\/wp\/v2\/media?parent=99694"}],"wp:term":[{"taxonomy":"category","embeddable":true,"href":"https:\/\/linitiative.ca\/International\/wp-json\/wp\/v2\/categories?post=99694"},{"taxonomy":"post_tag","embeddable":true,"href":"https:\/\/linitiative.ca\/International\/wp-json\/wp\/v2\/tags?post=99694"}],"curies":[{"name":"wp","href":"https:\/\/api.w.org\/{rel}","templated":true}]}}