{"id":99695,"date":"2020-09-22T15:18:02","date_gmt":"2020-09-22T19:18:02","guid":{"rendered":"https:\/\/linitiative.ca\/International\/afsud-la-pression-saccentue-pour-la-liquidation-de-saa\/"},"modified":"2020-09-22T15:18:02","modified_gmt":"2020-09-22T19:18:02","slug":"afsud-la-pression-saccentue-pour-la-liquidation-de-saa","status":"publish","type":"post","link":"https:\/\/linitiative.ca\/International\/afsud-la-pression-saccentue-pour-la-liquidation-de-saa\/","title":{"rendered":"Af\u2019Sud : la pression s\u2019accentue pour la liquidation de SAA"},"content":{"rendered":"<div readability=\"32\">\n<p>Publi\u00e9 le 22.09.2020 \u00e0 20h18 par APA News<\/p>\n<\/div>\n<div readability=\"58\">\n<p>La pression s\u2019est accentu\u00e9e ce mardi sur le gouvernement du pr\u00e9sident Cyril Ramaphosa pour qu\u2019il proc\u00e8de \u00e0 la liquidation de South African Airways et \u00e9pargne les contribuables du fardeau de maintenir \u00e0 flot la compagnie a\u00e9rienne d\u00e9ficitaire.La derni\u00e8re pouss\u00e9e pour que le gouvernement cesse de financer SAA en difficult\u00e9 est venue de l\u2019Organisation contre les abus fiscaux (OUTA). Selon l\u2019OUTA, le gouvernement sud-africain devrait mettre une croix sur la SAA et cesser de \u00ab jeter de l\u2019argent \u00bb sur cette compagnie a\u00e9rienne \u00e0 court d\u2019argent.<\/p>\n<p>\u00ab Il est irresponsable de jeter encore de l\u2019argent pour la SAA \u00bb, a d\u00e9clar\u00e9 Julius Kleynhans, directeur ex\u00e9cutif de l\u2019OUTA.<\/p>\n<p>Le gouvernement sud-africain insiste toutefois sur le fait qu\u2019il ne laisserait pas la compagnie a\u00e9rienne sombrer.<\/p>\n<p>Le ministre des Entreprises publiques, Pravin Gordhan, a r\u00e9cemment d\u00e9clar\u00e9 aux journalistes que le gouvernement d\u00e9boursera bient\u00f4t environ 602 millions de dollars n\u00e9cessaires pour le d\u00e9but d\u2019une restructuration de la compagnie nationale.<\/p>\n<p>L\u2019argent serait r\u00e9orient\u00e9 dans le budget d\u2019ajustement du minist\u00e8re des Finances le mois prochain et le trou serait entre-temps bouch\u00e9 avec des pr\u00eats.<\/p>\n<p>L\u2019OUTA a d\u00e9clar\u00e9 que verser plus d\u2019argent dans la compagnie a\u00e9rienne ajouterait une pression inutile sur les contribuables.Des sentiments similaires ont \u00e9t\u00e9 \u00e9mis par les partis d\u2019opposition qui estiment que la SAA est un gouffre pour le fisc et que la compagnie a\u00e9rienne pourrait faire mieux si elle \u00e9tait privatis\u00e9e.<\/p>\n<\/div>\n<p>Auteur: APA News<br \/>\n<a href=\"https:\/\/www.journalducameroun.com\/afsud-la-pression-saccentue-pour-la-liquidation-de-saa\/\">Cliquez ici pour lire l&rsquo;article depuis sa source.<\/a><\/p>\n","protected":false},"excerpt":{"rendered":"<p>Publi\u00e9 le 22.09.2020 \u00e0 20h18 par APA News La pression s\u2019est accentu\u00e9e ce mardi sur le gouvernement du pr\u00e9sident Cyril Ramaphosa pour qu\u2019il proc\u00e8de \u00e0 la liquidation de South African Airways et \u00e9pargne les contribuables du fardeau de maintenir \u00e0 flot la compagnie a\u00e9rienne d\u00e9ficitaire.La derni\u00e8re pouss\u00e9e pour que le gouvernement cesse de financer SAA [&hellip;]<\/p>\n","protected":false},"author":1965,"featured_media":0,"comment_status":"closed","ping_status":"closed","sticky":false,"template":"","format":"standard","meta":{"fifu_image_url":"","fifu_image_alt":"","footnotes":""},"categories":[73,82],"tags":[],"class_list":["post-99695","post","type-post","status-publish","format-standard","hentry","category-actualite","category-cameroun"],"_links":{"self":[{"href":"https:\/\/linitiative.ca\/International\/wp-json\/wp\/v2\/posts\/99695","targetHints":{"allow":["GET"]}}],"collection":[{"href":"https:\/\/linitiative.ca\/International\/wp-json\/wp\/v2\/posts"}],"about":[{"href":"https:\/\/linitiative.ca\/International\/wp-json\/wp\/v2\/types\/post"}],"author":[{"embeddable":true,"href":"https:\/\/linitiative.ca\/International\/wp-json\/wp\/v2\/users\/1965"}],"replies":[{"embeddable":true,"href":"https:\/\/linitiative.ca\/International\/wp-json\/wp\/v2\/comments?post=99695"}],"version-history":[{"count":0,"href":"https:\/\/linitiative.ca\/International\/wp-json\/wp\/v2\/posts\/99695\/revisions"}],"wp:attachment":[{"href":"https:\/\/linitiative.ca\/International\/wp-json\/wp\/v2\/media?parent=99695"}],"wp:term":[{"taxonomy":"category","embeddable":true,"href":"https:\/\/linitiative.ca\/International\/wp-json\/wp\/v2\/categories?post=99695"},{"taxonomy":"post_tag","embeddable":true,"href":"https:\/\/linitiative.ca\/International\/wp-json\/wp\/v2\/tags?post=99695"}],"curies":[{"name":"wp","href":"https:\/\/api.w.org\/{rel}","templated":true}]}}