{"id":99696,"date":"2020-09-22T15:18:04","date_gmt":"2020-09-22T19:18:04","guid":{"rendered":"https:\/\/linitiative.ca\/International\/ouverture-a-bassam-dun-atelier-pour-la-certification-des-competences-des-travailleurs-du-secteur-informel-ivoirien\/"},"modified":"2020-09-22T15:18:04","modified_gmt":"2020-09-22T19:18:04","slug":"ouverture-a-bassam-dun-atelier-pour-la-certification-des-competences-des-travailleurs-du-secteur-informel-ivoirien","status":"publish","type":"post","link":"https:\/\/linitiative.ca\/International\/ouverture-a-bassam-dun-atelier-pour-la-certification-des-competences-des-travailleurs-du-secteur-informel-ivoirien\/","title":{"rendered":"Ouverture \u00e0 Bassam d\u2019un atelier pour la  certification des comp\u00e9tences des travailleurs du secteur informel ivoirien"},"content":{"rendered":"<div readability=\"32\">\n<p>Publi\u00e9 le 22.09.2020 \u00e0 20h18 par APA News<\/p>\n<\/div>\n<div readability=\"95\">\n<p>Un atelier pour valider un dispositif de certification des apprentissages dans le secteur informel en C\u00f4te d\u2019Ivoire par la validation des acquis de l\u2019exp\u00e9rimentation (VAE) s\u2019est ouvert, mardi, dans la ville baln\u00e9aire de Grand-Bassam, dans le Sud-Est ivoirien.Cet atelier initi\u00e9 par le secr\u00e9tariat d\u2019\u00c9tat ivoirien charg\u00e9 de l\u2019Enseignement technique et de la formation professionnelle r\u00e9unit des organisations patronales, des repr\u00e9sentants des collectivit\u00e9s territoriales, des organisations syndicales de travailleurs et des associations professionnelles d\u2019artisans.<\/p>\n<p>\u00a0\u00ab Ce dispositif qui permet la certification des apprentissages dans le secteur informel constitue le maillon essentiel \u00e0 l\u2019ach\u00e8vement de la r\u00e9forme de la formation par apprentissage. Ce mode de certification contribuera \u00e0 offrir aux travailleurs du secteur informel une meilleure voie de reconnaissance sociale et d\u2019insertion socioprofessionnelle \u00bb, a indiqu\u00e9 dans une allocution d\u2019ouverture de ces assises, \u00a0Djedj Mel, le directeur de cabinet du secr\u00e9taire d\u2019\u00c9tat charg\u00e9 de l\u2019enseignement technique et de la formation professionnelle.<\/p>\n<p>Poursuivant, le repr\u00e9sentant du secr\u00e9taire d\u2019\u00c9tat Dr Brice Kouassi, a expliqu\u00e9 que les communications qui seront faites pendant ce s\u00e9minaire exposeront les d\u00e9tails sur les modalit\u00e9s pratiques de mise en \u0153uvre de ce dispositif de certification \u00a0\u00e0 mettre en place, et qui va tenir compte des particularit\u00e9s de l\u2019\u00e9conomie et du syst\u00e8me \u00e9ducatif de la C\u00f4te d\u2019Ivoire.<\/p>\n<p>\u00ab Le secteur informel est le premier pourvoyeur d\u2019emplois en C\u00f4te d\u2019Ivoire\u00bb, a par ailleurs, soulign\u00e9 M. Djedj Mel estimant que \u00ab ces acteurs ont donc besoin d\u2019une valorisation de leurs comp\u00e9tences \u00bb. De son c\u00f4t\u00e9, Fr\u00e9d\u00e9ric Lapeyre, le directeur-pays du Bureau international du travail (BIT) en C\u00f4te d\u2019Ivoire a soutenu que la certification des acteurs du secteur informel est essentielle.<\/p>\n<p>\u00a0\u00ab En C\u00f4te d\u2019Ivoire, plus de 80% de la force de travail est dans l\u2019\u00e9conomie informelle. Et la plupart des gens sont dans le secteur informel parce qu\u2019ils n\u2019ont pas acc\u00e8s \u00e0 l\u2019\u00e9conomie formelle \u00bb, a dit M. Lapeyre.<\/p>\n<p>\u00a0Selon lui, il faut trois choses pour faire passer les acteurs du secteur informel au secteur formel. De son avis, \u00a0il s\u2019agit entre autres d\u2019augmenter l\u2019employablit\u00e9 des jeunes dans l\u2019\u00e9conomie formelle.<\/p>\n<p>\u00a0Avant lui, Christophe Koueyou, le repr\u00e9sentant de la Chambre nationale des m\u00e9tiers de C\u00f4te d\u2019Ivoire a relev\u00e9 l\u2019importance de cet atelier \u00ab qui va adresser le processus de certification des acteurs de l\u2019artisanat et de l\u2019informel \u00bb.<\/p>\n<p>\u00a0\u00ab Ce s\u00e9minaire vient \u00e0 point-nomm\u00e9 car il permettra de donner aux acteurs de l\u2019artisanat un v\u00e9ritable parchemin et valorisera \u00a0les m\u00e9tiers de l\u2019artisanat et de l\u2019informel \u00bb, s\u2019est-il f\u00e9licit\u00e9.<\/p>\n<p>Auparavant, M. Koueyou a fait savoir que l\u2019artisanat repr\u00e9sente plus de 40% de l\u2019\u00e9conomie ivoirienne et est le second pourvoyeur d\u2019emplois dans le pays apr\u00e8s l\u2019agriculture. Cet atelier qui s\u2019ach\u00e8vera jeudi, permettra de planifier la mise en \u0153uvre d\u2019une phase pilote de certification des comp\u00e9tences acquises en mati\u00e8re d\u2019apprentissage par une premi\u00e8re cohorte de travailleurs dans le secteur informel et artisanal en C\u00f4te d\u2019Ivoire.<\/p>\n<\/div>\n<p>Auteur: APA News<br \/>\n<a href=\"https:\/\/www.journalducameroun.com\/ouverture-a-bassam-dun-atelier-pour-la-certification-des-competences-des-travailleurs-du-secteur-informel-ivoirien\/\">Cliquez ici pour lire l&rsquo;article depuis sa source.<\/a><\/p>\n","protected":false},"excerpt":{"rendered":"<p>Publi\u00e9 le 22.09.2020 \u00e0 20h18 par APA News Un atelier pour valider un dispositif de certification des apprentissages dans le secteur informel en C\u00f4te d\u2019Ivoire par la validation des acquis de l\u2019exp\u00e9rimentation (VAE) s\u2019est ouvert, mardi, dans la ville baln\u00e9aire de Grand-Bassam, dans le Sud-Est ivoirien.Cet atelier initi\u00e9 par le secr\u00e9tariat d\u2019\u00c9tat ivoirien charg\u00e9 de [&hellip;]<\/p>\n","protected":false},"author":1965,"featured_media":0,"comment_status":"closed","ping_status":"closed","sticky":false,"template":"","format":"standard","meta":{"fifu_image_url":"","fifu_image_alt":"","footnotes":""},"categories":[73,82],"tags":[],"class_list":["post-99696","post","type-post","status-publish","format-standard","hentry","category-actualite","category-cameroun"],"_links":{"self":[{"href":"https:\/\/linitiative.ca\/International\/wp-json\/wp\/v2\/posts\/99696","targetHints":{"allow":["GET"]}}],"collection":[{"href":"https:\/\/linitiative.ca\/International\/wp-json\/wp\/v2\/posts"}],"about":[{"href":"https:\/\/linitiative.ca\/International\/wp-json\/wp\/v2\/types\/post"}],"author":[{"embeddable":true,"href":"https:\/\/linitiative.ca\/International\/wp-json\/wp\/v2\/users\/1965"}],"replies":[{"embeddable":true,"href":"https:\/\/linitiative.ca\/International\/wp-json\/wp\/v2\/comments?post=99696"}],"version-history":[{"count":0,"href":"https:\/\/linitiative.ca\/International\/wp-json\/wp\/v2\/posts\/99696\/revisions"}],"wp:attachment":[{"href":"https:\/\/linitiative.ca\/International\/wp-json\/wp\/v2\/media?parent=99696"}],"wp:term":[{"taxonomy":"category","embeddable":true,"href":"https:\/\/linitiative.ca\/International\/wp-json\/wp\/v2\/categories?post=99696"},{"taxonomy":"post_tag","embeddable":true,"href":"https:\/\/linitiative.ca\/International\/wp-json\/wp\/v2\/tags?post=99696"}],"curies":[{"name":"wp","href":"https:\/\/api.w.org\/{rel}","templated":true}]}}