{"id":99698,"date":"2020-09-22T16:18:03","date_gmt":"2020-09-22T20:18:03","guid":{"rendered":"https:\/\/linitiative.ca\/International\/cote-divoire-la-croissance-projetee-entre-15-et-2-fin-2020-devrait-rebondir-a-8-en-2021-ouattara\/"},"modified":"2020-09-22T16:18:03","modified_gmt":"2020-09-22T20:18:03","slug":"cote-divoire-la-croissance-projetee-entre-15-et-2-fin-2020-devrait-rebondir-a-8-en-2021-ouattara","status":"publish","type":"post","link":"https:\/\/linitiative.ca\/International\/cote-divoire-la-croissance-projetee-entre-15-et-2-fin-2020-devrait-rebondir-a-8-en-2021-ouattara\/","title":{"rendered":"C\u00f4te d\u2019Ivoire: la croissance, projet\u00e9e entre \u00ab1,5 et 2%\u00bb fin 2020, devrait rebondir \u00e0 8% en 2021 (Ouattara)"},"content":{"rendered":"<div readability=\"32\">\n<p>Publi\u00e9 le 22.09.2020 \u00e0 21h18 par APA News<\/p>\n<\/div>\n<div readability=\"121\">\n<p>La croissance \u00e9conomique de la C\u00f4te d\u2019Ivoire, projet\u00e9e entre \u00ab 1,5 et 2% \u00bb \u00e0 fin 2020 suite \u00e0 l\u2019impact de la Covid-19, devrait rebondir \u00e0 8% en 2021 gr\u00e2ce \u00e0 des investissements massifs, a dit Alassane Ouattara, apr\u00e8s la pose de la premi\u00e8re pour la construction de deux usines de transformation de f\u00e8ves de cacao, d\u2019un co\u00fbt de 216 milliards de Fcfa.\u00a0\u00ab L\u2019ann\u00e9e prochaine (2021), des projets de ce genre, nous permettront d\u2019atteindre un taux de croissance de 8% \u00bb, ce qui veut dire que la construction de ces deux usines de transformation de f\u00e8ves de cacao, est un \u00abprojet essentiel \u00bb, a d\u00e9clar\u00e9 M. Alassane Ouattara.<\/p>\n<p>Ces deux usines de transformation de f\u00e8ves de cacao, dont l\u2019une sera install\u00e9e \u00e0 la zone industrielle PK 24, au nord d\u2019Abidjan, et l\u2019autre \u00e0 San-Pedro, dans le Sud-ouest ivoirien, devraient permettre de transformer 50.000 tonnes chacune. Elles ont respectivement une capacit\u00e9 de stockage de 140.000 tonnes et 160.000 tonnes.<\/p>\n<p>M. Ouattara a fait observer que la croissance \u00e9conomique ivoirienne, \u00abcette ann\u00e9e (2020) sera entre 1,5 et 2%, ce qui est un miracle parce que la plupart des grands pays, que ce soit en Europe ou en Am\u00e9rique centrale, sont en r\u00e9cession, mais nous n\u2019allons pas \u00eatre en r\u00e9cession\u00bb.<\/p>\n<p>D\u2019ailleurs, \u00a0dira-t-il, la C\u00f4te d\u2019Ivoire affichera \u00ab un taux de croissance positif entre 1,5 et 2% \u00bb, donc une croissance positive. Avec des investissements massifs dans le secteur de la transformation du cacao, il assure que le pays atteignera, \u00a0dans cet \u00e9lan d\u2019investissement, un taux de transformation de 100% en 2025.<\/p>\n<p>Le chef de l\u2019Etat ivoirien s\u2019est r\u00e9joui de ce projet qui va non seulement accro\u00eetre la croissance \u00e9conomique, mais \u00e9galement permettre de cr\u00e9er des emplois, d\u2019augmenter le budget de l\u2019Etat, l\u2019exportation et l\u2019industrialisation.<\/p>\n<p>La CNDC, une entreprise chinoise, est en charge la construction de ces deux unit\u00e9s de transformation de f\u00e8ves de cacao, ainsi que la construction de deux entrep\u00f4ts de stockage et d\u2019un centre de formation aux m\u00e9tiers du cacao.<\/p>\n<p>La C\u00f4te d\u2019Ivoire, premier pays producteur mondial de cacao avec pr\u00e8s de 2 millions de tonnes, entend ainsi maintenir non seulement son rang de leader mondial de la production de f\u00e8ves de cacao, mais \u00e9galement se positionner comme un acteur majeur dans la transformation de cette sp\u00e9culation.\u00a0<\/p>\n<p>\u00ab De 2012 \u00e0 2020, plus de 12.905 milliards Fcfa ont \u00e9t\u00e9 per\u00e7us par les producteurs de cacao, malgr\u00e9 la chute brutale de plus de 40% des cours du cacao intervenue sur la campagne principale de 2016 \u00e0 2017 \u00bb, a indiqu\u00e9 le ministre ivoirien de l\u2019Agriculture et du d\u00e9veloppement rural, Adjoumani Kouassi.<\/p>\n<p>La C\u00f4te d\u2019Ivoire a export\u00e9 pendant longtemps des f\u00e8ves de cacao sans valeur ajout\u00e9e. Sur la moyenne annuelle de cacao export\u00e9e, la part des f\u00e8ves brutes repr\u00e9sente \u00abpr\u00e8s de 70% contre un peu plus de 30% de f\u00e8ves transform\u00e9es sous forme de produits finis et semi-finis \u00bb.<\/p>\n<p>L\u2019Etat ivoirien tire une forte partie de ses recettes du secteur du cacao. Le pays dont la croissance s\u2019\u00e9tait \u00e9tablie \u00e0 7,2% en 2019, devrait conna\u00eetre un fl\u00e9chissement pour se situer \u00ab entre 1,5 et 2% \u00bb \u00e0 fin 2020 \u00e0 cause de l\u2019impact de la Covid-19 sur le budget ivoirien.<\/p>\n<\/div>\n<p>Auteur: APA News<br \/>\n<a href=\"https:\/\/www.journalducameroun.com\/cote-divoire-la-croissance-projetee-entre-15-et-2-fin-2020-devrait-rebondir-a-8-en-2021-ouattara\/\">Cliquez ici pour lire l&rsquo;article depuis sa source.<\/a><\/p>\n","protected":false},"excerpt":{"rendered":"<p>Publi\u00e9 le 22.09.2020 \u00e0 21h18 par APA News La croissance \u00e9conomique de la C\u00f4te d\u2019Ivoire, projet\u00e9e entre \u00ab 1,5 et 2% \u00bb \u00e0 fin 2020 suite \u00e0 l\u2019impact de la Covid-19, devrait rebondir \u00e0 8% en 2021 gr\u00e2ce \u00e0 des investissements massifs, a dit Alassane Ouattara, apr\u00e8s la pose de la premi\u00e8re pour la construction [&hellip;]<\/p>\n","protected":false},"author":1965,"featured_media":0,"comment_status":"closed","ping_status":"closed","sticky":false,"template":"","format":"standard","meta":{"fifu_image_url":"","fifu_image_alt":"","footnotes":""},"categories":[73,82],"tags":[],"class_list":["post-99698","post","type-post","status-publish","format-standard","hentry","category-actualite","category-cameroun"],"_links":{"self":[{"href":"https:\/\/linitiative.ca\/International\/wp-json\/wp\/v2\/posts\/99698","targetHints":{"allow":["GET"]}}],"collection":[{"href":"https:\/\/linitiative.ca\/International\/wp-json\/wp\/v2\/posts"}],"about":[{"href":"https:\/\/linitiative.ca\/International\/wp-json\/wp\/v2\/types\/post"}],"author":[{"embeddable":true,"href":"https:\/\/linitiative.ca\/International\/wp-json\/wp\/v2\/users\/1965"}],"replies":[{"embeddable":true,"href":"https:\/\/linitiative.ca\/International\/wp-json\/wp\/v2\/comments?post=99698"}],"version-history":[{"count":0,"href":"https:\/\/linitiative.ca\/International\/wp-json\/wp\/v2\/posts\/99698\/revisions"}],"wp:attachment":[{"href":"https:\/\/linitiative.ca\/International\/wp-json\/wp\/v2\/media?parent=99698"}],"wp:term":[{"taxonomy":"category","embeddable":true,"href":"https:\/\/linitiative.ca\/International\/wp-json\/wp\/v2\/categories?post=99698"},{"taxonomy":"post_tag","embeddable":true,"href":"https:\/\/linitiative.ca\/International\/wp-json\/wp\/v2\/tags?post=99698"}],"curies":[{"name":"wp","href":"https:\/\/api.w.org\/{rel}","templated":true}]}}