{"id":99705,"date":"2020-09-23T10:00:32","date_gmt":"2020-09-23T14:00:32","guid":{"rendered":"https:\/\/linitiative.ca\/International\/automobile-tout-ce-quil-faut-savoir-sur-les-batteries-electriques\/"},"modified":"2020-09-23T10:00:32","modified_gmt":"2020-09-23T14:00:32","slug":"automobile-tout-ce-quil-faut-savoir-sur-les-batteries-electriques","status":"publish","type":"post","link":"https:\/\/linitiative.ca\/International\/automobile-tout-ce-quil-faut-savoir-sur-les-batteries-electriques\/","title":{"rendered":"Automobile  : Tout ce qu\u2019il faut savoir sur les batteries \u00e9lectriques"},"content":{"rendered":"<p><img decoding=\"async\" class=\"post_layout_5_img\" src=\"http:\/\/aujourdhui.ma\/wp-content\/uploads\/2020\/09\/Tesla.jpg\" alt=\"Automobile : Tout ce qu&#x2019;il faut savoir sur les batteries &#xE9;lectriques\"\/><\/p>\n<p><span class=\"c5\"><strong>Elles sont partout : dans nos smartphones, nos tablettes, dans les pacemakers.<\/strong><\/span><span id=\"more-356073\"\/><\/p>\n<p>Mais c\u2019est dans l\u2019automobile, secteur en pleine transformation, que les batteries \u00e9lectriques repr\u00e9sentent un r\u00e9el enjeu face \u00e0 la transition \u00e9nerg\u00e9tique.<br \/>A quoi servent-elles? Qui les fabrique? Quelles sont leurs limites? Ce qu\u2019il faut savoir sur les batteries \u00e9lectriques, au moment o\u00f9 le g\u00e9ant am\u00e9ricain Tesla organise son \u00abBattery Day\u00bb (Journ\u00e9e de la batterie). Les batteries rechargeables de voitures \u00e9lectriques fonctionnent aujourd\u2019hui avec les cellules lithium-ion. Une telle batterie est compos\u00e9e de lithium, de cobalt et d\u2019oxyg\u00e8ne sur son \u00e9lectrode positive, et de graphite sur son \u00e9lectrode n\u00e9gative. Entre les deux, il y a un liquide o\u00f9 le lithium circule. Le mouvement des \u00e9lectrons et du lithium va provoquer une r\u00e9action \u00e9lectrique permettant de faire fonctionner un appareil ou de le recharger.<\/p>\n<p>L\u2019avantage principal du v\u00e9hicule \u00e9lectrique, c\u2019est \u00abd\u00bb\u00eatre plus \u00e9conome en CO2 et de contribuer \u00e0 la r\u00e9duction de l\u2019effet de serre\u00bb, explique \u00e0 l\u2019AFP Xavier Bosquet, directeur associ\u00e9 senior au sein du cabinet BCG.<br \/>\u00abAujourd\u2019hui les grands fabricants mondiaux de batteries sont chinois, cor\u00e9ens et japonais\u00bb, pr\u00e9cise le sp\u00e9cialiste, tandis que l\u2019Europe repr\u00e9sente seulement 1% de la production mondiale.<br \/>La Chine, qui totalise la moiti\u00e9 des ventes mondiales de voitures \u00e9lectriques, m\u00e8ne la danse: le pays abrite les deux tiers des capacit\u00e9s mondiales de production de cellules.<br \/>Parmi les principaux fabricants mondiaux, le chinois Contemporary Amperex Technology (CATL), le japonais Panasonic ou encore le sud-cor\u00e9en LG-Chem.<br \/>Tesla a lui implant\u00e9 sa \u00abGigafactory\u00bb, une \u00e9norme fabrique de batteries au lithium, au Nevada (Etats-Unis). Malgr\u00e9 un march\u00e9 automobile en berne en raison de la crise sanitaire, les investissements dans les batteries \u00e9lectriques se multiplient. Volkswagen a annonc\u00e9 en mai un investissement de 1,1 milliard d\u2019euros dans un fabricant chinois de batteries, Gotion High-Tech.<br \/>Mais l\u2019Europe tente de percer. Bruxelles a donn\u00e9 en d\u00e9cembre dernier son feu vert \u00e0 un \u00abAirbus des batteries\u00bb, avec des aides d\u2019\u00c9tat de 3,2 milliards d\u2019euros.<br \/>En France, PSA et Saft, filiale de Total, ont lanc\u00e9 une soci\u00e9t\u00e9 conjointe (ACC) afin de produire des batteries pour v\u00e9hicules \u00e9lectriques d\u2019ici \u00e0 2023.<br \/>Selon BCG, le march\u00e9 mondial des batteries automobiles pourrait atteindre 45 milliards d\u2019euros en 2027, dont 20% \u00e0 30% en Europe.<\/p>\n<p><a href=\"https:\/\/aujourdhui.ma\/wp-content\/uploads\/2020\/09\/Batterie.jpg\"><img loading=\"lazy\" decoding=\"async\" class=\" wp-image-356075 aligncenter\" src=\"http:\/\/aujourdhui.ma\/wp-content\/uploads\/2020\/09\/Batterie-300x168.jpg\" alt=\"\" width=\"746\" height=\"418\" srcset=\"http:\/\/aujourdhui.ma\/wp-content\/uploads\/2020\/09\/Batterie-300x168.jpg 300w, \/\/aujourdhui.ma\/wp-content\/uploads\/2020\/09\/Batterie.jpg 768w\" sizes=\"auto, (max-width: 746px) 100vw, 746px\"\/><\/a><br \/>Probl\u00e8me: il est fr\u00e9quemment reproch\u00e9 aux batteries des voitures \u00e9lectriques de ne pas offrir une autonomie suffisante, compar\u00e9 aux moteurs thermiques (diesel ou essence), constituant le principal frein \u00e0 l\u2019achat.<br \/>Le nombre de bornes et le temps de recharge fait \u00e9galement d\u00e9bat. La France pr\u00e9voit d\u2019atteindre 100.000 bornes en acc\u00e8s public fin 2021, soit un an plus t\u00f4t que pr\u00e9vu. Autre point sensible : l\u2019impact social et environnemental. L\u2019extraction du cobalt, un des composants des batteries, \u00abpose probl\u00e8me en termes de violation des droits humains\u00bb, souligne aupr\u00e8s de l\u2019AFP Sabine Gagnier, charg\u00e9e de plaidoyer \u00e0 Amnesty International. L\u2019ONG a men\u00e9 une enqu\u00eate en R\u00e9publique d\u00e9mocratique du Congo, montrant que le cobalt \u00e9tait extrait des mines par des enfants. Or, le pays \u00abtotalise 50% des ressources au niveau mondial\u00bb, ajoute-t-elle. Les industriels s\u2019attellent \u00e9galement \u00e0 am\u00e9liorer le recyclage de ces batteries, dont certains composants us\u00e9s finissent dans les d\u00e9charges. La concurrence est rude pour rivaliser avec Tesla. Le groupe am\u00e9ricain General Motors a d\u00e9voil\u00e9 en mars sa batterie Ultium, qui pourrait permettre \u00e0 un v\u00e9hicule de parcourir jusqu\u2019\u00e0 645 kilom\u00e8tres (400 miles) avec une seule recharge.<br \/>Les batteries solides doivent \u00e9galement augmenter l\u2019autonomie des v\u00e9hicules, en plus de r\u00e9duire les temps de recharge.<\/p>\n<p><a href=\"https:\/\/aujourdhui.ma\/wp-content\/uploads\/2020\/09\/batterie-z.e-50-1light.jpg\"><img loading=\"lazy\" decoding=\"async\" class=\" wp-image-356076 aligncenter\" src=\"http:\/\/aujourdhui.ma\/wp-content\/uploads\/2020\/09\/batterie-z.e-50-1light-300x169.jpg\" alt=\"\" width=\"745\" height=\"420\" srcset=\"http:\/\/aujourdhui.ma\/wp-content\/uploads\/2020\/09\/batterie-z.e-50-1light-300x169.jpg 300w, \/\/aujourdhui.ma\/wp-content\/uploads\/2020\/09\/batterie-z.e-50-1light-1024x576.jpg 1024w, \/\/aujourdhui.ma\/wp-content\/uploads\/2020\/09\/batterie-z.e-50-1light-768x432.jpg 768w, \/\/aujourdhui.ma\/wp-content\/uploads\/2020\/09\/batterie-z.e-50-1light-1536x864.jpg 1536w, \/\/aujourdhui.ma\/wp-content\/uploads\/2020\/09\/batterie-z.e-50-1light.jpg 1920w\" sizes=\"auto, (max-width: 745px) 100vw, 745px\"\/><\/a><\/p>\n<p>Enfin, l\u2019hydrog\u00e8ne est consid\u00e9r\u00e9 comme un moyen d\u2019accompagner la transition \u00e9nerg\u00e9tique en permettant de stocker \u00e0 grande \u00e9chelle de l\u2019\u00e9lectricit\u00e9 et en servant de carburant dans les v\u00e9hicules \u00e9lectriques, garantissant une meilleure autonomie que les batteries.<\/p>\n<p>Auteur: ALM<br \/>\n<a href=\"https:\/\/aujourdhui.ma\/automobile\/automobile-tout-ce-quil-faut-savoir-sur-les-batteries-electriques\">Cliquez ici pour lire l&rsquo;article depuis sa source.<\/a><\/p>\n","protected":false},"excerpt":{"rendered":"<p>Elles sont partout : dans nos smartphones, nos tablettes, dans les pacemakers. Mais c\u2019est dans l\u2019automobile, secteur en pleine transformation, que les batteries \u00e9lectriques repr\u00e9sentent un r\u00e9el enjeu face \u00e0 la transition \u00e9nerg\u00e9tique.A quoi servent-elles? Qui les fabrique? Quelles sont leurs limites? Ce qu\u2019il faut savoir sur les batteries \u00e9lectriques, au moment o\u00f9 le g\u00e9ant [&hellip;]<\/p>\n","protected":false},"author":1759,"featured_media":99706,"comment_status":"closed","ping_status":"closed","sticky":false,"template":"","format":"standard","meta":{"fifu_image_url":"","fifu_image_alt":"","footnotes":""},"categories":[73,54],"tags":[],"class_list":["post-99705","post","type-post","status-publish","format-standard","has-post-thumbnail","hentry","category-actualite","category-maroc"],"_links":{"self":[{"href":"https:\/\/linitiative.ca\/International\/wp-json\/wp\/v2\/posts\/99705","targetHints":{"allow":["GET"]}}],"collection":[{"href":"https:\/\/linitiative.ca\/International\/wp-json\/wp\/v2\/posts"}],"about":[{"href":"https:\/\/linitiative.ca\/International\/wp-json\/wp\/v2\/types\/post"}],"author":[{"embeddable":true,"href":"https:\/\/linitiative.ca\/International\/wp-json\/wp\/v2\/users\/1759"}],"replies":[{"embeddable":true,"href":"https:\/\/linitiative.ca\/International\/wp-json\/wp\/v2\/comments?post=99705"}],"version-history":[{"count":0,"href":"https:\/\/linitiative.ca\/International\/wp-json\/wp\/v2\/posts\/99705\/revisions"}],"wp:featuredmedia":[{"embeddable":true,"href":"https:\/\/linitiative.ca\/International\/wp-json\/"}],"wp:attachment":[{"href":"https:\/\/linitiative.ca\/International\/wp-json\/wp\/v2\/media?parent=99705"}],"wp:term":[{"taxonomy":"category","embeddable":true,"href":"https:\/\/linitiative.ca\/International\/wp-json\/wp\/v2\/categories?post=99705"},{"taxonomy":"post_tag","embeddable":true,"href":"https:\/\/linitiative.ca\/International\/wp-json\/wp\/v2\/tags?post=99705"}],"curies":[{"name":"wp","href":"https:\/\/api.w.org\/{rel}","templated":true}]}}