{"id":99707,"date":"2020-09-23T10:00:35","date_gmt":"2020-09-23T14:00:35","guid":{"rendered":"https:\/\/linitiative.ca\/International\/les-travaux-de-la-cmc-de-laayoune-lances-officiellement\/"},"modified":"2020-09-23T10:00:35","modified_gmt":"2020-09-23T14:00:35","slug":"les-travaux-de-la-cmc-de-laayoune-lances-officiellement","status":"publish","type":"post","link":"https:\/\/linitiative.ca\/International\/les-travaux-de-la-cmc-de-laayoune-lances-officiellement\/","title":{"rendered":"Les travaux de la CMC de La\u00e2youne lanc\u00e9s officiellement"},"content":{"rendered":"<p><img decoding=\"async\" class=\"post_layout_5_img\" src=\"http:\/\/aujourdhui.ma\/wp-content\/uploads\/2020\/09\/OFPPT.jpg\" alt=\"Les travaux de la CMC de La&#xE2;youne lanc&#xE9;s officiellement\"\/><\/p>\n<p><span class=\"c6\"><strong><span class=\"c5\">Elle mobilisera une enveloppe budg\u00e9taire globale de 300 MDH<\/span><\/strong><\/span><br \/><span id=\"more-356045\"\/><\/p>\n<p><span class=\"c7\">Innovante et \u00e0 la pointe de la technologie, la CMC de La\u00e2youne d\u00e9ploiera un total de 46 fili\u00e8res (dont 70% nouvellement cr\u00e9\u00e9es) dans 6 secteurs d\u2019activit\u00e9 majeurs, en phase avec l\u2019\u00e9cosyst\u00e8me<\/span><br \/><span class=\"c7\">de la r\u00e9gion.<\/span><\/p>\n<p>Les travaux de construction de la Cit\u00e9 des m\u00e9tiers et des comp\u00e9tences (CMC) de la r\u00e9gion de La\u00e2youne-Sakia El Hamra, 5\u00e8me de son genre au niveau national, ont d\u00e9marr\u00e9 officiellement lundi. Celle-ci ouvrira ses portes pour la rentr\u00e9e de formation 2021- 2022.<br \/>D\u2019apr\u00e8s l\u2019OFPPT, cet \u00e9tablissement \u00abnouvelle g\u00e9n\u00e9ration\u00bb d\u00e9ploiera une offre de formation particuli\u00e8rement diversifi\u00e9e et ax\u00e9e sur les fili\u00e8res \u00e0 fort potentiel et en parfaite compl\u00e9mentarit\u00e9 avec le dispositif existant.<br \/>Compte tenu de l\u2019int\u00e9r\u00eat majeur que repr\u00e9sente cette nouvelle CMC en faveur de l\u2019essor \u00e9conomique r\u00e9gional, la carte de formation a \u00e9t\u00e9 arr\u00eat\u00e9e en concertation avec les professionnels et les diff\u00e9rentes parties prenantes de la r\u00e9gion afin de satisfaire les besoins en comp\u00e9tences du bassin de l\u2019emploi r\u00e9gional et de favoriser l\u2019employabilit\u00e9 des jeunes.<br \/>Innovante et \u00e0 la pointe de la technologie, la CMC de La\u00e2youne d\u00e9ploiera un total de 46 fili\u00e8res (dont 70% nouvellement cr\u00e9\u00e9es) dans 6 secteurs d\u2019activit\u00e9 majeurs, en phase avec l\u2019\u00e9cosyst\u00e8me de la r\u00e9gion.<br \/>Dot\u00e9e d\u2019une capacit\u00e9 d\u2019accueil de 2.000 stagiaires par an, la Cit\u00e9 regroupera six p\u00f4les et qui seront d\u00e9di\u00e9s au digital et offshoring , gestion, logistique et transport, p\u00eache maritime, et artisanat. Et ce sur une superficie totale qui s\u2019\u00e9talera sur un terrain de 15 hectares, dont 9 hectares r\u00e9serv\u00e9s \u00e0 des extensions futures, faisant partie du patrimoine des domaines priv\u00e9s de l\u2019Etat, dans la ville de La\u00e2youne, et mobilisera une enveloppe budg\u00e9taire globale de 300 MDH, dont deux tiers seront d\u00e9di\u00e9s aux \u00e9tudes et travaux de construction.<\/p>\n<p><a href=\"https:http:\/\/aujourdhui.ma\/wp-content\/uploads\/2017\/06\/ofppt.jpg\"><img loading=\"lazy\" decoding=\"async\" class=\"size-full wp-image-265118 aligncenter\" src=\"http:\/\/aujourdhui.ma\/wp-content\/uploads\/2017\/06\/ofppt.jpg\" alt=\"\" width=\"746\" height=\"380\" srcset=\"http:\/\/aujourdhui.ma\/wp-content\/uploads\/2017\/06\/ofppt.jpg 746w, \/\/aujourdhui.ma\/wp-content\/uploads\/2017\/06\/ofppt-300x153.jpg 300w\" sizes=\"auto, (max-width: 746px) 100vw, 746px\"\/><\/a><br \/>Selon l\u2019OFPTT, le d\u00e9veloppement des comp\u00e9tences transversales et techniques sera au c\u0153ur de la formation des stagiaires, et ce par le biais des diff\u00e9rents espaces p\u00e9dagogiques qui seront mis \u00e0 leur disposition, notamment le centre de langues et de soft skills, le Career Center, les espaces de co-working, la Digital Factory, l\u2019incubateur des entreprises, la m\u00e9diath\u00e8que, etc.<br \/>La CMC sera \u00e9galement dot\u00e9e d\u2019espaces de rencontre, de terrains de sport et d\u2019une caf\u00e9t\u00e9ria, ainsi que d\u2019une Maison de stagiaires, offrant une capacit\u00e9 d\u2019h\u00e9bergement et de restauration de 300 lits et couverts.<br \/>La construction de la plateforme de formation professionnelle multisectorielle sera ex\u00e9cut\u00e9e selon un \u00e9ch\u00e9ancier de 15 mois. Il est \u00e0 mentionner que toutes les mesures pr\u00e9ventives en vigueur pour lutter contre la pand\u00e9mie du coronavirus seront mises en \u0153uvre et respect\u00e9es sur les sites de construction.<br \/>Pour rappel, l\u2019OFPPT est engag\u00e9 dans l\u2019accompagnement des acteurs r\u00e9gionaux dans l\u2019effort de d\u00e9veloppement de la r\u00e9gion La\u00e2youne-Sakia El Hamra et apporte son appui au plan de d\u00e9veloppement des provinces du sud, notamment \u00e0 travers la diversification et la r\u00e9ing\u00e9nierie de son offre de formation pour satisfaire les besoins en ressources humaines qualifi\u00e9es des entreprises de la r\u00e9gion, le renforcement et la modernisation de son r\u00e9seau d\u2019\u00e9tablissements et l\u2019augmentation du nombre de places p\u00e9dagogiques.<br \/>Le dispositif de formation de l\u2019OFPPT de la r\u00e9gion offre actuellement 8.300 places p\u00e9dagogiques \u00e0 travers un r\u00e9seau de 8 \u00e9tablissements de formation professionnelle couvrant 6 secteurs d\u2019activit\u00e9s (Industrie, Tertiaire, NTIC &amp; Offshoring, Transport et Logistique, H\u00f4tellerie et Tourisme, BTP) sur 4 niveaux de formation (Technicien Sp\u00e9cialis\u00e9, Technicien, Qualification et Sp\u00e9cialisation) en plus du Bac Pro, du Parcours Coll\u00e9gial et de la Formation Qualifiante.<br \/>L\u2019ouverture de la CMC de La\u00e2youne-Sakia El Hamra, permettra de porter la capacit\u00e9 d\u2019accueil de l\u2019OFPPT dans la r\u00e9gion \u00e0 plus de 10.000 places p\u00e9dagogiques.<\/p>\n<p>Auteur: Mohamed Laabid<br \/>\n<a href=\"https:\/\/aujourdhui.ma\/emploi\/formation\/les-travaux-de-la-cmc-de-laayoune-lances-officiellement\">Cliquez ici pour lire l&rsquo;article depuis sa source.<\/a><\/p>\n","protected":false},"excerpt":{"rendered":"<p>Elle mobilisera une enveloppe budg\u00e9taire globale de 300 MDH Innovante et \u00e0 la pointe de la technologie, la CMC de La\u00e2youne d\u00e9ploiera un total de 46 fili\u00e8res (dont 70% nouvellement cr\u00e9\u00e9es) dans 6 secteurs d\u2019activit\u00e9 majeurs, en phase avec l\u2019\u00e9cosyst\u00e8mede la r\u00e9gion. Les travaux de construction de la Cit\u00e9 des m\u00e9tiers et des comp\u00e9tences (CMC) [&hellip;]<\/p>\n","protected":false},"author":1759,"featured_media":99708,"comment_status":"closed","ping_status":"closed","sticky":false,"template":"","format":"standard","meta":{"fifu_image_url":"","fifu_image_alt":"","footnotes":""},"categories":[73,54],"tags":[],"class_list":["post-99707","post","type-post","status-publish","format-standard","has-post-thumbnail","hentry","category-actualite","category-maroc"],"_links":{"self":[{"href":"https:\/\/linitiative.ca\/International\/wp-json\/wp\/v2\/posts\/99707","targetHints":{"allow":["GET"]}}],"collection":[{"href":"https:\/\/linitiative.ca\/International\/wp-json\/wp\/v2\/posts"}],"about":[{"href":"https:\/\/linitiative.ca\/International\/wp-json\/wp\/v2\/types\/post"}],"author":[{"embeddable":true,"href":"https:\/\/linitiative.ca\/International\/wp-json\/wp\/v2\/users\/1759"}],"replies":[{"embeddable":true,"href":"https:\/\/linitiative.ca\/International\/wp-json\/wp\/v2\/comments?post=99707"}],"version-history":[{"count":0,"href":"https:\/\/linitiative.ca\/International\/wp-json\/wp\/v2\/posts\/99707\/revisions"}],"wp:featuredmedia":[{"embeddable":true,"href":"https:\/\/linitiative.ca\/International\/wp-json\/"}],"wp:attachment":[{"href":"https:\/\/linitiative.ca\/International\/wp-json\/wp\/v2\/media?parent=99707"}],"wp:term":[{"taxonomy":"category","embeddable":true,"href":"https:\/\/linitiative.ca\/International\/wp-json\/wp\/v2\/categories?post=99707"},{"taxonomy":"post_tag","embeddable":true,"href":"https:\/\/linitiative.ca\/International\/wp-json\/wp\/v2\/tags?post=99707"}],"curies":[{"name":"wp","href":"https:\/\/api.w.org\/{rel}","templated":true}]}}