{"id":99711,"date":"2020-09-23T11:00:48","date_gmt":"2020-09-23T15:00:48","guid":{"rendered":"https:\/\/linitiative.ca\/International\/gharbaoui-lenvol-des-racines-une-expo-hommage-a-un-parcours-prolifique\/"},"modified":"2020-09-23T11:00:48","modified_gmt":"2020-09-23T15:00:48","slug":"gharbaoui-lenvol-des-racines-une-expo-hommage-a-un-parcours-prolifique","status":"publish","type":"post","link":"https:\/\/linitiative.ca\/International\/gharbaoui-lenvol-des-racines-une-expo-hommage-a-un-parcours-prolifique\/","title":{"rendered":"\u00abGharbaoui : L\u2019envol des racines\u00bb : Une expo-hommage \u00e0 un parcours prolifique"},"content":{"rendered":"<p><img decoding=\"async\" class=\"post_layout_5_img\" src=\"http:\/\/aujourdhui.ma\/wp-content\/uploads\/2020\/09\/FNM-Gharbaoui-expo-hommage.jpg\" alt=\"&#xAB;Gharbaoui : L&#x2019;envol des racines&#xBB; : Une expo-hommage &#xE0; un parcours prolifique\"\/><\/p>\n<p><span class=\"c5\"><strong>Elle d\u00e9voile les p\u00e9riodes les plus fertiles de l\u2019artiste<\/strong><\/span><br \/><span id=\"more-356029\"\/><\/p>\n<p><span class=\"c6\">Au-del\u00e0 du mythe de l\u2019artiste maudit, l\u2019\u0153uvre de Gharbaoui fut exigeante, engag\u00e9e, porteuse d\u2019une modernit\u00e9 vivante et assum\u00e9e.<\/span><\/p>\n<p>La Fondation nationale des mus\u00e9es (FNM) poursuit les hommages aux grands noms de la peinture marocaine. Apr\u00e8s une r\u00e9trospective d\u00e9di\u00e9e \u00e0 Ahmed Cherkaoui, elle organise cette fois-ci une exposition-hommage consacr\u00e9e au pionnier Jilali Gharbaoui, sous le th\u00e8me \u00abGharbaoui : L\u2019envol des racines\u00bb. Un \u00e9v\u00e9nement r\u00e9alis\u00e9 en collaboration entre la FNM, la Fondation Al Mada et le groupe Attijariwafa bank et qui co\u00efncide avec le cinquantenaire de la disparition de l\u2019artiste. \u00abAujourd\u2019hui, pour moi, c\u2019est un double bonheur de rendre hommage \u00e0 un artiste qui m\u2019a soutenu alors que j\u2019\u00e9tais encore si jeune et au d\u00e9but de ma carri\u00e8re\u00bb, t\u00e9moigne \u00e0 ce sujet Mehdi Qotbi, pr\u00e9sident de la Fondation nationale des mus\u00e9es, en ajoutant : \u00abCelui qu\u2019on consid\u00e8re comme un pionnier de l\u2019art non figuratif marocain a marqu\u00e9, par son d\u00e9sir de modernit\u00e9, d\u2019ouverture sur le monde et par sa gestuelle unique, l\u2019histoire de l\u2019art du pays \u00e0 une \u00e9poque o\u00f9 rompre avec la tradition \u00e9tait inenvisageable\u00bb.<\/p>\n<p><span class=\"c6\"><strong>Plus de 70 \u0153uvres \u00e0 l\u2019honneur<\/strong><\/span><\/p>\n<p>L\u2019exposition \u00abGharbaoui : L\u2019envol des racines\u00bb r\u00e9unit plus de 70 \u0153uvres retra\u00e7ant une carri\u00e8re prolifique qui puise ses racines dans l\u2019ambiance artistique des ann\u00e9es 50 et 60. \u00abCette exposition tentera de confronter directement l\u2019\u0153uvre \u00e0 travers une trajectoire allant de 1953 \u00e0 1971. Au-del\u00e0 du mythe de l\u2019artiste maudit, l\u2019\u0153uvre de Gharbaoui fut exigeante, engag\u00e9e, porteuse d\u2019une modernit\u00e9 vivante et assum\u00e9e. Sa gestualit\u00e9 rageuse mais consciente a marqu\u00e9 une rupture avec les traditions picturales comme avec ses contemporains, au lendemain de l\u2019ind\u00e9pendance du Royaume\u00bb, explique Ghitha Triki, commissaire de cette exposition.<\/p>\n<p><a href=\"https:http:\/\/aujourdhui.ma\/wp-content\/uploads\/2020\/09\/Expo-hommage-Mehdi-qotbi-Gharbaoui.jpg\"><img loading=\"lazy\" decoding=\"async\" class=\"size-full wp-image-356041 aligncenter\" src=\"http:\/\/aujourdhui.ma\/wp-content\/uploads\/2020\/09\/Expo-hommage-Mehdi-qotbi-Gharbaoui.jpg\" alt=\"\" width=\"389\" height=\"607\" srcset=\"http:\/\/aujourdhui.ma\/wp-content\/uploads\/2020\/09\/Expo-hommage-Mehdi-qotbi-Gharbaoui.jpg 389w, \/\/aujourdhui.ma\/wp-content\/uploads\/2020\/09\/Expo-hommage-Mehdi-qotbi-Gharbaoui-192x300.jpg 192w\" sizes=\"auto, (max-width: 389px) 100vw, 389px\"\/><\/a><\/p>\n<p><span class=\"c6\"><strong>Un parcours en quatre \u00e9tapes<\/strong><\/span><\/p>\n<p>D\u00e9coup\u00e9e en quatre phases principales, l\u2019exposition d\u00e9voilera les p\u00e9riodes les plus fertiles de l\u2019artiste, des premi\u00e8res peintures abstraites en 1953 aux derni\u00e8res peintures rageuses ex\u00e9cut\u00e9es en 1971. Le parcours est ponctu\u00e9 de mises en sc\u00e8nes immersives avec documents et photographies illustrant des moments cl\u00e9s. Le public d\u00e9couvre la fameuse s\u00e9rie dite \u00abL\u2019envol des cigognes\u00bb r\u00e9alis\u00e9e depuis son observatoire des jardins du Chellah ainsi que les tr\u00e8s beaux et rares paysages figuratifs qui auront un espace d\u00e9di\u00e9 entre les murs de l\u2019exposition. En effet, la p\u00e9riode 1953-1958 illustre \u00absa formation en France et son court s\u00e9jour en Italie avec les premiers tableaux gestuels non figuratifs\u00bb. En ce qui concerne la p\u00e9riode 1958-1963, elle retrace \u00absa participation aux biennales, sa fr\u00e9quentation de l\u2019Ecole de Paris, sa rencontre amoureuse avec Th\u00e9r\u00e8se Boersma, sa d\u00e9couverte et s\u00e9jour au monast\u00e8re de Toumliline dans le Moyen-Atlas, son retour d\u2019Amsterdam et son influence de Karel Appel\u00bb\u2026 S\u2019agissant de la p\u00e9riode 1969-1971, elle expose des \u00abEspoirs de l\u2019exposition r\u00e9trospective propos\u00e9e par Pierre Gaudibert au Mus\u00e9e d\u2019art moderne de la Ville de Paris, allers et retours entre le Maroc et la France, solitude puis d\u00e9c\u00e8s \u00e0 Paris\u00bb. Enfin, la derni\u00e8re p\u00e9riode 1963-1969 illustre \u00ables fr\u00e9quents allers et retours entre le Maroc et l\u2019Europe, la fermeture du monast\u00e8re qui affecte particuli\u00e8rement l\u2019artiste, et la vente de son fonds d\u2019atelier \u00e0 M. Serghini\u00bb.<\/p>\n<p><span class=\"c6\"><strong>Un artiste en qu\u00eate de lumi\u00e8re<\/strong><\/span><\/p>\n<p>Apr\u00e8s un p\u00e9riple d\u2019initiation aux d\u00e9bats artistiques occidentaux dans les ann\u00e9es 50 et notamment ceux de l\u2019Ecole de Paris, Jilali Gharbaoui a d\u00e9velopp\u00e9 une approche picturale abstraite en rupture critique avec l\u2019art figuratif. Marqu\u00e9 par une enfance difficile, Gharbaoui a fait de son art l\u2019expression de ses angoisses et de ses douleurs en se projetant dans une qu\u00eate spirituelle et mystique canalis\u00e9e par la recherche inlassable de la lumi\u00e8re. Cette r\u00e9trospective permet ainsi au public de comprendre la complexit\u00e9 d\u2019un peintre ambitieux et avant-gardiste qui a inspir\u00e9 des g\u00e9n\u00e9rations d\u2019artistes marocains mais aussi europ\u00e9ens. A d\u00e9couvrir du 23 septembre au 8 f\u00e9vrier au Mus\u00e9e Mohammed VI d\u2019art moderne et contemporain de Rabat.<\/p>\n<p>Auteur: Siham Jadraoui<br \/>\n<a href=\"https:\/\/aujourdhui.ma\/culture\/gharbaoui-lenvol-des-racines-une-expo-hommage-a-un-parcours-prolifique\">Cliquez ici pour lire l&rsquo;article depuis sa source.<\/a><\/p>\n","protected":false},"excerpt":{"rendered":"<p>Elle d\u00e9voile les p\u00e9riodes les plus fertiles de l\u2019artiste Au-del\u00e0 du mythe de l\u2019artiste maudit, l\u2019\u0153uvre de Gharbaoui fut exigeante, engag\u00e9e, porteuse d\u2019une modernit\u00e9 vivante et assum\u00e9e. La Fondation nationale des mus\u00e9es (FNM) poursuit les hommages aux grands noms de la peinture marocaine. Apr\u00e8s une r\u00e9trospective d\u00e9di\u00e9e \u00e0 Ahmed Cherkaoui, elle organise cette fois-ci une [&hellip;]<\/p>\n","protected":false},"author":1759,"featured_media":99712,"comment_status":"closed","ping_status":"closed","sticky":false,"template":"","format":"standard","meta":{"fifu_image_url":"","fifu_image_alt":"","footnotes":""},"categories":[73,54],"tags":[],"class_list":["post-99711","post","type-post","status-publish","format-standard","has-post-thumbnail","hentry","category-actualite","category-maroc"],"_links":{"self":[{"href":"https:\/\/linitiative.ca\/International\/wp-json\/wp\/v2\/posts\/99711","targetHints":{"allow":["GET"]}}],"collection":[{"href":"https:\/\/linitiative.ca\/International\/wp-json\/wp\/v2\/posts"}],"about":[{"href":"https:\/\/linitiative.ca\/International\/wp-json\/wp\/v2\/types\/post"}],"author":[{"embeddable":true,"href":"https:\/\/linitiative.ca\/International\/wp-json\/wp\/v2\/users\/1759"}],"replies":[{"embeddable":true,"href":"https:\/\/linitiative.ca\/International\/wp-json\/wp\/v2\/comments?post=99711"}],"version-history":[{"count":0,"href":"https:\/\/linitiative.ca\/International\/wp-json\/wp\/v2\/posts\/99711\/revisions"}],"wp:featuredmedia":[{"embeddable":true,"href":"https:\/\/linitiative.ca\/International\/wp-json\/"}],"wp:attachment":[{"href":"https:\/\/linitiative.ca\/International\/wp-json\/wp\/v2\/media?parent=99711"}],"wp:term":[{"taxonomy":"category","embeddable":true,"href":"https:\/\/linitiative.ca\/International\/wp-json\/wp\/v2\/categories?post=99711"},{"taxonomy":"post_tag","embeddable":true,"href":"https:\/\/linitiative.ca\/International\/wp-json\/wp\/v2\/tags?post=99711"}],"curies":[{"name":"wp","href":"https:\/\/api.w.org\/{rel}","templated":true}]}}