{"id":99713,"date":"2020-09-23T11:28:38","date_gmt":"2020-09-23T15:28:38","guid":{"rendered":"https:\/\/linitiative.ca\/International\/auto-info-michael-jordan-achete-une-ecurie-nascar\/"},"modified":"2020-09-23T11:28:38","modified_gmt":"2020-09-23T15:28:38","slug":"auto-info-michael-jordan-achete-une-ecurie-nascar","status":"publish","type":"post","link":"https:\/\/linitiative.ca\/International\/auto-info-michael-jordan-achete-une-ecurie-nascar\/","title":{"rendered":"Auto Info : Michael Jordan ach\u00e8te une \u00e9curie Nascar"},"content":{"rendered":"<header readability=\"1.3167938931298\">\n<\/header>\n<div class=\"entry-content clearfix\" readability=\"55\"><img decoding=\"async\" class=\"post_layout_5_img\" src=\"http:\/\/aujourdhui.ma\/wp-content\/uploads\/2020\/09\/Michael-Jordan.jpg\" alt=\"Auto Info : Michael Jordan ach&#xE8;te une &#xE9;curie Nascar\"\/><\/p>\n<p><span class=\"c5\"><strong>Michael Jordan est devenu le propri\u00e9taire d\u2019une \u00e9curie de course automobile Nascar, et a recrut\u00e9 le pilote Bubba Wallace, a annonc\u00e9 la l\u00e9gende du basket lundi dans un communiqu\u00e9.<\/strong><\/span><span id=\"more-356081\"\/><\/p>\n<p>\u00abQuand j\u2019\u00e9tais petit en Caroline du Nord, mes parents nous emmenaient mes fr\u00e8res, mes soeurs et moi aux courses, et j\u2019ai toujours \u00e9t\u00e9 un fan de Nascar\u00bb, a dit l\u2019ic\u00f4ne am\u00e9ricaine de 57 ans. \u00abLa chance de poss\u00e9der ma propre \u00e9quipe de course en partenariat avec mon ami Denny Hamlin et d\u2019avoir Bubba Wallace au volant est tr\u00e8s excitant pour moi\u00bb, a ajout\u00e9 celui qui d\u00e9tiendra la majorit\u00e9 des parts de la nouvelle franchise, avec l\u2019ancien pilote Denny Hamlin en partenaire minoritaire. Jordan, consid\u00e9r\u00e9 comme le meilleur basketteur de l\u2019histoire et un des plus grands sportifs de tous les temps, est d\u00e9j\u00e0 propri\u00e9taire de l\u2019\u00e9quipe de NBA des Charlotte Hornets. \u00abHistoriquement, le Nascar a toujours eu du mal avec la diversit\u00e9 et il y a eu peu de propri\u00e9taires noirs\u00bb, a aussi avanc\u00e9 Jordan. \u00abLe moment semble parfait car le Nascar \u00e9volue et s\u2019adapte de plus en plus au changement social.<\/p>\n<p>En plus de l\u2019engagement r\u00e9cent et des dons que j\u2019ai faits pour lutter contre le racisme syst\u00e9mique, je vois cela comme une chance d\u2019\u00e9duquer un nouveau public et d\u2019ouvrir plus d\u2019opportunit\u00e9s aux Noirs dans les courses\u00bb.<\/p>\n<\/div>\n<p>Auteur: ALM<br \/>\n<a href=\"https:\/\/aujourdhui.ma\/automobile\/auto-info-michael-jordan-achete-une-ecurie-nascar\">Cliquez ici pour lire l&rsquo;article depuis sa source.<\/a><\/p>\n","protected":false},"excerpt":{"rendered":"<p>Michael Jordan est devenu le propri\u00e9taire d\u2019une \u00e9curie de course automobile Nascar, et a recrut\u00e9 le pilote Bubba Wallace, a annonc\u00e9 la l\u00e9gende du basket lundi dans un communiqu\u00e9. \u00abQuand j\u2019\u00e9tais petit en Caroline du Nord, mes parents nous emmenaient mes fr\u00e8res, mes soeurs et moi aux courses, et j\u2019ai toujours \u00e9t\u00e9 un fan de [&hellip;]<\/p>\n","protected":false},"author":1759,"featured_media":99714,"comment_status":"closed","ping_status":"closed","sticky":false,"template":"","format":"standard","meta":{"fifu_image_url":"","fifu_image_alt":"","footnotes":""},"categories":[73,54],"tags":[],"class_list":["post-99713","post","type-post","status-publish","format-standard","has-post-thumbnail","hentry","category-actualite","category-maroc"],"_links":{"self":[{"href":"https:\/\/linitiative.ca\/International\/wp-json\/wp\/v2\/posts\/99713","targetHints":{"allow":["GET"]}}],"collection":[{"href":"https:\/\/linitiative.ca\/International\/wp-json\/wp\/v2\/posts"}],"about":[{"href":"https:\/\/linitiative.ca\/International\/wp-json\/wp\/v2\/types\/post"}],"author":[{"embeddable":true,"href":"https:\/\/linitiative.ca\/International\/wp-json\/wp\/v2\/users\/1759"}],"replies":[{"embeddable":true,"href":"https:\/\/linitiative.ca\/International\/wp-json\/wp\/v2\/comments?post=99713"}],"version-history":[{"count":0,"href":"https:\/\/linitiative.ca\/International\/wp-json\/wp\/v2\/posts\/99713\/revisions"}],"wp:featuredmedia":[{"embeddable":true,"href":"https:\/\/linitiative.ca\/International\/wp-json\/"}],"wp:attachment":[{"href":"https:\/\/linitiative.ca\/International\/wp-json\/wp\/v2\/media?parent=99713"}],"wp:term":[{"taxonomy":"category","embeddable":true,"href":"https:\/\/linitiative.ca\/International\/wp-json\/wp\/v2\/categories?post=99713"},{"taxonomy":"post_tag","embeddable":true,"href":"https:\/\/linitiative.ca\/International\/wp-json\/wp\/v2\/tags?post=99713"}],"curies":[{"name":"wp","href":"https:\/\/api.w.org\/{rel}","templated":true}]}}