{"id":99715,"date":"2020-09-23T09:10:23","date_gmt":"2020-09-23T13:10:23","guid":{"rendered":"https:\/\/linitiative.ca\/International\/le-challenge-a-narguer\/"},"modified":"2020-09-23T09:10:23","modified_gmt":"2020-09-23T13:10:23","slug":"le-challenge-a-narguer","status":"publish","type":"post","link":"https:\/\/linitiative.ca\/International\/le-challenge-a-narguer\/","title":{"rendered":"Le challenge \u00e0 narguer!"},"content":{"rendered":"<p class=\"has-text-color c2\"><strong>Plus de six mois de crise pand\u00e9mique qui assaille rudement la sant\u00e9 des citoyens et l\u2019\u00e9conomie du pays. Notre pays est sous le choc d\u2019une \u00e9preuve sans appel et y fait face avec cran sans pr\u00e9c\u00e9dent. Il n\u2019est pas le seul \u00e0 conc\u00e9der la \u00abmal\u00e9diction\u00bb de la nature, d\u2019une telle f\u00e9rocit\u00e9. Il m\u00e8nera son dessein jusqu\u2019au bout, avec ses propres moyens empreints de charge patriotique.<\/strong><\/p>\n<p>Chaque jour, des citoyens succombent \u00e0 la pelle, d\u2019autres se remettent en nombre sous les yeux soulag\u00e9s des vaillants h\u00e9ros des h\u00f4pitaux submerg\u00e9s. Chaque soir, le bilan r\u00e9sonne dans les m\u00e9nages timor\u00e9s, sans toutefois, tomber dans l\u2019affolement. L\u2019Etat fait des sacrifices pour sauvegarder ce qui peut l\u2019\u00eatre, en repla\u00e7ant la vie des compatriotes en priorit\u00e9.<\/p>\n<p>En parall\u00e8le, on se d\u00e9m\u00e8ne en vue de pr\u00e9server la sant\u00e9 de l\u2019\u00e9conomie en pleine d\u00e9liquescence. Le dilemme semble \u00eatre d\u00e9licat dans une nation en souffrance. Aussi, se d\u00e9ploie-t-on, \u00e0 b\u00e2tons rompus, afin de concilier les deux volets de cette dualit\u00e9 complexe.<\/p>\n<p>En d\u00e9pit de la recrudescence virale, il para\u00eet qu\u2019on n\u2019est pas pr\u00eat \u00e0 se permettre de se confiner. Ce serait, n\u2019en d\u00e9plaise, le coup de gr\u00e2ce d\u2019un pays en \u00e9tat critique, aux plans sanitaire et \u00e9conomique.<\/p>\n<p>On est bien condamn\u00e9 \u00e0 vivre avec le virus et \u00e0 le combattre de front. Certes, on y perd des plumes dans les deux sens. On continuera \u00e0 cumuler les cas et \u00e0 compter les d\u00e9c\u00e8s, mais impulsera, dans la douleur, le souffle dans les veines de la vie active. On n\u2019a pas beaucoup de choix \u00e0 faire, car on a d\u00e9j\u00e0 assez port\u00e9 pr\u00e9judice \u00e0 la machine qui est en passe de s\u2019effilocher au fil du temps.<\/p>\n<p>Le Maroc, serait-il en mesure de surmonter ce nouveau challenge\u00a0dont les retomb\u00e9es seront aussi cruelles qu\u2019\u00e9prouvantes ? Il ne fait pas de doute que cette \u00e9pid\u00e9mie a fortement affect\u00e9 la stabilit\u00e9 d\u2019une nation d\u00e9j\u00e0 perturb\u00e9e par ses d\u00e9ficits subjectifs dus \u00e0 sa gouvernance approximative et par ses al\u00e9as objectifs, en raison de la p\u00e9nurie hydrique et le p\u00e9ril de s\u00e9cheresse en permanence.<\/p>\n<p>Mais, il importe aussi de reconna\u00eetre que la crise virale aura permis d\u2019affronter de visu notre d\u00e9couvert, en mati\u00e8re d\u2019immunit\u00e9 sociale, frapp\u00e9e de plein fouet de pr\u00e9carit\u00e9 et de d\u00e9nuement. De m\u00eame, elle aura recouvr\u00e9 une grande nation fond\u00e9e sur les valeurs de civisme, \u00a0de bravoure et de solidarit\u00e9.<\/p>\n<p>De surcro\u00eet, elle a d\u00e9couvert la notion de l\u2019\u00c9tat, ax\u00e9e sur les assises de la souverainet\u00e9, autour de laquelle les composantes de la soci\u00e9t\u00e9 tendent \u00e0 se mouvoir et s\u2019\u00e9mouvoir dans la synergie. Un \u00c9tat fort et rassembleur ne peut que renforcer les atouts de la nation pour tenir t\u00eate aux conjonctures, d\u00e9fier les \u00e9cueils les plus coriaces et braver les fl\u00e9aux les plus tenaces.<\/p>\n<p>Visiblement, le pays s\u2019attend \u00e0 de nouvelles mutations substantielles aux plans comportemental, sanitaire et \u00e9conomique auxquelles la pand\u00e9mie a sensiblement contribuer \u00e0 \u00a0faire propager de la m\u00eame cadence que son maudit virus.<\/p>\n<p>Auteur: M&rsquo;hammed rahal<br \/>\n<a href=\"http:\/\/albayane.press.ma\/le-challenge-a-narguer.html\">Cliquez ici pour lire l&rsquo;article depuis sa source.<\/a><\/p>\n","protected":false},"excerpt":{"rendered":"<p>Plus de six mois de crise pand\u00e9mique qui assaille rudement la sant\u00e9 des citoyens et l\u2019\u00e9conomie du pays. Notre pays est sous le choc d\u2019une \u00e9preuve sans appel et y fait face avec cran sans pr\u00e9c\u00e9dent. Il n\u2019est pas le seul \u00e0 conc\u00e9der la \u00abmal\u00e9diction\u00bb de la nature, d\u2019une telle f\u00e9rocit\u00e9. Il m\u00e8nera son dessein [&hellip;]<\/p>\n","protected":false},"author":1760,"featured_media":0,"comment_status":"closed","ping_status":"closed","sticky":false,"template":"","format":"standard","meta":{"fifu_image_url":"","fifu_image_alt":"","footnotes":""},"categories":[73,54],"tags":[],"class_list":["post-99715","post","type-post","status-publish","format-standard","hentry","category-actualite","category-maroc"],"_links":{"self":[{"href":"https:\/\/linitiative.ca\/International\/wp-json\/wp\/v2\/posts\/99715","targetHints":{"allow":["GET"]}}],"collection":[{"href":"https:\/\/linitiative.ca\/International\/wp-json\/wp\/v2\/posts"}],"about":[{"href":"https:\/\/linitiative.ca\/International\/wp-json\/wp\/v2\/types\/post"}],"author":[{"embeddable":true,"href":"https:\/\/linitiative.ca\/International\/wp-json\/wp\/v2\/users\/1760"}],"replies":[{"embeddable":true,"href":"https:\/\/linitiative.ca\/International\/wp-json\/wp\/v2\/comments?post=99715"}],"version-history":[{"count":0,"href":"https:\/\/linitiative.ca\/International\/wp-json\/wp\/v2\/posts\/99715\/revisions"}],"wp:attachment":[{"href":"https:\/\/linitiative.ca\/International\/wp-json\/wp\/v2\/media?parent=99715"}],"wp:term":[{"taxonomy":"category","embeddable":true,"href":"https:\/\/linitiative.ca\/International\/wp-json\/wp\/v2\/categories?post=99715"},{"taxonomy":"post_tag","embeddable":true,"href":"https:\/\/linitiative.ca\/International\/wp-json\/wp\/v2\/tags?post=99715"}],"curies":[{"name":"wp","href":"https:\/\/api.w.org\/{rel}","templated":true}]}}