{"id":99716,"date":"2020-09-23T09:21:20","date_gmt":"2020-09-23T13:21:20","guid":{"rendered":"https:\/\/linitiative.ca\/International\/achraf-hakimi-brille-deja-sur-les-pelouses-italiennes\/"},"modified":"2020-09-23T09:21:20","modified_gmt":"2020-09-23T13:21:20","slug":"achraf-hakimi-brille-deja-sur-les-pelouses-italiennes","status":"publish","type":"post","link":"https:\/\/linitiative.ca\/International\/achraf-hakimi-brille-deja-sur-les-pelouses-italiennes\/","title":{"rendered":"Achraf Hakimi brille d\u00e9j\u00e0 sur les pelouses italiennes"},"content":{"rendered":"<p class=\"has-text-color has-vivid-red-color c2\"><strong>Efficace et d\u00e9cisif lors de sa premi\u00e8re apparition avec l\u2019Inter de Milan<\/strong><\/p>\n<p class=\"c3\"><strong>Siham Toufiki<\/strong><\/p>\n<p class=\"has-text-color c4\"><strong>Deux matchs et d\u00e9j\u00e0 trois passes d\u00e9cisives. Achraf Hakimi, l\u2019ancien lat\u00e9ral de Broussia Dortmund auquel il a \u00e9t\u00e9 pr\u00eat\u00e9 pendant deux ans par le Real Madrid, n\u2019a pas perdu de temps pour s\u2019imposer sur les pelouses italiennes, sous les couleurs de l\u2019Inter de Milan qui nourrit d\u00e9sormais l\u2019espoir de briser l\u2019h\u00e9g\u00e9monie de la Juventus et de remporter le titre du championnat.<\/strong><\/p>\n<p>En r\u00e9ussissant de belles performances en ce d\u00e9but de saison, l\u2019international marocain qui fait partie des d\u00e9fenseurs les plus pris\u00e9s d\u2019Europe, s\u00e9duit tant les observateurs que les supporters \u00e0 telle enseigne que les m\u00e9dias italiens le d\u00e9crivent comme faisant partie \u00ab\u00a0des grands joueurs\u00a0\u00bb sur lesquels le club aux rayures bleues et noires \u00ab\u00a0peut compter pour triompher\u00a0\u00bb dans le championnat apr\u00e8s sa brillante prestation durant les premiers matchs.<\/p>\n<p>Malgr\u00e9 son jeune \u00e2ge, Hakimi fait preuve d\u2019un esprit combatif et d\u2019un bon sens tactique et d\u2019efficacit\u00e9, forg\u00e9 avec pers\u00e9v\u00e9rance au cours de sa carri\u00e8re footballistique.<\/p>\n<p>Pour sa premi\u00e8re apparition sous le maillot de l\u2019Inter Milan lors d\u2019un match comptant pour la derni\u00e8re phase de pr\u00e9paration en pr\u00e9vision de la nouvelle saison de football, Hakimi s\u2019est illustr\u00e9 mardi dernier contre le FC Lugano Suisse (5-0), contribuant \u00e0 deux buts pour le compte de son \u00e9quipe gr\u00e2ce \u00e0 sa grande vitesse et \u00e0 une brillante prestation qui lui a valu la confiance de l\u2019entraineur Antonio Conte, et lui permet de s\u2019imposer comme un titulaire indiscutable au sein de l\u2019un des plus grandes formations italiennes.<\/p>\n<p>Avec un contrat record de 45 millions d\u2019euros, l\u2019international marocain avait rejoint l\u2019\u00e9quipe italienne en provenance du Real Madrid, apr\u00e8s un pr\u00eat \u00e0 Broussia Dortmund, devenant ainsi l\u2019un des joueurs les plus chers de ce Mercato.<\/p>\n<p>Quant aux objectifs des Nerazzurri, Hakami a affirm\u00e9 dans une d\u00e9claration publi\u00e9e sur le compte twitter de l\u2019Inter Milan que \u00ab\u00a0notre objectif est de gagner le titre du championnat, de progresser en Ligue des champions et de pr\u00e9senter un bon niveau que la saison derni\u00e8re\u00a0\u00bb. Et d\u2019ajouter : \u00ab\u00a0Je veux gagner quelques titres ici.\u00a0\u00bb<br \/>Le Lion de l\u2019Atlass entamera sa carri\u00e8re en championnat italien sous les couleurs de l\u2019Inter Milan avec le match qui l\u2019opposera samedi prochain \u00e0 la Fiorentina, avant de disputer quatre jours plus tard, un match report\u00e9 avec Benevento.<\/p>\n<p>Achraf Hakimi, l\u2019arri\u00e8re droit marocain, qui a grandi \u00e0 Getafe, dans la banlieue de Madrid, a rejoint l\u2019\u00e9quipe du Real Madrid \u00e0 l\u2019\u00e2ge de sept ans et a jou\u00e9 dans toutes les cat\u00e9gories des Merengues.<\/p>\n<p>D\u00e9fenseur rapide et combatif, vif, et entreprenant, avec un sens tactique \u00e9lev\u00e9, il avait su brillamment attirer l\u2019attention du staff technique avant de rejoindre l\u2019\u00e9quipe des moins de 19 ans du Real Madrid.<\/p>\n<p>L\u2019international marocain avait particip\u00e9 \u00e0 la Ligue des champions europ\u00e9enne pour les moins de 19 ans au titre des saisons 2015-2016 et 2016-2017 et avait atteint les demi-finales.<\/p>\n<p>Hakimi a \u00e9galement disput\u00e9 28 matches au cours de la m\u00eame saison (2016-2017) avec le Real Madrid Castilla (\u00e9quipe B), qui \u00e9voluait \u00e0 la troisi\u00e8me division espagnole.<\/p>\n<p>Joueur talentueux avec de grandes qualit\u00e9s, Achraf Hakimi a attir\u00e9 l\u2019attention de Zineddine Zidane, qui l\u2019invitait \u00e0 participer aux entra\u00eenements et aux stages de la premi\u00e8re \u00e9quipe du Real Madrid, aux c\u00f4t\u00e9s des grandes stars de l\u2019\u00e9quipe royale.<\/p>\n<p>En octbre 2017, le forfait de Daniel Carvajal, l\u2019arri\u00e8re lat\u00e9ral droit du Real Madrid, pour des raisons de sant\u00e9, offrira l\u2019occasion \u00e0 Achraf Hakimi pour entamer sa carri\u00e8re avec la premi\u00e8re \u00e9quipe du club Royal au cours d\u2019un match du championnat d\u2019Espagne contre l\u2019Espanyol de Barcelone. Deux mois apr\u00e8s cette date, Hakimi va marquer son premier but avec le Real de Madrid au stade Santiago Bernabeu contre S\u00e9ville, le match qui s\u2019est termin\u00e9 par une victoire \u00e9crasante des Merengues (5-0).<\/p>\n<p>\u00c0 19 ans, Hakimi est devenu le premier joueur arabe et marocain \u00e0 jouer et \u00e0 inscrire un but pour le Real Madrid lors d\u2019un match officiel. Au cours de la m\u00eame saison, il a \u00e9t\u00e9 sacr\u00e9 champion d\u2019Europe avec les merengues et a \u00e9t\u00e9 d\u00e9sign\u00e9 parmi les 50 meilleurs jeunes joueurs du monde.<\/p>\n<p>Il a \u00e9galement particip\u00e9 \u00e0 la Coupe du monde 2018 avec les Lions de l\u2019Atlas, faisant de lui le troisi\u00e8me plus jeune joueur de la comp\u00e9tition, derri\u00e8re Daniel Arzani et Kylian Mbappe.<\/p>\n<p>Hakim sera pr\u00eat\u00e9 par la suite au Borussia Dortmund, o\u00f9 il a jou\u00e9 deux saisons au cours desquelles il a disput\u00e9 73 matchs avec le club de la Ruhr et marqu\u00e9 12 buts, devenant l\u2019un des joueurs les plus importants de la Ligue allemande.<\/p>\n<p>Hakimi, devenu incontournable dans les plans de l\u2019entra\u00eeneur Lucien Favre, a termin\u00e9 le championnat allemand la saison derni\u00e8re en tant que sixi\u00e8me meilleure passeur de la Bundesliga avec 10 passes d\u00e9cisives en 33 matchs.<\/p>\n<p>Le nouveau joueur de l\u2019Inter Milan a surclass\u00e9 des stars telles que Cristiano Ronaldo et Kylian Mbappe dans une statistique r\u00e9cente.<\/p>\n<p>En effet, le journal italien \u00abCorriere dello Sport\u00bb a publi\u00e9 une liste des 6 joueurs les plus rapides du monde en 2020, et Achraf Hakimi se trouve \u00e0 la deuxi\u00e8me place, suite \u00e0 ses performances impressionnantes avec le Borussia Dortmund.<\/p>\n<p>Auteur: M&rsquo;hammed rahal<br \/>\n<a href=\"http:\/\/albayane.press.ma\/achraf-hakimi-brille-deja-sur-les-pelouses-italiennes.html\">Cliquez ici pour lire l&rsquo;article depuis sa source.<\/a><\/p>\n","protected":false},"excerpt":{"rendered":"<p>Efficace et d\u00e9cisif lors de sa premi\u00e8re apparition avec l\u2019Inter de Milan Siham Toufiki Deux matchs et d\u00e9j\u00e0 trois passes d\u00e9cisives. Achraf Hakimi, l\u2019ancien lat\u00e9ral de Broussia Dortmund auquel il a \u00e9t\u00e9 pr\u00eat\u00e9 pendant deux ans par le Real Madrid, n\u2019a pas perdu de temps pour s\u2019imposer sur les pelouses italiennes, sous les couleurs de [&hellip;]<\/p>\n","protected":false},"author":1760,"featured_media":0,"comment_status":"closed","ping_status":"closed","sticky":false,"template":"","format":"standard","meta":{"fifu_image_url":"","fifu_image_alt":"","footnotes":""},"categories":[73,54],"tags":[],"class_list":["post-99716","post","type-post","status-publish","format-standard","hentry","category-actualite","category-maroc"],"_links":{"self":[{"href":"https:\/\/linitiative.ca\/International\/wp-json\/wp\/v2\/posts\/99716","targetHints":{"allow":["GET"]}}],"collection":[{"href":"https:\/\/linitiative.ca\/International\/wp-json\/wp\/v2\/posts"}],"about":[{"href":"https:\/\/linitiative.ca\/International\/wp-json\/wp\/v2\/types\/post"}],"author":[{"embeddable":true,"href":"https:\/\/linitiative.ca\/International\/wp-json\/wp\/v2\/users\/1760"}],"replies":[{"embeddable":true,"href":"https:\/\/linitiative.ca\/International\/wp-json\/wp\/v2\/comments?post=99716"}],"version-history":[{"count":0,"href":"https:\/\/linitiative.ca\/International\/wp-json\/wp\/v2\/posts\/99716\/revisions"}],"wp:attachment":[{"href":"https:\/\/linitiative.ca\/International\/wp-json\/wp\/v2\/media?parent=99716"}],"wp:term":[{"taxonomy":"category","embeddable":true,"href":"https:\/\/linitiative.ca\/International\/wp-json\/wp\/v2\/categories?post=99716"},{"taxonomy":"post_tag","embeddable":true,"href":"https:\/\/linitiative.ca\/International\/wp-json\/wp\/v2\/tags?post=99716"}],"curies":[{"name":"wp","href":"https:\/\/api.w.org\/{rel}","templated":true}]}}