{"id":99717,"date":"2020-09-23T09:38:15","date_gmt":"2020-09-23T13:38:15","guid":{"rendered":"https:\/\/linitiative.ca\/International\/%ef%bb%bfla-beaute-de-la-langue-et-la-richesse-de-la-culture\/"},"modified":"2020-09-23T09:38:15","modified_gmt":"2020-09-23T13:38:15","slug":"%ef%bb%bfla-beaute-de-la-langue-et-la-richesse-de-la-culture","status":"publish","type":"post","link":"https:\/\/linitiative.ca\/International\/%ef%bb%bfla-beaute-de-la-langue-et-la-richesse-de-la-culture\/","title":{"rendered":"\ufeffLa beaut\u00e9 de la langue et la richesse de la culture"},"content":{"rendered":"<p class=\"has-text-color has-vivid-red-color c2\"><strong>Interview avec Kebir Mustapha Ammi<\/strong><\/p>\n<p class=\"c3\"><strong>Par Noureddine Mhakkak<\/strong><\/p>\n<div class=\"wp-block-image\"><img loading=\"lazy\" decoding=\"async\" src=\"http:\/\/albayane.press.ma\/wp-content\/uploads\/ouv-13-2.jpg\" alt=\"\" class=\"wp-image-96001\" width=\"194\" height=\"184\"\/><\/div>\n<p class=\"has-text-color has-vivid-cyan-blue-color\"><strong>Romancier, essayiste et dramaturge, Kebir Mustapha Ammi est n\u00e9 \u00e0 Taza, en 1952. Il vit aujourd\u2019hui \u00e0 Paris. Il est l\u2019auteur notamment du \u00abCiel sans d\u00e9tours\u00bb (\u00c9ditions Gallimard .2007), \u00abLes vertus immorales\u00bb (\u00c9ditions Gallimard. 2009)\u00a0\u00a0 et de \u00abMardoch\u00e9e\u00bb (\u00c9ditions Gallimard 2011). Son dernier roman, \u00abBen A\u00efcha\u00bb, qui \u00e9voque le c\u00e9l\u00e8bre corsaire et ambassadeur Abdallah Ben A\u00efcha est paru en 2020, aux \u00e9ditions M\u00e9moire d\u2019encrier.<\/strong><\/p>\n<p><strong>\u00a0Voici une interview avec lui. Bonne lecture.<\/strong><\/p>\n<p class=\"has-text-color has-vivid-red-color\"><strong>Que repr\u00e9sentent les arts et les lettres pour vous ?<\/strong><\/p>\n<p>Les arts et les lettres sont une fen\u00eatre. Un balcon avec une vue sur le monde. Ils nous permettent de respirer. Ils nous donnent la possibilit\u00e9 d\u2019interroger le r\u00e9el et de nous poser des questions sur ce que nous sommes. C\u2019est l\u2019art qui nous permet de nous d\u00e9passer, de nous interroger sur notre condition, sur ce que nous faisons ici et maintenant tout en nous interrogeant sur ce qu\u2019est ou peut \u00eatre le monde.<\/p>\n<p class=\"has-text-color has-vivid-red-color\"><strong>Que repr\u00e9sente l\u2019\u00e9criture pour vous ?<\/strong><\/p>\n<p>L\u2019\u00e9criture est pour moi un moyen d\u2019imaginer d\u2019autres mondes et de livrer ma vision par le truchement de l\u2019imagination. L\u2019imagination est ici un outil pour parvenir \u00e0 toucher l\u2019\u00e9motion du lecteur \u00e0 travers sa sensibilit\u00e9. L\u2019\u00e9criture est une combinaison c\u00e9r\u00e9brale complexe mais c\u2019est dans le m\u00eame temps un jeu port\u00e9 par une s\u00e9rie de questions. Elle porte en elle, \u00e0 fleur de peau, une vision du monde qu\u2019elle essaie de livrer le plus subtilement.<\/p>\n<p class=\"has-text-color has-vivid-red-color\"><strong>Parlez-nous des villes que vous avez visit\u00e9es et qui ont laiss\u00e9 une remarquable trace dans votre parcours artistique.<\/strong><\/p>\n<p>Il y en a beaucoup. De nombreuses villes m\u2019ont marqu\u00e9. Quelquefois, ce sont des villes secondaires, loin des sentiers battus, dont on ne parle jamais, et o\u00f9 je me suis retrouv\u00e9 un peu par hasard. Je pense \u00e0 Battanbang, au Cambodge, par exemple. C\u2019est un lieu qui m\u2019a surpris et remu\u00e9. Il y a quelque chose d\u2019ingrat et \u00e2pre dans cette ville o\u00f9 les gens doivent se battre quotidiennement qui m\u2019a marqu\u00e9. Et les gens n\u2019y perdent jamais leur \u00e2me, ils ont une grande dignit\u00e9. Mais aussi Pnom Penh. Luang Prabang au Laos est une petite enclave de r\u00eave. Malacca, en Malaisie, m\u2019a fascin\u00e9, Tokyo, car c\u2019est une exp\u00e9rience unique, o\u00f9 une culture ancestrale ne se laisse jamais distancer par la modernit\u00e9, Kyoto pour le voyage dans le temps et le raffinement, Hiroshima m\u2019a boulevers\u00e9 vous imaginez pourquoi. C\u2019est une ville qui a v\u00e9cu dans sa chair une \u00e9pouvantable trag\u00e9die mais qui est rest\u00e9e debout et sans haine. Il y a d\u2019autres villes dans le monde, qui m\u2019ont beaucoup marqu\u00e9, en Am\u00e9rique, La Havane et Trinidad \u00e0 Cuba, d\u2019autres villes en Australie, comme Sydney, ou en Afrique\u2026 Elles m\u2019ont toutes donn\u00e9 le sentiment que nous sommes partout pareils. Nous sommes une seule et m\u00eame grande famille. Les couleurs, les religions, la culture ne sont que diff\u00e9rentes fa\u00e7ons d\u2019exprimer notre identit\u00e9 d\u2019hommes et de femmes. J\u2019ai acquis la conviction que rien ne nous s\u00e9pare, il n\u2019y a que la b\u00eatise qui trouve un int\u00e9r\u00eat \u00e0 \u00e9riger des barri\u00e8res entre les peuples. Je me sens partout chez moi m\u00eame si je ne changerai Taza pour rien au monde. C\u2019est l\u00e0 o\u00f9 tout a commenc\u00e9 : l\u2019enfance, les r\u00eaves et la qu\u00eate de l\u2019essentiel, le d\u00e9sir d\u2019\u00e9criture. C\u2019est une ville humble, \u00e0 l\u2019\u00e9cart, o\u00f9 les gens sont simples et accueillants. C\u2019est le lieu o\u00f9 je me ressource. C\u2019est la ville du c\u0153ur, c\u2019est un talon d\u2019Achille, nous en avons tous un, n\u2019est-ce pas ?<\/p>\n<p class=\"has-text-color has-vivid-red-color\"><strong>Que repr\u00e9sente la beaut\u00e9 pour vous ?<\/strong><\/p>\n<p>Elle repr\u00e9sente l\u2019essentiel. Sans beaut\u00e9, il n\u2019y a pas d\u2019art et sans art le monde et l\u2019humanit\u00e9 auraient du mal \u00e0 tenir, ils seraient invivables. Elle est l\u2019eau et la lumi\u00e8re ind\u00e9pendantes \u00e0 la vie. C\u2019est pour elle qu\u2019on se bat. Et c\u2019est elle qui sauvera le monde ! C\u2019est la capacit\u00e9 des cr\u00e9ateurs \u00e0 chercher la beaut\u00e9 qui nous sauve. Que serions-nous sans po\u00e9sie, sans th\u00e9\u00e2tre, sans musique, sans peinture\u2026 ? C\u2019est notre passion de la beaut\u00e9 -donc de l\u2019art- qui fait de nous des hommes et des femmes. Imaginez une soci\u00e9t\u00e9 sans art, une soci\u00e9t\u00e9 o\u00f9 il serait interdit d\u2019\u00e9crire, de peindre, de composer de la musique\u2026<\/p>\n<p class=\"has-text-color has-vivid-red-color\"><strong>Parlez-nous des livres que vous avez d\u00e9j\u00e0 lus et qui ont marqu\u00e9 vos pens\u00e9es.<\/strong><\/p>\n<p>Il y a beaucoup de livres qui m\u2019ont marqu\u00e9, il y a des auteurs que j\u2019ai d\u00e9couvert quand j\u2019\u00e9tais jeune et que je continue de lire, comme Kawabata, Tanizaki, Soseki, Mishima, Faulkner, Conrad, Garcia Marquez, Carlos Fuentes, Khatibi, Khair-Eddine\u2026 Ce sont des compagnons, comme des grands fr\u00e8res, il y a dans leurs pages une puissance inou\u00efe, ils sont une source d\u2019inspiration, par leur force et leur \u00e9criture tendue, exigeante de bout en bout, qui ne c\u00e8de jamais \u00e0 la facilit\u00e9.<\/p>\n<p>Auteur: M&rsquo;hammed rahal<br \/>\n<a href=\"http:\/\/albayane.press.ma\/%EF%BB%BFla-beaute-de-la-langue-et-la-richesse-de-la-culture.html\">Cliquez ici pour lire l&rsquo;article depuis sa source.<\/a><\/p>\n","protected":false},"excerpt":{"rendered":"<p>Interview avec Kebir Mustapha Ammi Par Noureddine Mhakkak Romancier, essayiste et dramaturge, Kebir Mustapha Ammi est n\u00e9 \u00e0 Taza, en 1952. Il vit aujourd\u2019hui \u00e0 Paris. Il est l\u2019auteur notamment du \u00abCiel sans d\u00e9tours\u00bb (\u00c9ditions Gallimard .2007), \u00abLes vertus immorales\u00bb (\u00c9ditions Gallimard. 2009)\u00a0\u00a0 et de \u00abMardoch\u00e9e\u00bb (\u00c9ditions Gallimard 2011). Son dernier roman, \u00abBen A\u00efcha\u00bb, qui [&hellip;]<\/p>\n","protected":false},"author":1760,"featured_media":99718,"comment_status":"closed","ping_status":"closed","sticky":false,"template":"","format":"standard","meta":{"fifu_image_url":"","fifu_image_alt":"","footnotes":""},"categories":[73,54],"tags":[],"class_list":["post-99717","post","type-post","status-publish","format-standard","has-post-thumbnail","hentry","category-actualite","category-maroc"],"_links":{"self":[{"href":"https:\/\/linitiative.ca\/International\/wp-json\/wp\/v2\/posts\/99717","targetHints":{"allow":["GET"]}}],"collection":[{"href":"https:\/\/linitiative.ca\/International\/wp-json\/wp\/v2\/posts"}],"about":[{"href":"https:\/\/linitiative.ca\/International\/wp-json\/wp\/v2\/types\/post"}],"author":[{"embeddable":true,"href":"https:\/\/linitiative.ca\/International\/wp-json\/wp\/v2\/users\/1760"}],"replies":[{"embeddable":true,"href":"https:\/\/linitiative.ca\/International\/wp-json\/wp\/v2\/comments?post=99717"}],"version-history":[{"count":0,"href":"https:\/\/linitiative.ca\/International\/wp-json\/wp\/v2\/posts\/99717\/revisions"}],"wp:featuredmedia":[{"embeddable":true,"href":"https:\/\/linitiative.ca\/International\/wp-json\/"}],"wp:attachment":[{"href":"https:\/\/linitiative.ca\/International\/wp-json\/wp\/v2\/media?parent=99717"}],"wp:term":[{"taxonomy":"category","embeddable":true,"href":"https:\/\/linitiative.ca\/International\/wp-json\/wp\/v2\/categories?post=99717"},{"taxonomy":"post_tag","embeddable":true,"href":"https:\/\/linitiative.ca\/International\/wp-json\/wp\/v2\/tags?post=99717"}],"curies":[{"name":"wp","href":"https:\/\/api.w.org\/{rel}","templated":true}]}}