{"id":99719,"date":"2020-09-23T09:42:30","date_gmt":"2020-09-23T13:42:30","guid":{"rendered":"https:\/\/linitiative.ca\/International\/%ef%bb%bfpour-le-renforcement-mutuelles-des-capacites-dintervention\/"},"modified":"2020-09-23T09:42:30","modified_gmt":"2020-09-23T13:42:30","slug":"%ef%bb%bfpour-le-renforcement-mutuelles-des-capacites-dintervention","status":"publish","type":"post","link":"https:\/\/linitiative.ca\/International\/%ef%bb%bfpour-le-renforcement-mutuelles-des-capacites-dintervention\/","title":{"rendered":"\ufeffPour le renforcement mutuelles des capacit\u00e9s d\u2019intervention"},"content":{"rendered":"<p class=\"has-text-color has-vivid-red-color c2\"><strong>Partenariat entre la HACA et son homologue ivoirienne<\/strong><\/p>\n<p class=\"has-text-color c3\"><strong>La Pr\u00e9sidente de la Haute autorit\u00e9 de la communication audiovisuelle (HACA), Latifa Akharbach, et le Pr\u00e9sident de la Haute autorit\u00e9 de la communication audiovisuelle (HACA) de C\u00f4te d\u2019Ivoire, Ren\u00e9 Bourgoin, ont proc\u00e9d\u00e9 mardi \u00e0 la signature, via visioconf\u00e9rence, d\u2019une convention de partenariat et de coop\u00e9ration entre les deux instances de r\u00e9gulation.<\/strong><\/p>\n<p>Cette convention de partenariat et de coop\u00e9ration, qui pr\u00e9voit plusieurs axes de collaboration entre les deux instances, se base essentiellement sur le r\u00f4le et la place sp\u00e9cifiques des m\u00e9dias dans le d\u00e9veloppement de la culture d\u00e9mocratique et l\u2019animation de la vie publique, ainsi que sur la n\u00e9cessit\u00e9 de consolider l\u2019expertise, l\u2019efficience et l\u2019autonomie des instances de r\u00e9gulation, a indiqu\u00e9 la HACA dans un communiqu\u00e9.<\/p>\n<p>Elle met en place un comit\u00e9 mixte en charge de la veille juridique et du d\u00e9veloppement des modalit\u00e9s de r\u00e9gulation des m\u00e9dias audiovisuels, a fait savoir la m\u00eame source, ajoutant que les deux r\u00e9gulateurs africains ont \u00e9galement convenu de renforcer le partage des expertises techniques en mati\u00e8re de suivi du pluralisme et d\u2019outils de monitoring des programmes.<\/p>\n<p>A ce titre et dans un esprit de promotion des compl\u00e9mentarit\u00e9s d\u2019expertise, la HACA Maroc mettra \u00e0 la disposition de la HACA C\u00f4te d\u2019Ivoire la solution informatique qu\u2019elle a d\u00e9velopp\u00e9e (HMS-Pluralisme) et qui permet notamment le suivi du pluralisme d\u2019expression dans les m\u00e9dias, aussi bien en p\u00e9riode normale que lors des campagnes \u00e9lectorales et r\u00e9f\u00e9rendaires.<\/p>\n<p>Lors de cette c\u00e9r\u00e9monie de signature, Mme Akharbach et M. Bourgoin ont \u00e9galement relev\u00e9 l\u2019importance de la concertation entre les deux instances au sein des r\u00e9seaux de coop\u00e9ration r\u00e9gionaux et internationaux de r\u00e9gulateurs des m\u00e9dias, dont elles sont membres, notamment le R\u00e9seau des Instances africaines de r\u00e9gulation de la communication (RIARC) et le R\u00e9seau francophone des r\u00e9gulateurs des m\u00e9dias (REFRAM).<\/p>\n<p>Cette c\u00e9r\u00e9monie a \u00e9t\u00e9 marqu\u00e9e par la participation du Directeur g\u00e9n\u00e9ral de la HACA, Bena\u00efssa Asloun, des membres du Conseil sup\u00e9rieur de la communication audiovisuelle, Narjis Rerhaye, Jaafar Kansoussi, Ali Bakkali Hassani, Fatima Baroudi et Badia Erradi, de la directrice des Op\u00e9rateurs audiovisuels, Mme Dangny et du directeur des Technologies, des \u00c9tudes et de la Prospective, M.Tuo.<\/p>\n<p>Auteur: M&rsquo;hammed rahal<br \/>\n<a href=\"http:\/\/albayane.press.ma\/%EF%BB%BFpour-le-renforcement-mutuelles-des-capacites-dintervention.html\">Cliquez ici pour lire l&rsquo;article depuis sa source.<\/a><\/p>\n","protected":false},"excerpt":{"rendered":"<p>Partenariat entre la HACA et son homologue ivoirienne La Pr\u00e9sidente de la Haute autorit\u00e9 de la communication audiovisuelle (HACA), Latifa Akharbach, et le Pr\u00e9sident de la Haute autorit\u00e9 de la communication audiovisuelle (HACA) de C\u00f4te d\u2019Ivoire, Ren\u00e9 Bourgoin, ont proc\u00e9d\u00e9 mardi \u00e0 la signature, via visioconf\u00e9rence, d\u2019une convention de partenariat et de coop\u00e9ration entre les [&hellip;]<\/p>\n","protected":false},"author":1760,"featured_media":0,"comment_status":"closed","ping_status":"closed","sticky":false,"template":"","format":"standard","meta":{"fifu_image_url":"","fifu_image_alt":"","footnotes":""},"categories":[73,54],"tags":[],"class_list":["post-99719","post","type-post","status-publish","format-standard","hentry","category-actualite","category-maroc"],"_links":{"self":[{"href":"https:\/\/linitiative.ca\/International\/wp-json\/wp\/v2\/posts\/99719","targetHints":{"allow":["GET"]}}],"collection":[{"href":"https:\/\/linitiative.ca\/International\/wp-json\/wp\/v2\/posts"}],"about":[{"href":"https:\/\/linitiative.ca\/International\/wp-json\/wp\/v2\/types\/post"}],"author":[{"embeddable":true,"href":"https:\/\/linitiative.ca\/International\/wp-json\/wp\/v2\/users\/1760"}],"replies":[{"embeddable":true,"href":"https:\/\/linitiative.ca\/International\/wp-json\/wp\/v2\/comments?post=99719"}],"version-history":[{"count":0,"href":"https:\/\/linitiative.ca\/International\/wp-json\/wp\/v2\/posts\/99719\/revisions"}],"wp:attachment":[{"href":"https:\/\/linitiative.ca\/International\/wp-json\/wp\/v2\/media?parent=99719"}],"wp:term":[{"taxonomy":"category","embeddable":true,"href":"https:\/\/linitiative.ca\/International\/wp-json\/wp\/v2\/categories?post=99719"},{"taxonomy":"post_tag","embeddable":true,"href":"https:\/\/linitiative.ca\/International\/wp-json\/wp\/v2\/tags?post=99719"}],"curies":[{"name":"wp","href":"https:\/\/api.w.org\/{rel}","templated":true}]}}