{"id":99724,"date":"2020-09-23T09:33:42","date_gmt":"2020-09-23T13:33:42","guid":{"rendered":"https:\/\/linitiative.ca\/International\/les-difficultes-financieres-du-groupe-chimique-alimentent-la-colere-de-ses-cadres-et-agents\/"},"modified":"2020-09-23T09:33:42","modified_gmt":"2020-09-23T13:33:42","slug":"les-difficultes-financieres-du-groupe-chimique-alimentent-la-colere-de-ses-cadres-et-agents","status":"publish","type":"post","link":"https:\/\/linitiative.ca\/International\/les-difficultes-financieres-du-groupe-chimique-alimentent-la-colere-de-ses-cadres-et-agents\/","title":{"rendered":"Les difficult\u00e9s financi\u00e8res du Groupe Chimique alimentent la col\u00e8re de ses cadres et agents"},"content":{"rendered":"<h2>A cause de la\u00a0 situation critique du Groupe chimique tunisien, le syndicat des agents et celui des cadres du si\u00e8ge<\/h2>\n<h2>social de\u00a0<a href=\"http:\/\/www.gct.com.tn\/\" target=\"_blank\" rel=\"noopener noreferrer\">l\u2019entreprise publique<\/a>\u00a0 protestent devant le minist\u00e8re de l\u2019Energie et des Mines, aujourd\u2019hui 23 septembre.<\/h2>\n<p>Contact\u00e9 par leconomistemaghrebin.com, le secr\u00e9taire g\u00e9n\u00e9ral adjoint des cadres du si\u00e8ge social du Groupe Chimique \u00e0 Tunis, Khalil Khazmi affirme que tous les cadres et agents du si\u00e8ge social ont manifest\u00e9 devant le minist\u00e8re de l\u2019Energie, des Mines et de la Transition \u00e9nerg\u00e9tique.<\/p>\n<p>Les fonctionnaires ont tenu \u00e0 faire entendre leurs revendications. Le syndicaliste affirme que la protestation est men\u00e9e suite aux propos m\u00e9diatis\u00e9s de la Direction g\u00e9n\u00e9rale. A propos de la crise financi\u00e8re du Groupe. Et son incapacit\u00e9 \u00e0 verser les salaires pour ses employ\u00e9s. Et m\u00eame \u00e0 assurer ses \u00e9quilibres financiers.<\/p>\n<h2>Ainsi les principales revendications des salari\u00e9s, selon la m\u00eame source,\u00a0 aupr\u00e8s du minist\u00e8re de tutelle se r\u00e9sument en trois points\u00a0:<\/h2>\n<p>\u2013 L\u2019injection de la liquidit\u00e9 pour assurer la continuit\u00e9 et la p\u00e9rennit\u00e9 de l\u2019organisme. \u00ab Lequel a tant donn\u00e9 \u00e0 la patrie. Principalement au niveau de la s\u00e9curit\u00e9 alimentaire\u00bb.<br \/>\u2013 S\u00e9curiser le transport du phosphate\u00a0 vers le Groupe chimique<br \/>-\u00c9laborer un Business plan clair pour le sauvetage du\u00a0<a href=\"http:\/\/www.leconomistemaghrebin.com\/2020\/07\/28\/cpg-activite-transport-phosphate-commercial-toujours-arret\/\" target=\"_blank\" rel=\"noopener noreferrer\">secteur du phosphate<\/a>. \u00ab\u00a0 D\u2019ailleurs, la reprise de la production du phosphate est un \u00e9l\u00e9ment de relance pour l\u2019\u00e9conomie dans ce contexte particulier \u00bb.<\/p>\n<p>Khalil Khazmi a \u00e9galement indiqu\u00e9 que la reprise de l\u2019activit\u00e9 des phosphates pendant les cinq prochaines ann\u00e9es sans interruption pourrait contribuer au remboursement des dettes. Aupr\u00e8s des instances internationale. \u00ab\u00a0 Voire ne plus s\u2019endetter \u00bb.<\/p>\n<p>Revenant sur la situation actuelle du Groupe chimique, il affirme que le Groupe chimique n\u2019est plus q\u2019un colosse aux pieds d\u2019argile. Et de rappeler qu\u2019auparavant les revenus du Groupe chimique contribuaient \u00e0 l\u2019essor de l\u2019\u00e9conomie tunisienne. Alors qu\u2019actuellement,\u00a0 c\u2019est le contraire. \u00ab\u00a0 Car l\u2019Etat\u00a0 n\u2019a pas assur\u00e9 la s\u00e9curit\u00e9 pour le transport du phosphate \u00bb.<\/p>\n<p>\u00ab\u00a0 Si le Groupe chimique parvenait \u00e0 atteindre \u00a080% de la capacit\u00e9 initiale de ses usines. Dans deux ou trois mois il retrouvera ses \u00e9quilibres financiers \u00bb, assure-t-il. Par ailleurs, notre interlocuteur affirme que l\u2019importation du phosphate \u00ab a \u00e9t\u00e9 une d\u00e9cision douloureuse\u00a0\u00bb.<\/p>\n<p>source:leconomistemaghrebin<\/p>\n<div class=\"wp-post-author-wrap wp-post-author-shortcode left\">\n<h3 class=\"awpa-title\"\/>\n<div class=\"wp-post-author\">\n<div class=\"awpa-img awpa-author-block square\"><a href=\"http:\/\/lexpertjournal.net\/fr\/?author=5\"><img loading=\"lazy\" decoding=\"async\" alt=\"\" src=\"http:\/\/0.gravatar.com\/avatar\/97f8e10a1c1125ba104a76514ee07b16?s=150&amp;d=mm&amp;r=g\" srcset=\"http:\/\/0.gravatar.com\/avatar\/97f8e10a1c1125ba104a76514ee07b16?s=300&amp;d=mm&amp;r=g 2x\" class=\"avatar avatar-150 photo\" height=\"150\" width=\"150\"\/><\/a><\/div>\n<\/div>\n<\/div>\n<aside class=\"mashsb-container mashsb-main mashsb-stretched\">\n<\/aside>\n<p>Auteur: L&rsquo;expert<br \/>\n<a href=\"http:\/\/lexpertjournal.net\/fr\/?p=16700\">Cliquez ici pour lire l&rsquo;article depuis sa source.<\/a><\/p>\n","protected":false},"excerpt":{"rendered":"<p>A cause de la\u00a0 situation critique du Groupe chimique tunisien, le syndicat des agents et celui des cadres du si\u00e8ge social de\u00a0l\u2019entreprise publique\u00a0 protestent devant le minist\u00e8re de l\u2019Energie et des Mines, aujourd\u2019hui 23 septembre. Contact\u00e9 par leconomistemaghrebin.com, le secr\u00e9taire g\u00e9n\u00e9ral adjoint des cadres du si\u00e8ge social du Groupe Chimique \u00e0 Tunis, Khalil Khazmi affirme [&hellip;]<\/p>\n","protected":false},"author":1775,"featured_media":0,"comment_status":"closed","ping_status":"closed","sticky":false,"template":"","format":"standard","meta":{"fifu_image_url":"","fifu_image_alt":"","footnotes":""},"categories":[78,55],"tags":[],"class_list":["post-99724","post","type-post","status-publish","format-standard","hentry","category-economie","category-tunisie"],"_links":{"self":[{"href":"https:\/\/linitiative.ca\/International\/wp-json\/wp\/v2\/posts\/99724","targetHints":{"allow":["GET"]}}],"collection":[{"href":"https:\/\/linitiative.ca\/International\/wp-json\/wp\/v2\/posts"}],"about":[{"href":"https:\/\/linitiative.ca\/International\/wp-json\/wp\/v2\/types\/post"}],"author":[{"embeddable":true,"href":"https:\/\/linitiative.ca\/International\/wp-json\/wp\/v2\/users\/1775"}],"replies":[{"embeddable":true,"href":"https:\/\/linitiative.ca\/International\/wp-json\/wp\/v2\/comments?post=99724"}],"version-history":[{"count":0,"href":"https:\/\/linitiative.ca\/International\/wp-json\/wp\/v2\/posts\/99724\/revisions"}],"wp:attachment":[{"href":"https:\/\/linitiative.ca\/International\/wp-json\/wp\/v2\/media?parent=99724"}],"wp:term":[{"taxonomy":"category","embeddable":true,"href":"https:\/\/linitiative.ca\/International\/wp-json\/wp\/v2\/categories?post=99724"},{"taxonomy":"post_tag","embeddable":true,"href":"https:\/\/linitiative.ca\/International\/wp-json\/wp\/v2\/tags?post=99724"}],"curies":[{"name":"wp","href":"https:\/\/api.w.org\/{rel}","templated":true}]}}