{"id":99725,"date":"2020-09-23T09:54:41","date_gmt":"2020-09-23T13:54:41","guid":{"rendered":"https:\/\/linitiative.ca\/International\/miqyes-2019-en-aout-2020-17-6-des-pme-etaient-en-situation-de-blocage-total\/"},"modified":"2020-09-23T09:54:41","modified_gmt":"2020-09-23T13:54:41","slug":"miqyes-2019-en-aout-2020-17-6-des-pme-etaient-en-situation-de-blocage-total","status":"publish","type":"post","link":"https:\/\/linitiative.ca\/International\/miqyes-2019-en-aout-2020-17-6-des-pme-etaient-en-situation-de-blocage-total\/","title":{"rendered":"MIQYES 2019 : en ao\u00fbt 2020, 17.6% des PME \u00e9taient en situation de blocage total"},"content":{"rendered":"<h2>En effet, en ao\u00fbt 2020, 17.6% des PME d\u00e9clarent \u00eatre encore en situation de blocage total, sans reprise d\u2019activit\u00e9<\/h2>\n<h2>\u00e9conomique. Alors que 50,4% des PME jugent la reprise tr\u00e8s lente et pr\u00e9judiciable. Seulement 18,4% des PME<\/h2>\n<h2>d\u00e9clarant avoir formul\u00e9 une requ\u00eate ont b\u00e9n\u00e9fici\u00e9, au moment de l\u2019enqu\u00eate, des mesures de soutien<\/h2>\n<h2>gouvernementales. Et ce, en r\u00e9ponse \u00e0 la crise de la COVID-19.\u00a0 Par ailleurs, 72,6% des responsables de PME ont<\/h2>\n<h2>manifest\u00e9 le souhait de b\u00e9n\u00e9ficier de reports d\u2019\u00e9ch\u00e9ances fiscales et sociales, de baisses d\u2019imp\u00f4ts et d\u2019acc\u00e8s \u00e0 la<\/h2>\n<h2>tr\u00e9sorerie.<\/h2>\n<p>C\u2019est ce qui ressort de MIQYES 2019-2020, le barom\u00e8tre de la sant\u00e9 de la PME tunisienne, \u00e9dition sp\u00e9ciale post Covid-19 lanc\u00e9e notamment par\u00a0<a href=\"https:\/\/www.facebook.com\/conect.tunisie\/\" target=\"_blank\" rel=\"noopener noreferrer\">la CONECT<\/a>\u00a0en partenariat avec le PNUD et le cabinet HLB, aujourd\u2019hui \u00e0 Tozeur.<\/p>\n<p class=\"td-modal-image\"><a class=\"\" href=\"https:\/\/i0.wp.com\/www.leconomistemaghrebin.com\/wp-content\/uploads\/2020\/09\/MIQYES.jpg\"><img loading=\"lazy\" decoding=\"async\" class=\"size-full wp-image-349437 jetpack-lazy-image jetpack-lazy-image--handled aligncenter\" src=\"https:\/\/i0.wp.com\/www.leconomistemaghrebin.com\/wp-content\/uploads\/2020\/09\/MIQYES.jpg?resize=696,522\" alt=\"\" width=\"696\" height=\"522\" data-recalc-dims=\"1\" data-lazy-loaded=\"1\"\/><\/a><\/p>\n<p class=\"td-modal-image\">Cette ann\u00e9e, le MIQYES mesure \u00e0 la fois la sant\u00e9 des PME en 2019 ainsi que l\u2019impact de la COVID-19 sur les PME en 2020. L\u2019enqu\u00eate, qui s\u2019est d\u00e9roul\u00e9e entre le 3 ao\u00fbt et le 4 septembre 2020, a cibl\u00e9 le m\u00eame type d\u2019entreprises. Celles-ci ont employ\u00e9 de 6 \u00e0 199 salari\u00e9s. Et ce, \u00e0 travers notamment un \u00e9chantillon repr\u00e9sentatif de 500 PMEs.<\/p>\n<p>Les r\u00e9sultats et les recommandations issues de cette nouvelle \u00e9dition du MIQYES 2019-2020 serviront \u00e0 orienter les d\u00e9cisions des entreprises, du gouvernement et des partenaires au d\u00e9veloppement. Et ce, en vue de renforcer les capacit\u00e9s de r\u00e9silience et de rel\u00e8vement du secteur priv\u00e9 tunisien.<\/p>\n<p>\u00ab MIQYES\u00bb est une initiative de la CONECT, appuy\u00e9e par le PNUD dans ces trois derni\u00e8res \u00e9ditions, en partenariat avec le cabinet HLB GSAudit &amp; Advisory et conduite par l\u2019institut de sondage One to One. L\u2019objectif est de mettre la PME, sa comp\u00e9titivit\u00e9 et sa p\u00e9rennit\u00e9 au centre des priorit\u00e9s \u00e9conomiques et sociales en Tunisie.<\/p>\n<h2>Impact n\u00e9gatif suite au confinement<\/h2>\n<p>En terme d\u2019impact de la crise de la pand\u00e9mie du coronavirus sur les entreprises, \u00e0 90%, les entreprises ont subi un impact n\u00e9gatif. Et ce, suite au confinement et la pand\u00e9mie allant parfois \u00e0 un arr\u00eat total.<\/p>\n<p>Le t\u00e9l\u00e9travail peut \u00eatre compar\u00e9 \u00e0 un service minimum. Toutefois, dans les secteurs et pour les postes qui s\u2019y pr\u00eatent, il peut \u00eatre consid\u00e9r\u00e9 comme un mode de travail \u00e0 part enti\u00e8re. Ceci ne semble pas \u00eatre encore int\u00e9gr\u00e9 dans la culture des PME tunisiennes.<\/p>\n<p>En effet, \u00e0 63%, les entreprises n\u2019ont pas eu recours au t\u00e9l\u00e9travail, 27,6% y ont eu recours en partie et 8,2% ont opt\u00e9 pour le t\u00e9l\u00e9travail. La cause majeure de non utilisation du t\u00e9l\u00e9travail est un environnement professionnel inadapt\u00e9.<\/p>\n<p>En effet, l\u2019usage du t\u00e9l\u00e9travail a \u00e9t\u00e9 massif dans le secteur des services. Et ce, avec un basculement total pour 22% des PME et un usage partiel pour 33% des PME. Le t\u00e9l\u00e9travail n\u2019a pas d\u00e9pass\u00e9 les 30% chez les PME dirig\u00e9es par de jeunes entrepreneurs, toutes activit\u00e9s confondues. Seulement 0,4% des PME industrielles ont totalement opt\u00e9 pour le t\u00e9l\u00e9travail. 76% des PME industrielles n\u2019ont pas opt\u00e9, m\u00eame partiellement, pour le t\u00e9l\u00e9travail.<\/p>\n<p>Par ailleurs, 50% des entreprises ont adopt\u00e9 un comportement attentiste face \u00e0 la crise du Covid et du confinement. Le recours aux services de livraison est l\u2019action la plus g\u00e9n\u00e9ralement adopt\u00e9e pour s\u2019adapter. Seulement 10% des entreprises ont am\u00e9nag\u00e9 ou reconverti leur activit\u00e9 pour r\u00e9pondre aux besoins li\u00e9s \u00e0 la Covid-19.<\/p>\n<p>De plus, selon les r\u00e9sultats de la 4\u00e8me \u00e9dition de MIQYES, 15,8% des responsables de PME n\u2019\u00e9taient pas inform\u00e9s des mesures d\u2019assistance gouvernementale. 38,6% de l\u2019ensemble des PME n\u2019ont pas d\u00e9pos\u00e9 de demandes d\u2019assistance. Seulement 18,4% de ceux ayant d\u00e9pos\u00e9 une demande ont d\u00e9clar\u00e9 avoir r\u00e9ellement b\u00e9n\u00e9fici\u00e9 des mesures.<\/p>\n<p>Enfin, s\u2019agissant de la situation post-confinement, la moiti\u00e9 des entreprises ne disposent pas de plans de pr\u00e9paration aux crises. Elles ne comptent pas en mettre un en place. 15% des entreprises ont mis en application un plan de pr\u00e9paration aux crises.<\/p>\n<p>M.T<\/p>\n<div class=\"wp-post-author-wrap wp-post-author-shortcode left\">\n<h3 class=\"awpa-title\"\/>\n<div class=\"wp-post-author\">\n<div class=\"awpa-img awpa-author-block square\"><a href=\"http:\/\/lexpertjournal.net\/fr\/?author=5\"><img loading=\"lazy\" decoding=\"async\" alt=\"\" src=\"http:\/\/0.gravatar.com\/avatar\/97f8e10a1c1125ba104a76514ee07b16?s=150&amp;d=mm&amp;r=g\" srcset=\"http:\/\/0.gravatar.com\/avatar\/97f8e10a1c1125ba104a76514ee07b16?s=300&amp;d=mm&amp;r=g 2x\" class=\"avatar avatar-150 photo\" height=\"150\" width=\"150\"\/><\/a><\/div>\n<\/div>\n<\/div>\n<aside class=\"mashsb-container mashsb-main mashsb-stretched\">\n<\/aside>\n<p>Auteur: L&rsquo;expert<br \/>\n<a href=\"http:\/\/lexpertjournal.net\/fr\/?p=16705\">Cliquez ici pour lire l&rsquo;article depuis sa source.<\/a><\/p>\n","protected":false},"excerpt":{"rendered":"<p>En effet, en ao\u00fbt 2020, 17.6% des PME d\u00e9clarent \u00eatre encore en situation de blocage total, sans reprise d\u2019activit\u00e9 \u00e9conomique. Alors que 50,4% des PME jugent la reprise tr\u00e8s lente et pr\u00e9judiciable. Seulement 18,4% des PME d\u00e9clarant avoir formul\u00e9 une requ\u00eate ont b\u00e9n\u00e9fici\u00e9, au moment de l\u2019enqu\u00eate, des mesures de soutien gouvernementales. Et ce, en [&hellip;]<\/p>\n","protected":false},"author":1775,"featured_media":0,"comment_status":"closed","ping_status":"closed","sticky":false,"template":"","format":"standard","meta":{"fifu_image_url":"","fifu_image_alt":"","footnotes":""},"categories":[78,55],"tags":[],"class_list":["post-99725","post","type-post","status-publish","format-standard","hentry","category-economie","category-tunisie"],"_links":{"self":[{"href":"https:\/\/linitiative.ca\/International\/wp-json\/wp\/v2\/posts\/99725","targetHints":{"allow":["GET"]}}],"collection":[{"href":"https:\/\/linitiative.ca\/International\/wp-json\/wp\/v2\/posts"}],"about":[{"href":"https:\/\/linitiative.ca\/International\/wp-json\/wp\/v2\/types\/post"}],"author":[{"embeddable":true,"href":"https:\/\/linitiative.ca\/International\/wp-json\/wp\/v2\/users\/1775"}],"replies":[{"embeddable":true,"href":"https:\/\/linitiative.ca\/International\/wp-json\/wp\/v2\/comments?post=99725"}],"version-history":[{"count":0,"href":"https:\/\/linitiative.ca\/International\/wp-json\/wp\/v2\/posts\/99725\/revisions"}],"wp:attachment":[{"href":"https:\/\/linitiative.ca\/International\/wp-json\/wp\/v2\/media?parent=99725"}],"wp:term":[{"taxonomy":"category","embeddable":true,"href":"https:\/\/linitiative.ca\/International\/wp-json\/wp\/v2\/categories?post=99725"},{"taxonomy":"post_tag","embeddable":true,"href":"https:\/\/linitiative.ca\/International\/wp-json\/wp\/v2\/tags?post=99725"}],"curies":[{"name":"wp","href":"https:\/\/api.w.org\/{rel}","templated":true}]}}