{"id":99726,"date":"2020-09-23T09:58:31","date_gmt":"2020-09-23T13:58:31","guid":{"rendered":"https:\/\/linitiative.ca\/International\/miqyes-2019-la-situation-en-libye-impacte-de-moins-en-moins-la-pme-tunisienne\/"},"modified":"2020-09-23T09:58:31","modified_gmt":"2020-09-23T13:58:31","slug":"miqyes-2019-la-situation-en-libye-impacte-de-moins-en-moins-la-pme-tunisienne","status":"publish","type":"post","link":"https:\/\/linitiative.ca\/International\/miqyes-2019-la-situation-en-libye-impacte-de-moins-en-moins-la-pme-tunisienne\/","title":{"rendered":"MIQYES 2019 : la situation en Libye impacte de moins en moins la PME Tunisienne"},"content":{"rendered":"<h2>La\u00a0<a href=\"https:\/\/www.conect.org.tn\/fr\/qui-sommes-nous\" target=\"_blank\" rel=\"noopener noreferrer\">4\u00e8me\u00a0\u00e9dition<\/a>\u00a0de MIQYES, le\u00a0barom\u00e8tre de la sant\u00e9 de la PME tunisienne, \u00e9dition sp\u00e9ciale post COVID-19 a<\/h2>\n<h2>proc\u00e9d\u00e9 \u00e0 un sondage aupr\u00e8s des PME en termes Comp\u00e9titivit\u00e9 et rentabilit\u00e9.<\/h2>\n<p>L\u2019\u00e9tude de l\u2019mpact de la situation en Libye et en Alg\u00e9rie sur les PMEs Tunisiennes en 2019 montre que la situation en Libye impacte de moins en moins la\u00a0<a href=\"http:\/\/www.leconomistemaghrebin.com\/2020\/07\/09\/marouane-el-abassi-le-crowdfunding-offrira-des-financements-adaptes-aux-tpme\/\" target=\"_blank\" rel=\"noopener noreferrer\">PME Tunisienne<\/a>. L\u2019impact de la situation en Alg\u00e9rie en 2019 semble plus actuel et plus fort.<\/p>\n<p>En effet, 45,6% des entreprises sond\u00e9es ne sentent pas d\u2019impact de la situation en Libye sur leur activit\u00e9 en 2019. 17% des entreprises ont subi un impact fort de la situation dans ce pays sur leur activit\u00e9 en 2019.<\/p>\n<p>S\u2019agissant de la situation en Alg\u00e9rie et son lien sur l\u2019activit\u00e9 des entreprises en 2019, 30% des entreprises sond\u00e9es ont enregistr\u00e9 un impact fort sur leur activit\u00e9.<\/p>\n<p>En lien directe avec ces deux pays, la concurrence informelle menace les entreprises. Selon les r\u00e9sultats de l\u2019enqu\u00eate, 23,6% ne veulent pas se prononcer ou ne semblent pas du tout confront\u00e9s au march\u00e9 parall\u00e8le. En 2019, la concurrence informelle repr\u00e9sente pour 53,2% des entreprises sond\u00e9es un concurrent.<\/p>\n<p>Notons que l\u2019enqu\u00eate (MIQYES 2019 -2020), qui s\u2019est d\u00e9roul\u00e9e entre le 03 ao\u00fbt et le 04 septembre 2020, a cibl\u00e9 le m\u00eame type d\u2019entreprises employant de 6 \u00e0 199 salari\u00e9s \u00e0 travers un \u00e9chantillon repr\u00e9sentatif de 500 PMEs.<\/p>\n<p><strong>source:.leconomistemaghrebin<\/strong><\/p>\n<div class=\"wp-post-author-wrap wp-post-author-shortcode left\">\n<h3 class=\"awpa-title\"\/>\n<div class=\"wp-post-author\">\n<div class=\"awpa-img awpa-author-block square\"><a href=\"http:\/\/lexpertjournal.net\/fr\/?author=5\"><img loading=\"lazy\" decoding=\"async\" alt=\"\" src=\"http:\/\/0.gravatar.com\/avatar\/97f8e10a1c1125ba104a76514ee07b16?s=150&amp;d=mm&amp;r=g\" srcset=\"http:\/\/0.gravatar.com\/avatar\/97f8e10a1c1125ba104a76514ee07b16?s=300&amp;d=mm&amp;r=g 2x\" class=\"avatar avatar-150 photo\" height=\"150\" width=\"150\"\/><\/a><\/div>\n<\/div>\n<\/div>\n<aside class=\"mashsb-container mashsb-main mashsb-stretched\">\n<\/aside>\n<p>Auteur: L&rsquo;expert<br \/>\n<a href=\"http:\/\/lexpertjournal.net\/fr\/?p=16708\">Cliquez ici pour lire l&rsquo;article depuis sa source.<\/a><\/p>\n","protected":false},"excerpt":{"rendered":"<p>La\u00a04\u00e8me\u00a0\u00e9dition\u00a0de MIQYES, le\u00a0barom\u00e8tre de la sant\u00e9 de la PME tunisienne, \u00e9dition sp\u00e9ciale post COVID-19 a proc\u00e9d\u00e9 \u00e0 un sondage aupr\u00e8s des PME en termes Comp\u00e9titivit\u00e9 et rentabilit\u00e9. L\u2019\u00e9tude de l\u2019mpact de la situation en Libye et en Alg\u00e9rie sur les PMEs Tunisiennes en 2019 montre que la situation en Libye impacte de moins en moins [&hellip;]<\/p>\n","protected":false},"author":1775,"featured_media":0,"comment_status":"closed","ping_status":"closed","sticky":false,"template":"","format":"standard","meta":{"fifu_image_url":"","fifu_image_alt":"","footnotes":""},"categories":[78,55],"tags":[],"class_list":["post-99726","post","type-post","status-publish","format-standard","hentry","category-economie","category-tunisie"],"_links":{"self":[{"href":"https:\/\/linitiative.ca\/International\/wp-json\/wp\/v2\/posts\/99726","targetHints":{"allow":["GET"]}}],"collection":[{"href":"https:\/\/linitiative.ca\/International\/wp-json\/wp\/v2\/posts"}],"about":[{"href":"https:\/\/linitiative.ca\/International\/wp-json\/wp\/v2\/types\/post"}],"author":[{"embeddable":true,"href":"https:\/\/linitiative.ca\/International\/wp-json\/wp\/v2\/users\/1775"}],"replies":[{"embeddable":true,"href":"https:\/\/linitiative.ca\/International\/wp-json\/wp\/v2\/comments?post=99726"}],"version-history":[{"count":0,"href":"https:\/\/linitiative.ca\/International\/wp-json\/wp\/v2\/posts\/99726\/revisions"}],"wp:attachment":[{"href":"https:\/\/linitiative.ca\/International\/wp-json\/wp\/v2\/media?parent=99726"}],"wp:term":[{"taxonomy":"category","embeddable":true,"href":"https:\/\/linitiative.ca\/International\/wp-json\/wp\/v2\/categories?post=99726"},{"taxonomy":"post_tag","embeddable":true,"href":"https:\/\/linitiative.ca\/International\/wp-json\/wp\/v2\/tags?post=99726"}],"curies":[{"name":"wp","href":"https:\/\/api.w.org\/{rel}","templated":true}]}}