{"id":99728,"date":"2020-09-23T06:41:00","date_gmt":"2020-09-23T10:41:00","guid":{"rendered":"https:\/\/linitiative.ca\/International\/le-journaliste-belkacem-djir-relaxe\/"},"modified":"2020-09-23T06:41:00","modified_gmt":"2020-09-23T10:41:00","slug":"le-journaliste-belkacem-djir-relaxe","status":"publish","type":"post","link":"https:\/\/linitiative.ca\/International\/le-journaliste-belkacem-djir-relaxe\/","title":{"rendered":"Le journaliste Belkacem Djir relax\u00e9"},"content":{"rendered":"<div id=\"originalText\" readability=\"45\">\n<p>Le journaliste Belkacem Djir, a \u00e9t\u00e9 relax\u00e9, ce mercredi, par la Cour d\u2019Alger, a-t-on appris de son fr\u00e8re Mourad. Il quittera aujourd&rsquo;hui la prison d&rsquo;El Harrach apr\u00e8s plus d&rsquo;un an de d\u00e9tention.<\/p>\n<p>Pour rappel, le journaliste d\u2019Echourouk TV, a \u00e9t\u00e9 condamn\u00e9 le 28 juin dernier \u00e0 trois\u00a0ans de prison ferme, par le tribunal de Bir Mourad-Ra\u00efs (Alger). Il \u00e9tait poursuivi pour \u00ab\u00a0usurpation d&rsquo;identit\u00e9 et chantage sur personnes\u00a0\u00bb.<\/p>\n<p class=\"c6\"><strong>R\u00e9daction Web<\/strong><\/p>\n<\/div>\n<div id=\"text_core\" readability=\"45\">\n<p>Le journaliste Belkacem Djir, a \u00e9t\u00e9 relax\u00e9, ce mercredi, par la Cour d\u2019Alger, a-t-on appris de son fr\u00e8re Mourad. Il quittera aujourd&rsquo;hui la prison d&rsquo;El Harrach apr\u00e8s plus d&rsquo;un an de d\u00e9tention.<\/p>\n<p>Pour rappel, le journaliste d\u2019Echourouk TV, a \u00e9t\u00e9 condamn\u00e9 le 28 juin dernier \u00e0 trois\u00a0ans de prison ferme, par le tribunal de Bir Mourad-Ra\u00efs (Alger). Il \u00e9tait poursuivi pour \u00ab\u00a0usurpation d&rsquo;identit\u00e9 et chantage sur personnes\u00a0\u00bb.<\/p>\n<p class=\"c6\"><strong>R\u00e9daction Web<\/strong><\/p>\n<\/div>\n<p>Auteur:<br \/>\n<a href=\"https:\/\/www.liberte-algerie.com\/actualite\/le-journaliste-belkacem-djir-relaxe-346062\">Cliquez ici pour lire l&rsquo;article depuis sa source.<\/a><\/p>\n","protected":false},"excerpt":{"rendered":"<p>Le journaliste Belkacem Djir, a \u00e9t\u00e9 relax\u00e9, ce mercredi, par la Cour d\u2019Alger, a-t-on appris de son fr\u00e8re Mourad. Il quittera aujourd&rsquo;hui la prison d&rsquo;El Harrach apr\u00e8s plus d&rsquo;un an de d\u00e9tention. Pour rappel, le journaliste d\u2019Echourouk TV, a \u00e9t\u00e9 condamn\u00e9 le 28 juin dernier \u00e0 trois\u00a0ans de prison ferme, par le tribunal de Bir [&hellip;]<\/p>\n","protected":false},"author":1742,"featured_media":0,"comment_status":"closed","ping_status":"closed","sticky":false,"template":"","format":"standard","meta":{"fifu_image_url":"","fifu_image_alt":"","footnotes":""},"categories":[73,53],"tags":[],"class_list":["post-99728","post","type-post","status-publish","format-standard","hentry","category-actualite","category-algerie"],"_links":{"self":[{"href":"https:\/\/linitiative.ca\/International\/wp-json\/wp\/v2\/posts\/99728","targetHints":{"allow":["GET"]}}],"collection":[{"href":"https:\/\/linitiative.ca\/International\/wp-json\/wp\/v2\/posts"}],"about":[{"href":"https:\/\/linitiative.ca\/International\/wp-json\/wp\/v2\/types\/post"}],"author":[{"embeddable":true,"href":"https:\/\/linitiative.ca\/International\/wp-json\/wp\/v2\/users\/1742"}],"replies":[{"embeddable":true,"href":"https:\/\/linitiative.ca\/International\/wp-json\/wp\/v2\/comments?post=99728"}],"version-history":[{"count":0,"href":"https:\/\/linitiative.ca\/International\/wp-json\/wp\/v2\/posts\/99728\/revisions"}],"wp:attachment":[{"href":"https:\/\/linitiative.ca\/International\/wp-json\/wp\/v2\/media?parent=99728"}],"wp:term":[{"taxonomy":"category","embeddable":true,"href":"https:\/\/linitiative.ca\/International\/wp-json\/wp\/v2\/categories?post=99728"},{"taxonomy":"post_tag","embeddable":true,"href":"https:\/\/linitiative.ca\/International\/wp-json\/wp\/v2\/tags?post=99728"}],"curies":[{"name":"wp","href":"https:\/\/api.w.org\/{rel}","templated":true}]}}