{"id":99731,"date":"2020-09-23T07:45:00","date_gmt":"2020-09-23T11:45:00","guid":{"rendered":"https:\/\/linitiative.ca\/International\/la-omra-reprendra-a-partir-du-4-octobre\/"},"modified":"2020-09-23T07:45:00","modified_gmt":"2020-09-23T11:45:00","slug":"la-omra-reprendra-a-partir-du-4-octobre","status":"publish","type":"post","link":"https:\/\/linitiative.ca\/International\/la-omra-reprendra-a-partir-du-4-octobre\/","title":{"rendered":"La Omra reprendra \u00e0 partir du 4 octobre"},"content":{"rendered":"<div id=\"originalText\" readability=\"71\">\n<p>Suspendue depuis mars en raison du Covid-19, la Omra va progressivement reprendre \u00e0 partir du 4 octobre, a annonc\u00e9 mardi le ministre saoudien de l&rsquo;Int\u00e9rieur.<\/p>\n<p>Dans une premi\u00e8re \u00e9tape, \u00ab\u00a06.000 citoyens (saoudiens) et r\u00e9sidents (\u00e9trangers) du royaume seront autoris\u00e9s chaque jour \u00e0 faire la Omra, \u00e0 partir du 4 octobre\u00a0\u00bb, indique le minist\u00e8re dans un communiqu\u00e9 publi\u00e9 par l&rsquo;agence de presse officielle saoudienne SPA.<\/p>\n<p>Les musulmans venant de l&rsquo;\u00e9tranger seront, eux, autoris\u00e9s \u00e0 partir du 1er\u00a0novembre, quand le nombre de p\u00e8lerins admis s&rsquo;\u00e9l\u00e8vera \u00e0 20.000 par jour, ajoute le minist\u00e8re.<\/p>\n<p>La d\u00e9cision de reprendre l&rsquo;Omra a \u00e9t\u00e9 prise pour r\u00e9pondre aux v\u0153ux\u00a0\u00ab\u00a0des musulmans du pays et de l&rsquo;\u00e9tranger\u00a0\u00bb de pouvoir se rendre dans leurs lieux saints, a d\u00e9clar\u00e9 le minist\u00e8re de l&rsquo;Int\u00e9rieur.<\/p>\n<p>La mesure concerne les deux villes saintes de La Mecque et de M\u00e9dine, les deux premiers lieux saints de l&rsquo;islam.<\/p>\n<p>L&rsquo;Arabie saoudite avait suspendu \u00ab\u00a0temporairement\u00a0\u00bb d\u00e9but mars la Omra,\u00a0il s&rsquo;agissait d&rsquo;une mesure in\u00e9dite destin\u00e9e \u00e0 pr\u00e9venir la propagation du nouveau coronavirus. Les autorit\u00e9s avaient \u00e9galement d\u00e9cid\u00e9 de revoir \u00e0 la baisse le Hajj, pr\u00e9vu cette ann\u00e9e entre fin juillet et d\u00e9but ao\u00fbt.<\/p>\n<p>Seuls une dizaine de milliers de fid\u00e8les, r\u00e9sidant en Arabie saoudite, ont pu effectuer ce grand p\u00e8lerinage, contre quelque 2,5 millions de participants venus du monde entier en 2019.<\/p>\n<p class=\"c6\"><strong>R\u00e9daction Web<\/strong><\/p>\n<\/div>\n<div id=\"text_core\" readability=\"71\">\n<p>Suspendue depuis mars en raison du Covid-19, la Omra va progressivement reprendre \u00e0 partir du 4 octobre, a annonc\u00e9 mardi le ministre saoudien de l&rsquo;Int\u00e9rieur.<\/p>\n<p>Dans une premi\u00e8re \u00e9tape, \u00ab\u00a06.000 citoyens (saoudiens) et r\u00e9sidents (\u00e9trangers) du royaume seront autoris\u00e9s chaque jour \u00e0 faire la Omra, \u00e0 partir du 4 octobre\u00a0\u00bb, indique le minist\u00e8re dans un communiqu\u00e9 publi\u00e9 par l&rsquo;agence de presse officielle saoudienne SPA.<\/p>\n<p>Les musulmans venant de l&rsquo;\u00e9tranger seront, eux, autoris\u00e9s \u00e0 partir du 1er\u00a0novembre, quand le nombre de p\u00e8lerins admis s&rsquo;\u00e9l\u00e8vera \u00e0 20.000 par jour, ajoute le minist\u00e8re.<\/p>\n<p>La d\u00e9cision de reprendre l&rsquo;Omra a \u00e9t\u00e9 prise pour r\u00e9pondre aux v\u0153ux\u00a0\u00ab\u00a0des musulmans du pays et de l&rsquo;\u00e9tranger\u00a0\u00bb de pouvoir se rendre dans leurs lieux saints, a d\u00e9clar\u00e9 le minist\u00e8re de l&rsquo;Int\u00e9rieur.<\/p>\n<p>La mesure concerne les deux villes saintes de La Mecque et de M\u00e9dine, les deux premiers lieux saints de l&rsquo;islam.<\/p>\n<p>L&rsquo;Arabie saoudite avait suspendu \u00ab\u00a0temporairement\u00a0\u00bb d\u00e9but mars la Omra,\u00a0il s&rsquo;agissait d&rsquo;une mesure in\u00e9dite destin\u00e9e \u00e0 pr\u00e9venir la propagation du nouveau coronavirus. Les autorit\u00e9s avaient \u00e9galement d\u00e9cid\u00e9 de revoir \u00e0 la baisse le Hajj, pr\u00e9vu cette ann\u00e9e entre fin juillet et d\u00e9but ao\u00fbt.<\/p>\n<p>Seuls une dizaine de milliers de fid\u00e8les, r\u00e9sidant en Arabie saoudite, ont pu effectuer ce grand p\u00e8lerinage, contre quelque 2,5 millions de participants venus du monde entier en 2019.<\/p>\n<p class=\"c6\"><strong>R\u00e9daction Web<\/strong><\/p>\n<\/div>\n<p>Auteur:<br \/>\n<a href=\"https:\/\/www.liberte-algerie.com\/actualite\/la-omra-reprendra-a-partir-du-4-octobre-346065\">Cliquez ici pour lire l&rsquo;article depuis sa source.<\/a><\/p>\n","protected":false},"excerpt":{"rendered":"<p>Suspendue depuis mars en raison du Covid-19, la Omra va progressivement reprendre \u00e0 partir du 4 octobre, a annonc\u00e9 mardi le ministre saoudien de l&rsquo;Int\u00e9rieur. Dans une premi\u00e8re \u00e9tape, \u00ab\u00a06.000 citoyens (saoudiens) et r\u00e9sidents (\u00e9trangers) du royaume seront autoris\u00e9s chaque jour \u00e0 faire la Omra, \u00e0 partir du 4 octobre\u00a0\u00bb, indique le minist\u00e8re dans un [&hellip;]<\/p>\n","protected":false},"author":1742,"featured_media":0,"comment_status":"closed","ping_status":"closed","sticky":false,"template":"","format":"standard","meta":{"fifu_image_url":"","fifu_image_alt":"","footnotes":""},"categories":[73,53],"tags":[],"class_list":["post-99731","post","type-post","status-publish","format-standard","hentry","category-actualite","category-algerie"],"_links":{"self":[{"href":"https:\/\/linitiative.ca\/International\/wp-json\/wp\/v2\/posts\/99731","targetHints":{"allow":["GET"]}}],"collection":[{"href":"https:\/\/linitiative.ca\/International\/wp-json\/wp\/v2\/posts"}],"about":[{"href":"https:\/\/linitiative.ca\/International\/wp-json\/wp\/v2\/types\/post"}],"author":[{"embeddable":true,"href":"https:\/\/linitiative.ca\/International\/wp-json\/wp\/v2\/users\/1742"}],"replies":[{"embeddable":true,"href":"https:\/\/linitiative.ca\/International\/wp-json\/wp\/v2\/comments?post=99731"}],"version-history":[{"count":0,"href":"https:\/\/linitiative.ca\/International\/wp-json\/wp\/v2\/posts\/99731\/revisions"}],"wp:attachment":[{"href":"https:\/\/linitiative.ca\/International\/wp-json\/wp\/v2\/media?parent=99731"}],"wp:term":[{"taxonomy":"category","embeddable":true,"href":"https:\/\/linitiative.ca\/International\/wp-json\/wp\/v2\/categories?post=99731"},{"taxonomy":"post_tag","embeddable":true,"href":"https:\/\/linitiative.ca\/International\/wp-json\/wp\/v2\/tags?post=99731"}],"curies":[{"name":"wp","href":"https:\/\/api.w.org\/{rel}","templated":true}]}}