{"id":99733,"date":"2020-09-22T17:01:04","date_gmt":"2020-09-22T21:01:04","guid":{"rendered":"https:\/\/linitiative.ca\/International\/campagne-de-depistage-dans-des-internats-des-etablissements-scolaires\/"},"modified":"2020-09-22T17:01:04","modified_gmt":"2020-09-22T21:01:04","slug":"campagne-de-depistage-dans-des-internats-des-etablissements-scolaires","status":"publish","type":"post","link":"https:\/\/linitiative.ca\/International\/campagne-de-depistage-dans-des-internats-des-etablissements-scolaires\/","title":{"rendered":"Campagne de d\u00e9pistage dans des internats des \u00e9tablissements scolaires"},"content":{"rendered":"<div class=\"single-featured\"><img alt=\"\" data-src=\"http:\/\/www.mapmarrakech.ma\/map\/uploads\/2020\/09\/d&#xE9;pistage-rehamna-copier.jpg\"\/><\/div>\n<div class=\"single-post-excerpt post-excerpt-bc\" readability=\"34\">\n<p>Benguerir (province de Rehamna) \u2013 Une campagne m\u00e9dicale pour le d\u00e9pistage des cas suspects de Covid-19 a \u00e9t\u00e9 lanc\u00e9e lundi dans la province de Rehamna au profit des \u00e9l\u00e8ves des internats des \u00e9tablissements scolaires du secondaire coll\u00e9gial et qualifiant.<\/p>\n<\/div>\n<div class=\"entry-content clearfix single-post-content\" readability=\"60\">\n<p>Organis\u00e9e par la D\u00e9l\u00e9gation provinciale de la sant\u00e9 \u00e0 Rehamna en partenariat avec l\u2019Association des m\u00e9decins, pharmaciens et dentistes de Rehamna, la Direction provinciale de l\u2019\u00e9ducation nationale et le Croissant Rouge Marocain (CRM), cette op\u00e9ration proactive vise \u00e0 d\u00e9pister les cas suspects de Covid-19 parmi les \u00e9l\u00e8ves avant que ces derniers n\u2019acc\u00e8dent aux internats et \u00e9viter ainsi la propagation de la pand\u00e9mie, et ce conform\u00e9ment au protocole sanitaire adopt\u00e9 par le minist\u00e8re de l\u2019\u00e9ducation nationale et le minist\u00e8re de la sant\u00e9.<\/p>\n<p>Lors de la premi\u00e8re journ\u00e9e, quelques 237 d\u00e9pistages ont \u00e9t\u00e9 effectu\u00e9s \u00e0 Benguerir, 104 \u00e0 Al Brikiyine, 72 \u00e0 Nzalat La\u00e2dam, 72 au Skhour des Rehamna, 50 \u00e0 Ras Al Ain et 27 \u00e0 Sidi Bouiker sans enregistrer aucun cas suspect.<\/p>\n<p>La campagne sillonnera prochainement les autres communes de la province qui sont dot\u00e9es d\u2019internats, dont Jaidat, Jaafra, Bouchane, Labrikiyine, Ras El Ain et Sidi Bouothmane.<\/p>\n<p>Cette campagne est encadr\u00e9e par des m\u00e9decins du secteur priv\u00e9 et public qui participent aux c\u00f4t\u00e9s de ceux de la D\u00e9l\u00e9gation provinciale dans une initiative visant \u00e0 d\u00e9pister les cas suspects de Covid-19 parmi les \u00e9l\u00e8ves des \u00e9tablissements scolaires.<\/p>\n<\/div>\n<p>Auteur: Meriem IGASS<br \/>\n<a href=\"http:\/\/www.mapmarrakech.ma\/fr\/campagne-de-depistage-dans-des-internats-des-etablissements-scolaires\/\">Cliquez ici pour lire l&rsquo;article depuis sa source.<\/a><\/p>\n","protected":false},"excerpt":{"rendered":"<p>Benguerir (province de Rehamna) \u2013 Une campagne m\u00e9dicale pour le d\u00e9pistage des cas suspects de Covid-19 a \u00e9t\u00e9 lanc\u00e9e lundi dans la province de Rehamna au profit des \u00e9l\u00e8ves des internats des \u00e9tablissements scolaires du secondaire coll\u00e9gial et qualifiant. Organis\u00e9e par la D\u00e9l\u00e9gation provinciale de la sant\u00e9 \u00e0 Rehamna en partenariat avec l\u2019Association des m\u00e9decins, [&hellip;]<\/p>\n","protected":false},"author":1788,"featured_media":99734,"comment_status":"closed","ping_status":"closed","sticky":false,"template":"","format":"standard","meta":{"fifu_image_url":"","fifu_image_alt":"","footnotes":""},"categories":[54,76],"tags":[],"class_list":["post-99733","post","type-post","status-publish","format-standard","has-post-thumbnail","hentry","category-maroc","category-regions"],"_links":{"self":[{"href":"https:\/\/linitiative.ca\/International\/wp-json\/wp\/v2\/posts\/99733","targetHints":{"allow":["GET"]}}],"collection":[{"href":"https:\/\/linitiative.ca\/International\/wp-json\/wp\/v2\/posts"}],"about":[{"href":"https:\/\/linitiative.ca\/International\/wp-json\/wp\/v2\/types\/post"}],"author":[{"embeddable":true,"href":"https:\/\/linitiative.ca\/International\/wp-json\/wp\/v2\/users\/1788"}],"replies":[{"embeddable":true,"href":"https:\/\/linitiative.ca\/International\/wp-json\/wp\/v2\/comments?post=99733"}],"version-history":[{"count":0,"href":"https:\/\/linitiative.ca\/International\/wp-json\/wp\/v2\/posts\/99733\/revisions"}],"wp:featuredmedia":[{"embeddable":true,"href":"https:\/\/linitiative.ca\/International\/wp-json\/"}],"wp:attachment":[{"href":"https:\/\/linitiative.ca\/International\/wp-json\/wp\/v2\/media?parent=99733"}],"wp:term":[{"taxonomy":"category","embeddable":true,"href":"https:\/\/linitiative.ca\/International\/wp-json\/wp\/v2\/categories?post=99733"},{"taxonomy":"post_tag","embeddable":true,"href":"https:\/\/linitiative.ca\/International\/wp-json\/wp\/v2\/tags?post=99733"}],"curies":[{"name":"wp","href":"https:\/\/api.w.org\/{rel}","templated":true}]}}