{"id":99735,"date":"2020-09-22T19:01:07","date_gmt":"2020-09-22T23:01:07","guid":{"rendered":"https:\/\/linitiative.ca\/International\/coup-denvoi-du-19e-festival-national-dal-aita-organise-a-distance\/"},"modified":"2020-09-22T19:01:07","modified_gmt":"2020-09-22T23:01:07","slug":"coup-denvoi-du-19e-festival-national-dal-aita-organise-a-distance","status":"publish","type":"post","link":"https:\/\/linitiative.ca\/International\/coup-denvoi-du-19e-festival-national-dal-aita-organise-a-distance\/","title":{"rendered":"Coup d\u2019envoi du 19\u00e8 festival national d\u2019Al-Aita organis\u00e9 \u00e0 distance"},"content":{"rendered":"<div readability=\"36\">\n<p>Safi \u2013 Le coup d\u2019envoi du 19\u00e8 Festival national d\u2019Al- Aita, une \u00e9dition organis\u00e9e \u00e0 distance cette ann\u00e9e, en raison de la propagation de la pand\u00e9mie de la Covid-19, a \u00e9t\u00e9 donn\u00e9 mardi.<\/p>\n<\/div>\n<div readability=\"121\">\n<p>La c\u00e9r\u00e9monie d\u2019ouverture de cette manifestation culturelle et artistique a \u00e9t\u00e9 marqu\u00e9e par une pr\u00e9sentation sur cet art ancestral, ses racines historiques et ses diff\u00e9rents genres et styles diss\u00e9min\u00e9s \u00e0 travers le Royaume.<\/p>\n<p>Des t\u00e9moignages d\u2019acteurs associatifs, de pionniers de ce genre artistique et des enseignants chercheurs du patrimoine ont mis en exergue le r\u00f4le de ce festival dans la pr\u00e9servation et la promotion de cet art, qui repr\u00e9sente l\u2019une des composantes essentielles du patrimoine immat\u00e9riel riche et vari\u00e9 du Royaume.<\/p>\n<p>Dans une allocution \u00e0 cette occasion, le directeur r\u00e9gional de la Culture \u00e0 Marrakech-Safi, Azouz Boujamid, a mis en relief la position \u00e9minente de ce festival dans la carte nationale des manifestations culturelles organis\u00e9es par le minist\u00e8re de tutelle, tout en mettant l\u2019accent sur la richesse du patrimoine culturel immat\u00e9riel dans la province de Safi et au Maroc en g\u00e9n\u00e9ral.<\/p>\n<p>Dans ce cadre, il a soulign\u00e9 que l\u2019organisation \u00e0 distance de ce festival a \u00e9t\u00e9 dict\u00e9e par cette conjoncture exceptionnelle que traverse le Royaume en raison de la pand\u00e9mie du coronavirus, ainsi que par le souci de respecter scrupuleusement, les mesures pr\u00e9ventives adopt\u00e9es par les autorit\u00e9s comp\u00e9tentes.<\/p>\n<p>Dans ce contexte, il a not\u00e9 que cette 19\u00e8 \u00e9dition a recours aux nouvelles technologies de communication pour garantir une diffusion tr\u00e8s large de ce legs artistique, aussi bien sur le territoire national qu\u2019\u00e0 l\u2019\u00e9tranger, et d\u2019engager un dialogue culturel et interculturel efficace \u00e0 m\u00eame de permettre la recherche des racines du pass\u00e9 de cet art pour les projeter sur les besoins du pr\u00e9sent et les exigences du futur.<\/p>\n<p>M.Boujamid a, en outre, mis l\u2019accent sur la n\u00e9cessit\u00e9 de mettre en place une strat\u00e9gie \u00e0 m\u00eame de pr\u00e9server et de promouvoir cet art ancestral dans ses diff\u00e9rentes formes.<\/p>\n<p>Organis\u00e9e par la direction provinciale de la Culture de Safi avec le soutien de la Direction r\u00e9gionale de la culture de la r\u00e9gion Marrakech-Safi, la 19\u00e8 \u00e9dition du festival national d\u2019Al- Aita vise \u00e0 maintenir l\u2019action culturelle et sa continuit\u00e9 dans la Cit\u00e9 de l\u2019Oc\u00e9an et de mettre le point sur l\u2019importance de la promotion et la valorisation de cet art, en tenant compte de la richesse de ses styles.<\/p>\n<p>Il s\u2019agit \u00e9galement de faire valoir son r\u00f4le dans la pr\u00e9servation et la valorisation du patrimoine immat\u00e9riel en tant que composante d\u2019un syst\u00e8me int\u00e9gr\u00e9 de d\u00e9veloppement \u00e9conomique et social, ce qui participe \u00e0 la pr\u00e9servation des composantes du patrimoine musical dans sa particularit\u00e9 r\u00e9gionale tant au niveau de la qualit\u00e9 de la recherche que de la documentation.<\/p>\n<p>Les organisateurs ont concoct\u00e9 un programme riche et vari\u00e9 en d\u00e9pit de la conjoncture exceptionnelle que traverse le Maroc et le monde.<\/p>\n<p>Ainsi, le\u00a0festival tentera de relater les moments les plus forts des pr\u00e9c\u00e9dentes \u00e9ditions.<\/p>\n<p>Cette nouvelle \u00e9dition est l\u2019occasion \u00e9galement de diffuser les performances des groupes de jeunes qui ont particip\u00e9 au concours de l\u2019Aita qui a eu lieu du 21 juillet au 5 septembre 2020 et dont l\u2019objectif consiste, entre autres, \u00e0 assurer la p\u00e9rennit\u00e9 de cette expression artistique \u00e0 travers les g\u00e9n\u00e9rations et la pr\u00e9servation de ce patrimoine artistique ancestral, en encourageant les jeunes \u00e0 porter le flambeau de cet art.<\/p>\n<p>Ainsi, des artistes seront invit\u00e9s \u00e0 exposer et \u00e0 mettre en lumi\u00e8re leurs exp\u00e9riences et cr\u00e9ations.<\/p>\n<p>Au menu de cette manifestation \u00e9clectique figurent \u00e9galement l\u2019organisation d\u2019une conf\u00e9rence autour de la th\u00e9matique : \u00ab\u00a0Une pause de r\u00e9flexion sur le festival d\u2019Al- Aita\u00a0\u00bb, avec la participation attendue d\u2019un ar\u00e9opage de professeurs et d\u2019experts dans le domaine.<\/p>\n<p>Les festivaliers seront, en outre, au rendez-vous avec une seconde conf\u00e9rence sur \u00ab\u00a0Al- Aita et son ouverture sur les musiques du Monde\u00a0\u00bb, avec la participation d\u2019un certain nombre d\u2019artistes confirm\u00e9s jouissant d\u2019une grande notori\u00e9t\u00e9 artistique au niveau international.<\/p>\n<p>Deux Masters-Class sont \u00e9galement pr\u00e9vus, dont le premier porte sur \u00ab\u00a0l\u2019anthologie d\u2019Al- Aita\u00a0\u00bb avec l\u2019artiste Ibrahim El Mzanad, et le second porte sur \u00ab\u00a0la mondialisation d\u2019Al-Aita avec l\u2019artiste Sakina Fahsi.<\/p>\n<\/div>\n<p>Auteur: Meriem IGASS<br \/>\n<a href=\"http:\/\/www.mapmarrakech.ma\/fr\/coup-denvoi-du-19e-festival-national-dal-aita-organise-a-distance\/\">Cliquez ici pour lire l&rsquo;article depuis sa source.<\/a><\/p>\n","protected":false},"excerpt":{"rendered":"<p>Safi \u2013 Le coup d\u2019envoi du 19\u00e8 Festival national d\u2019Al- Aita, une \u00e9dition organis\u00e9e \u00e0 distance cette ann\u00e9e, en raison de la propagation de la pand\u00e9mie de la Covid-19, a \u00e9t\u00e9 donn\u00e9 mardi. La c\u00e9r\u00e9monie d\u2019ouverture de cette manifestation culturelle et artistique a \u00e9t\u00e9 marqu\u00e9e par une pr\u00e9sentation sur cet art ancestral, ses racines historiques [&hellip;]<\/p>\n","protected":false},"author":1788,"featured_media":0,"comment_status":"closed","ping_status":"closed","sticky":false,"template":"","format":"standard","meta":{"fifu_image_url":"","fifu_image_alt":"","footnotes":""},"categories":[54,76],"tags":[],"class_list":["post-99735","post","type-post","status-publish","format-standard","hentry","category-maroc","category-regions"],"_links":{"self":[{"href":"https:\/\/linitiative.ca\/International\/wp-json\/wp\/v2\/posts\/99735","targetHints":{"allow":["GET"]}}],"collection":[{"href":"https:\/\/linitiative.ca\/International\/wp-json\/wp\/v2\/posts"}],"about":[{"href":"https:\/\/linitiative.ca\/International\/wp-json\/wp\/v2\/types\/post"}],"author":[{"embeddable":true,"href":"https:\/\/linitiative.ca\/International\/wp-json\/wp\/v2\/users\/1788"}],"replies":[{"embeddable":true,"href":"https:\/\/linitiative.ca\/International\/wp-json\/wp\/v2\/comments?post=99735"}],"version-history":[{"count":0,"href":"https:\/\/linitiative.ca\/International\/wp-json\/wp\/v2\/posts\/99735\/revisions"}],"wp:attachment":[{"href":"https:\/\/linitiative.ca\/International\/wp-json\/wp\/v2\/media?parent=99735"}],"wp:term":[{"taxonomy":"category","embeddable":true,"href":"https:\/\/linitiative.ca\/International\/wp-json\/wp\/v2\/categories?post=99735"},{"taxonomy":"post_tag","embeddable":true,"href":"https:\/\/linitiative.ca\/International\/wp-json\/wp\/v2\/tags?post=99735"}],"curies":[{"name":"wp","href":"https:\/\/api.w.org\/{rel}","templated":true}]}}