{"id":99736,"date":"2020-09-23T11:10:00","date_gmt":"2020-09-23T15:10:00","guid":{"rendered":"https:\/\/linitiative.ca\/International\/rentree-scolaire-reunion-avec-les-associations-des-parents-deleves\/"},"modified":"2020-09-23T11:10:00","modified_gmt":"2020-09-23T15:10:00","slug":"rentree-scolaire-reunion-avec-les-associations-des-parents-deleves","status":"publish","type":"post","link":"https:\/\/linitiative.ca\/International\/rentree-scolaire-reunion-avec-les-associations-des-parents-deleves\/","title":{"rendered":"Rentr\u00e9e scolaire: R\u00e9union avec les associations des parents d\u2019\u00e9l\u00e8ves"},"content":{"rendered":"<div readability=\"37\">\n<p>Essaouira \u2013 Les diff\u00e9rentes \u00e9tapes du d\u00e9roulement de la rentr\u00e9e scolaire 2020-2021 \u00e0 Essaouira ont \u00e9t\u00e9 au centre d\u2019une r\u00e9union de concertation tenue, r\u00e9cemment dans la Cit\u00e9 des Aliz\u00e9s, entre la Direction Provinciale de l\u2019Education nationale et les repr\u00e9sentants des associations des parents et tuteurs d\u2019\u00e9l\u00e8ves.<\/p>\n<\/div>\n<div readability=\"86\">\n<p>Pr\u00e9sid\u00e9e par le Directeur Provincial de l\u2019Education nationale, M. Nouredine El Aoufi Laghzaoui, cette r\u00e9union\u00a0s\u2019inscrit dans le cadre du processus de gestion participative de la chose \u00e9ducative pr\u00f4n\u00e9e par la Direction, notamment des diff\u00e9rentes op\u00e9rations de la rentr\u00e9e scolaire dans le contexte de l\u2019actuelle crise sanitaire induite par la propagation de la pand\u00e9mie de la Covid-19.<\/p>\n<p>A l\u2019ordre du jour de cette rencontre, \u00e0 laquelle ont pris part les repr\u00e9sentants des bureaux provinciaux de la Ligue r\u00e9gionale des associations des parents d\u2019\u00e9l\u00e8ves et de la F\u00e9d\u00e9ration nationale des associations des parents et tuteurs d\u2019\u00e9l\u00e8ves, figurait le bilan de d\u00e9clinaison des mesures p\u00e9dagogiques, administratives et sanitaires lors de l\u2019actuelle rentr\u00e9e scolaire.<\/p>\n<p>A cette occasion, M. Laghzaoui a pass\u00e9 en revue les efforts louables d\u00e9ploy\u00e9s par l\u2019ensemble des \u00e9tablissements scolaires de la province afin d\u2019\u00eatre \u00e0 l\u2019heure de la rentr\u00e9e scolaire qui fut, a-t-il soulign\u00e9, une grande r\u00e9ussite.<\/p>\n<p>Il a, par ailleurs, mis en avant la strat\u00e9gie d\u2019intervention mise en \u0153uvre dans le cadre d\u2019une gestion territoriale et diff\u00e9renci\u00e9e des diff\u00e9rentes situations p\u00e9dagogiques et sanitaires.<\/p>\n<p>Le Directeur provincial a \u00e9galement \u00e9voqu\u00e9 les mesures pr\u00e9ventives prises pour la lutte contre la Covid-19 au sein des \u00e9tablissements scolaires, les modes d\u2019enseignement adopt\u00e9s dans la province, ainsi que la question des internats, tout en mettant en relief les mesures rigoureuses prises en vue d\u2019accueillir les \u00e9l\u00e8ves internes dans le strict respect des normes qui concilient les volets social, p\u00e9dagogique et sanitaire.<\/p>\n<p>Sur le plan sanitaire, il a fait savoir qu\u2019un un programme de d\u00e9pistage par \u00e9chantillonnage a \u00e9t\u00e9 entam\u00e9 en \u00e9troite collaboration avec la D\u00e9l\u00e9gation provinciale de la Sant\u00e9, pr\u00e9cisant que cette op\u00e9ration cible en premier lieu le staff administratif et technique des internats.<\/p>\n<p>Abordant l\u2019examen r\u00e9gional de la premi\u00e8re ann\u00e9e du baccalaur\u00e9at, M. Laghzaoui a pass\u00e9 en revue les mesures prises en vue d\u2019assurer l\u2019organisation de ces \u00e9preuves dans de bonnes conditions.<\/p>\n<p>De leur c\u00f4t\u00e9, les repr\u00e9sentants des associations des parents et tuteurs d\u2019\u00e9l\u00e8ves ont saisi l\u2019occasion pour r\u00e9it\u00e9rer leur engagement en faveur de la mise en synergie de tous leurs moyens, afin de faire aboutir toutes les op\u00e9rations entreprises par la Direction provinciale de l\u2019Education nationale \u00e0 Essaouira, dont les commissions de suivi et d\u2019accompagnement qui sillonnent les \u00e9tablissements scolaires de la province depuis le d\u00e9but du mois de septembre.<\/p>\n<\/div>\n<p>Auteur: Meriem IGASS<br \/>\n<a href=\"http:\/\/www.mapmarrakech.ma\/fr\/rentree-scolaire-reunion-avec-les-associations-des-parents-deleves\/\">Cliquez ici pour lire l&rsquo;article depuis sa source.<\/a><\/p>\n","protected":false},"excerpt":{"rendered":"<p>Essaouira \u2013 Les diff\u00e9rentes \u00e9tapes du d\u00e9roulement de la rentr\u00e9e scolaire 2020-2021 \u00e0 Essaouira ont \u00e9t\u00e9 au centre d\u2019une r\u00e9union de concertation tenue, r\u00e9cemment dans la Cit\u00e9 des Aliz\u00e9s, entre la Direction Provinciale de l\u2019Education nationale et les repr\u00e9sentants des associations des parents et tuteurs d\u2019\u00e9l\u00e8ves. Pr\u00e9sid\u00e9e par le Directeur Provincial de l\u2019Education nationale, M. [&hellip;]<\/p>\n","protected":false},"author":1788,"featured_media":0,"comment_status":"closed","ping_status":"closed","sticky":false,"template":"","format":"standard","meta":{"fifu_image_url":"","fifu_image_alt":"","footnotes":""},"categories":[54,76],"tags":[],"class_list":["post-99736","post","type-post","status-publish","format-standard","hentry","category-maroc","category-regions"],"_links":{"self":[{"href":"https:\/\/linitiative.ca\/International\/wp-json\/wp\/v2\/posts\/99736","targetHints":{"allow":["GET"]}}],"collection":[{"href":"https:\/\/linitiative.ca\/International\/wp-json\/wp\/v2\/posts"}],"about":[{"href":"https:\/\/linitiative.ca\/International\/wp-json\/wp\/v2\/types\/post"}],"author":[{"embeddable":true,"href":"https:\/\/linitiative.ca\/International\/wp-json\/wp\/v2\/users\/1788"}],"replies":[{"embeddable":true,"href":"https:\/\/linitiative.ca\/International\/wp-json\/wp\/v2\/comments?post=99736"}],"version-history":[{"count":0,"href":"https:\/\/linitiative.ca\/International\/wp-json\/wp\/v2\/posts\/99736\/revisions"}],"wp:attachment":[{"href":"https:\/\/linitiative.ca\/International\/wp-json\/wp\/v2\/media?parent=99736"}],"wp:term":[{"taxonomy":"category","embeddable":true,"href":"https:\/\/linitiative.ca\/International\/wp-json\/wp\/v2\/categories?post=99736"},{"taxonomy":"post_tag","embeddable":true,"href":"https:\/\/linitiative.ca\/International\/wp-json\/wp\/v2\/tags?post=99736"}],"curies":[{"name":"wp","href":"https:\/\/api.w.org\/{rel}","templated":true}]}}