{"id":99737,"date":"2020-09-23T14:03:49","date_gmt":"2020-09-23T18:03:49","guid":{"rendered":"https:\/\/linitiative.ca\/International\/lum6p-la-sadv-et-menara-holding-scellent-un-partenariat\/"},"modified":"2020-09-23T14:03:49","modified_gmt":"2020-09-23T18:03:49","slug":"lum6p-la-sadv-et-menara-holding-scellent-un-partenariat","status":"publish","type":"post","link":"https:\/\/linitiative.ca\/International\/lum6p-la-sadv-et-menara-holding-scellent-un-partenariat\/","title":{"rendered":"L\u2019UM6P, la SADV et MENARA Holding scellent un partenariat"},"content":{"rendered":"<div readability=\"37\">\n<p>Benguerir \u2013 L\u2019Universit\u00e9 Mohammed VI Polytechnique (UM6P), la Soci\u00e9t\u00e9 d\u2019Am\u00e9nagement et de D\u00e9veloppement Vert (SADV) et MENARA- Holding viennent de signer \u00e0 Benguerir (province de Rehamna), une convention de partenariat qui s\u2019inscrit dans le cadre des efforts d\u00e9ploy\u00e9s par les trois parties en vue de consolider le d\u00e9veloppement durable et renforcer la recherche technique.<\/p>\n<\/div>\n<div readability=\"71\">\n<p>Cette convention vise \u00e0 encourager des \u00e9tudes cibl\u00e9es et approfondies portant sur la recherche technique dans le domaine de la construction ainsi que sur la formation de nouveaux acteurs de d\u00e9veloppement, indique un communiqu\u00e9 de l\u2019UM6P, notant que cette coop\u00e9ration mobilisera un tissu acad\u00e9mique et industriel qui excelle sur le Continent dans le but de faire face aux d\u00e9fis accrus.<\/p>\n<p>Le d\u00e9veloppement de la Ville Verte Mohammed VI constitue \u00e9galement un volet important de cet accord, pr\u00e9cise la m\u00eame source, relevant que l\u2019UM6P, la SADV et MENARA Holding s\u2019engagent, de ce fait, \u00e0 travers plusieurs axes strat\u00e9giques, tels que la Recherche et le d\u00e9veloppement, la promotion immobili\u00e8re ou l\u2019am\u00e9nagement urbain, \u00e0 mettre en synergie leurs efforts et expertise afin de faire rayonner la Ville Verte de Benguerir et valoriser la r\u00e9gion.<\/p>\n<p>SADV est am\u00e9nageur d\u00e9veloppeur garant de la promotion et du d\u00e9veloppement durable du projet de la Ville Verte Mohammed VI, une ville universitaire \u00ab\u00a0Green\u00a0\u00bb et \u00ab\u00a0Smart\u00a0\u00bb de rang international, qui incarne les valeurs du d\u00e9veloppement durable et du respect de l\u2019environnement, rappelle la m\u00eame source.<\/p>\n<p>MENARA Holding, quant \u00e0 lui, est la soci\u00e9t\u00e9 m\u00e8re d\u2019un ensemble de soci\u00e9t\u00e9s filiales dont les activit\u00e9s et les m\u00e9tiers font du groupe MENARA Holding, un acteur majeur de l\u2019\u00e9conomie marocaine. Ce holding op\u00e8re dans les secteurs de l\u2019industrie du pr\u00e9fabriqu\u00e9 \u00e0 base de b\u00e9ton, de l\u2019exploitation de carri\u00e8res et du transport qui repr\u00e9sentent ses principaux m\u00e9tiers de base.<\/p>\n<p>Depuis quelques ann\u00e9es d\u00e9j\u00e0, le groupe MENARA Holding se caract\u00e9rise par sa volont\u00e9 constante d\u2019innovation pour trouver de nouvelles solutions adaptatives et de nouveaux mat\u00e9riaux.<\/p>\n<\/div>\n<p>Auteur: Meriem IGASS<br \/>\n<a href=\"http:\/\/www.mapmarrakech.ma\/fr\/lum6p-la-sadv-et-menara-holding-scellent-un-partenariat\/\">Cliquez ici pour lire l&rsquo;article depuis sa source.<\/a><\/p>\n","protected":false},"excerpt":{"rendered":"<p>Benguerir \u2013 L\u2019Universit\u00e9 Mohammed VI Polytechnique (UM6P), la Soci\u00e9t\u00e9 d\u2019Am\u00e9nagement et de D\u00e9veloppement Vert (SADV) et MENARA- Holding viennent de signer \u00e0 Benguerir (province de Rehamna), une convention de partenariat qui s\u2019inscrit dans le cadre des efforts d\u00e9ploy\u00e9s par les trois parties en vue de consolider le d\u00e9veloppement durable et renforcer la recherche technique. Cette [&hellip;]<\/p>\n","protected":false},"author":1788,"featured_media":0,"comment_status":"closed","ping_status":"closed","sticky":false,"template":"","format":"standard","meta":{"fifu_image_url":"","fifu_image_alt":"","footnotes":""},"categories":[54,76],"tags":[],"class_list":["post-99737","post","type-post","status-publish","format-standard","hentry","category-maroc","category-regions"],"_links":{"self":[{"href":"https:\/\/linitiative.ca\/International\/wp-json\/wp\/v2\/posts\/99737","targetHints":{"allow":["GET"]}}],"collection":[{"href":"https:\/\/linitiative.ca\/International\/wp-json\/wp\/v2\/posts"}],"about":[{"href":"https:\/\/linitiative.ca\/International\/wp-json\/wp\/v2\/types\/post"}],"author":[{"embeddable":true,"href":"https:\/\/linitiative.ca\/International\/wp-json\/wp\/v2\/users\/1788"}],"replies":[{"embeddable":true,"href":"https:\/\/linitiative.ca\/International\/wp-json\/wp\/v2\/comments?post=99737"}],"version-history":[{"count":0,"href":"https:\/\/linitiative.ca\/International\/wp-json\/wp\/v2\/posts\/99737\/revisions"}],"wp:attachment":[{"href":"https:\/\/linitiative.ca\/International\/wp-json\/wp\/v2\/media?parent=99737"}],"wp:term":[{"taxonomy":"category","embeddable":true,"href":"https:\/\/linitiative.ca\/International\/wp-json\/wp\/v2\/categories?post=99737"},{"taxonomy":"post_tag","embeddable":true,"href":"https:\/\/linitiative.ca\/International\/wp-json\/wp\/v2\/tags?post=99737"}],"curies":[{"name":"wp","href":"https:\/\/api.w.org\/{rel}","templated":true}]}}